{"id":30199,"date":"2026-09-01T18:45:14","date_gmt":"2026-09-01T22:45:14","guid":{"rendered":"https:\/\/aleeknews.com\/4l33k5\/2026\/09\/01\/esto-es-lo-que-debes-saber-sobre-la-psoriasis-condicion-que-afecta-a-kim-kardashian\/"},"modified":"2026-09-01T18:45:14","modified_gmt":"2026-09-01T22:45:14","slug":"esto-es-lo-que-debes-saber-sobre-la-psoriasis-condicion-que-afecta-a-kim-kardashian","status":"publish","type":"post","link":"https:\/\/aleeknews.com\/4l33k5\/2026\/09\/01\/esto-es-lo-que-debes-saber-sobre-la-psoriasis-condicion-que-afecta-a-kim-kardashian\/","title":{"rendered":"Esto es lo que debes saber sobre la psoriasis, condici\u00f3n que afecta a Kim Kardashian"},"content":{"rendered":"<div>\n<div data-fusion-lazy-id=\"f0fQYcNoHQKSGL\">\n<div class>\n<p><a href=\"https:\/\/thetrustproject.org\/\"><img decoding=\"async\" src=\"https:\/\/www.elnuevodia.com\/pf\/resources\/v2\/icons\/trust-icon.svg?d=247\"><\/a><\/p>\n<div>\n<p>Se adhiere a los criterios de The Trust Project<\/p>\n<\/div>\n<\/div>\n<div>\n<h2>Conoce 7 datos importantes sobre esta enfermedad de la piel<\/h2>\n<div>\n<p>1 de febrero de 2024 &#8211; 10:43 PM<\/p>\n<\/div>\n<div>\n<p><b>Archivo<\/b><\/p>\n<p>Esta historia fue publicada hace m\u00e1s de 2 a\u00f1os.<\/p>\n<\/div>\n<\/div>\n<\/div>\n<div data-fusion-lazy-id=\"f0fIYaQF9GLV14D\">\n<div><picture><source media=\"(max-width: 375px)\" ><source media=\"(max-width: 767px)\" ><source media=\"(max-width: 1023px)\" ><source ><\/picture><figcaption>La estrella de &#8220;reality&#8221; padece de psoriasis. <span>(Instagram)<\/span><\/figcaption><\/div>\n<div>\n<p><img decoding=\"async\" alt=\"B\u00e1rbara Sep\u00falveda N\u00fa\u00f1ez\" src=\"https:\/\/www.elnuevodia.com\/resizer\/v2\/https%3A%2F%2Fs3.amazonaws.com%2Farc-authors%2Fgfrmedia%2F3246da84-36ff-4507-8624-adbf390e685c.png?auth=107f7e6384efb56a135c0a14ab1d2e2d45e383bf020bc1339a0d3375a8c25940&#038;quality=75&#038;smart=true&#038;width=170&#038;height=147\"><\/p>\n<\/div>\n<div>\n<p>La famosa socialit\u00e9<a href=\"https:\/\/www.elnuevodia.com\/topicos\/kim-kardashian\/\" target=\"_blank\"> <b>Kim Kardashian<\/b><\/a> ha acaparado nuevamente los reflectores y titulares, esta vez, al mostrar su condici\u00f3n de<a href=\"https:\/\/www.elnuevodia.com\/suplementos\/dia-mundial-de-la-psoriasis\/\" target=\"_blank\"> <b>psoriasis<\/b><\/a>, la cual le est\u00e1 causando dolor e hinchaz\u00f3n en las piernas.<\/p>\n<\/div>\n<\/div>\n<section>\n<header><span>Popular en la Comunidad<\/span><\/header>\n<\/section>\n<\/div>\n\n    <div class=\"xs_social_share_widget xs_share_url after_content \t\tmain_content  wslu-style-1 wslu-share-box-shaped wslu-fill-colored wslu-none wslu-share-horizontal wslu-theme-font-no wslu-main_content\">\n\n\t\t\n        <ul>\n\t\t\t        <\/ul>\n    <\/div> \n","protected":false},"excerpt":{"rendered":"<p>Se adhiere a los criterios de The Trust Project Conoce 7 datos importantes sobre esta enfermedad de la piel 1 de febrero de 2024 &#8211; 10:43 PM Archivo Esta historia fue publicada hace m\u00e1s de 2 a\u00f1os. La estrella de &#8220;reality&#8221; padece de psoriasis. (Instagram) La famosa socialit\u00e9 Kim Kardashian ha acaparado nuevamente los reflectores<\/p>\n","protected":false},"author":2,"featured_media":30200,"comment_status":"open","ping_status":"open","sticky":false,"template":"","format":"standard","meta":{"om_disable_all_campaigns":false,"_monsterinsights_skip_tracking":false,"footnotes":""},"categories":[8],"tags":[],"class_list":["post-30199","post","type-post","status-publish","format-standard","has-post-thumbnail","hentry","category-salud"],"aioseo_notices":[],"_links":{"self":[{"href":"https:\/\/aleeknews.com\/4l33k5\/wp-json\/wp\/v2\/posts\/30199","targetHints":{"allow":["GET"]}}],"collection":[{"href":"https:\/\/aleeknews.com\/4l33k5\/wp-json\/wp\/v2\/posts"}],"about":[{"href":"https:\/\/aleeknews.com\/4l33k5\/wp-json\/wp\/v2\/types\/post"}],"author":[{"embeddable":true,"href":"https:\/\/aleeknews.com\/4l33k5\/wp-json\/wp\/v2\/users\/2"}],"replies":[{"embeddable":true,"href":"https:\/\/aleeknews.com\/4l33k5\/wp-json\/wp\/v2\/comments?post=30199"}],"version-history":[{"count":0,"href":"https:\/\/aleeknews.com\/4l33k5\/wp-json\/wp\/v2\/posts\/30199\/revisions"}],"wp:featuredmedia":[{"embeddable":true,"href":"https:\/\/aleeknews.com\/4l33k5\/wp-json\/wp\/v2\/media\/30200"}],"wp:attachment":[{"href":"https:\/\/aleeknews.com\/4l33k5\/wp-json\/wp\/v2\/media?parent=30199"}],"wp:term":[{"taxonomy":"category","embeddable":true,"href":"https:\/\/aleeknews.com\/4l33k5\/wp-json\/wp\/v2\/categories?post=30199"},{"taxonomy":"post_tag","embeddable":true,"href":"https:\/\/aleeknews.com\/4l33k5\/wp-json\/wp\/v2\/tags?post=30199"}],"curies":[{"name":"wp","href":"https:\/\/api.w.org\/{rel}","templated":true}]}}