{"id":30190,"date":"2026-09-01T18:45:19","date_gmt":"2026-09-01T22:45:19","guid":{"rendered":"https:\/\/aleeknews.com\/4l33k5\/2026\/09\/01\/jornada-educativa-y-clinica-dermatologica-para-celebrar-el-dia-mundial-de-la-psoriasis\/"},"modified":"2026-09-01T18:45:19","modified_gmt":"2026-09-01T22:45:19","slug":"jornada-educativa-y-clinica-dermatologica-para-celebrar-el-dia-mundial-de-la-psoriasis","status":"publish","type":"post","link":"https:\/\/aleeknews.com\/4l33k5\/2026\/09\/01\/jornada-educativa-y-clinica-dermatologica-para-celebrar-el-dia-mundial-de-la-psoriasis\/","title":{"rendered":"Jornada educativa y cl\u00ednica dermatol\u00f3gica para celebrar el D\u00eda Mundial de la Psoriasis"},"content":{"rendered":"<div>\n<div data-fusion-lazy-id=\"f0fQYcNoHQKSGL\">\n<div class>\n<p><a href=\"https:\/\/thetrustproject.org\/\"><img decoding=\"async\" src=\"https:\/\/www.elnuevodia.com\/pf\/resources\/v2\/icons\/trust-icon.svg?d=247\"><\/a><\/p>\n<div>\n<p>Noticia<\/p>\n<div>\n<p>Basado en hechos que el periodista haya observado y verificado de primera mano, o en informaci\u00f3n verificada que proviene de fuentes bien informadas.<\/p>\n<\/div>\n<\/div>\n<\/div>\n<div>\n<h2>Como parte del evento, diversos dermat\u00f3logos realizar\u00e1n chequeo preventivo, evaluaciones y consultas relacionadas con la piel<\/h2>\n<div>\n<p>20 de octubre de 2024 &#8211; 2:00 PM<\/p>\n<\/div>\n<div>\n<p><b>Archivo<\/b><\/p>\n<p>Esta historia fue publicada hace m\u00e1s de 1 a\u00f1o.<\/p>\n<\/div>\n<\/div>\n<\/div>\n<div data-fusion-lazy-id=\"f0fIYaQF9GLV14D\">\n<div><picture><source media=\"(max-width: 375px)\" ><source media=\"(max-width: 767px)\" ><source media=\"(max-width: 1023px)\" ><source ><\/picture><figcaption>La psoriasis es una enfermedad inflamatoria cr\u00f3nica, sist\u00e9mica, no transmisible con manifestaciones en la piel que provoca la aparici\u00f3n de lesiones de diferentes tama\u00f1os. <span>(Shutterstock)<\/span><\/figcaption><\/div>\n<div>\n<p><img decoding=\"async\" alt=\"Shakira Vargas Rodr\u00edguez\" src=\"https:\/\/www.elnuevodia.com\/resizer\/v2\/https%3A%2F%2Fs3.amazonaws.com%2Farc-authors%2Fgfrmedia%2Fee0dad8a-5507-41fa-980f-90ebba42359c.png?auth=aea4c68e30aa21d75182b660078ecb411cca95c066f2f67eba719f36f77612a1&#038;quality=75&#038;smart=true&#038;width=170&#038;height=147\"><\/p>\n<\/div>\n<div>\n<p><b>El 29 de octubre<\/b>, <a href=\"https:\/\/www.elnuevodia.com\/suplementos\/dia-mundial-de-la-psoriasis\/\" target=\"_blank\"><b>D\u00eda Mundial de la Psoriasis<\/b><\/a>, es un d\u00eda dedicado anualmente a las personas afectadas de psoriasis. Est\u00e1 concebido por los pacientes para los pacientes con el fin de amplificar los conocimientos de una enfermedad que debe ser tomada en cuenta m\u00e1s seriamente por las autoridades salubristas locales e internacionales.<\/p>\n<\/div>\n<\/div>\n<section>\n<header><span>Popular en la Comunidad<\/span><\/header>\n<\/section>\n<\/div>\n\n    <div class=\"xs_social_share_widget xs_share_url after_content \t\tmain_content  wslu-style-1 wslu-share-box-shaped wslu-fill-colored wslu-none wslu-share-horizontal wslu-theme-font-no wslu-main_content\">\n\n\t\t\n        <ul>\n\t\t\t        <\/ul>\n    <\/div> \n","protected":false},"excerpt":{"rendered":"<p>Noticia Basado en hechos que el periodista haya observado y verificado de primera mano, o en informaci\u00f3n verificada que proviene de fuentes bien informadas. Como parte del evento, diversos dermat\u00f3logos realizar\u00e1n chequeo preventivo, evaluaciones y consultas relacionadas con la piel 20 de octubre de 2024 &#8211; 2:00 PM Archivo Esta historia fue publicada hace m\u00e1s<\/p>\n","protected":false},"author":2,"featured_media":30191,"comment_status":"open","ping_status":"open","sticky":false,"template":"","format":"standard","meta":{"om_disable_all_campaigns":false,"_monsterinsights_skip_tracking":false,"footnotes":""},"categories":[8],"tags":[],"class_list":["post-30190","post","type-post","status-publish","format-standard","has-post-thumbnail","hentry","category-salud"],"aioseo_notices":[],"_links":{"self":[{"href":"https:\/\/aleeknews.com\/4l33k5\/wp-json\/wp\/v2\/posts\/30190","targetHints":{"allow":["GET"]}}],"collection":[{"href":"https:\/\/aleeknews.com\/4l33k5\/wp-json\/wp\/v2\/posts"}],"about":[{"href":"https:\/\/aleeknews.com\/4l33k5\/wp-json\/wp\/v2\/types\/post"}],"author":[{"embeddable":true,"href":"https:\/\/aleeknews.com\/4l33k5\/wp-json\/wp\/v2\/users\/2"}],"replies":[{"embeddable":true,"href":"https:\/\/aleeknews.com\/4l33k5\/wp-json\/wp\/v2\/comments?post=30190"}],"version-history":[{"count":0,"href":"https:\/\/aleeknews.com\/4l33k5\/wp-json\/wp\/v2\/posts\/30190\/revisions"}],"wp:featuredmedia":[{"embeddable":true,"href":"https:\/\/aleeknews.com\/4l33k5\/wp-json\/wp\/v2\/media\/30191"}],"wp:attachment":[{"href":"https:\/\/aleeknews.com\/4l33k5\/wp-json\/wp\/v2\/media?parent=30190"}],"wp:term":[{"taxonomy":"category","embeddable":true,"href":"https:\/\/aleeknews.com\/4l33k5\/wp-json\/wp\/v2\/categories?post=30190"},{"taxonomy":"post_tag","embeddable":true,"href":"https:\/\/aleeknews.com\/4l33k5\/wp-json\/wp\/v2\/tags?post=30190"}],"curies":[{"name":"wp","href":"https:\/\/api.w.org\/{rel}","templated":true}]}}