{"id":30188,"date":"2026-09-01T18:43:12","date_gmt":"2026-09-01T22:43:12","guid":{"rendered":"https:\/\/aleeknews.com\/4l33k5\/2026\/09\/01\/desde-el-5k-de-la-fundacion-de-freddo-vega-hasta-los-virtuales-los-eventos-de-carreras-en-septiembre\/"},"modified":"2026-09-01T18:43:12","modified_gmt":"2026-09-01T22:43:12","slug":"desde-el-5k-de-la-fundacion-de-freddo-vega-hasta-los-virtuales-los-eventos-de-carreras-en-septiembre","status":"publish","type":"post","link":"https:\/\/aleeknews.com\/4l33k5\/2026\/09\/01\/desde-el-5k-de-la-fundacion-de-freddo-vega-hasta-los-virtuales-los-eventos-de-carreras-en-septiembre\/","title":{"rendered":"Desde el 5k de la Fundaci\u00f3n de Freddo Vega hasta los virtuales: los eventos de carreras en septiembre"},"content":{"rendered":"<div>\n<p>Con cada d\u00eda que pasa, se siguen sumando aficionados al deporte del \u201crunning\u201d a lo largo y ancho de la isla. Al mismo tiempo, la agenda se sigue llenando con eventos de diversas distancias que puedes caminar o correr para aportar con diferentes causas ben\u00e9ficas. <\/p>\n<p><b>Las diversas opciones incluyen desde correr o caminar con tu mascota, correr en favor del fondo de estudiantes de algunas instituciones universitarias, en favor de los pacientes renales o con c\u00e1ncer, en honor a los abuelos y hasta en modalidad virtual, entre muchos otros. <\/b><\/p>\n<p>Participar de eventos como estos, ya sea dentro de la ruta o fuera de ella para apoyar a otros, implica disfrute para toda la familia. <\/p>\n<p>\u00a1Am\u00e1rrate los tenis y a correr! <\/p>\n<p><h4><b>5k Pastoreo Fun Fest<\/b><\/h4>\n<\/p>\n<p>Fecha: s\u00e1bado, 5de septiembre de 2026 <\/p>\n<p>Salida: Finca Pastoreo, carr.694 km 5.5, Maguayo, Dorado<\/p>\n<p>Hora: 6:00 a.m.<\/p>\n<p>Por cada inscripci\u00f3n, se realizar\u00e1n dos aportaciones solidarias: $5 ser\u00e1n donados a Lore\u2019s Bright Way para apoyar las terapias especializadas y necesidades de Lorena Victoria, una ni\u00f1a puertorrique\u00f1a diagnosticada con la condici\u00f3n gen\u00e9tica TBCK. <\/p>\n<p>Otras $5 ser\u00e1n destinados a apoyar la agricultura local y el desarrollo de experiencias educativas y comunitarias en Finca Pastoreo. Cada participante estar\u00e1 aportando un total de $10 para generar un impacto real en esta comunidad.<\/p>\n<p><h4><b>Run and Fly 5K<\/b><\/h4>\n<\/p>\n<p>Fecha: s\u00e1bado, 5 de septiembre de 2026<\/p>\n<p>Salida: Fajardo<\/p>\n<p>Hora: 6:30 a.m. <\/p>\n<p><h4><b>3k Por Ellos<\/b><\/h4>\n<\/p>\n<p>Fecha: s\u00e1bado, 5 de septiembre de 2026<\/p>\n<p>Salida: Parque del Ni\u00f1o, Juana D\u00edaz<\/p>\n<p>Hora: 7:00 a. m. Registro: desde las 5:30 a.m.<\/p>\n<p>C\u00f3rrelo o cam\u00ednalo con tu perrito, sin perrito, en memoria de esa mascota que dej\u00f3 huellas para siempre en tu coraz\u00f3n, o simplemente porque quieres ser parte de una causa por ellos.<\/p>\n<p><h4><b>5k Fundaci\u00f3n Freddo Vega<\/b><\/h4>\n<\/p>\n<p>Fecha: domingo, 6 de septiembre de 2026<\/p>\n<p>Salida: Coliseo \u00c1ngel Cholo Espada, Salinas<\/p>\n<p>Hora: 5:00 p.m.<\/p>\n<p>Registro: Sold out<\/p>\n<p>Ser\u00e1 un evento familiar para recaudar fondos para la iniciativa navide\u00f1a \u201cAlegr\u00eda pa\u2019 mi Barrio\u201d, con la que el comediante <a href=\"https:\/\/www.elnuevodia.com\/topicos\/freddo-vega\/\" target=\"_blank\" rel=\"noreferrer\" title=\"https:\/\/www.elnuevodia.com\/topicos\/freddo-vega\/\"><b>Freddo Vega<\/b><\/a> cada a\u00f1o impacta a m\u00e1s de 5,000 familias. Adem\u00e1s del 5K, habr\u00e1 clases de zumba, calentamiento, kioskos, m\u00fasica en vivo y un ambiente festivo para toda la familia.<\/p>\n<p>El evento ser\u00e1 animado por Danilo Beauchamp y Saudy Rivera, y contar\u00e1 con el respaldo de los padrinos Alejandro Gil y Marena Sof\u00eda.<\/p>\n<p><h4><b>5k Pisando Fuerte<\/b><\/h4>\n<\/p>\n<p>Fecha: domingo, 6 de septiembre de 2026<\/p>\n<p>Salida: El Parterre, Aguadilla <\/p>\n<p>Hora: 7:00 a.m.<\/p>\n<p>Registro: Sold out<\/p>\n<p>Una carrera presentada por Girls Run West para honrar a la mujer trabajadora.<\/p>\n<p><h4><b>5k Por Ti 2026<\/b><\/h4>\n<\/p>\n<p>Fecha: domingo, 6 de septiembre de 2026<\/p>\n<p>Salida: Pista Atl\u00e9tica Marie Lande Matthew, Levittown, Toa Baja<\/p>\n<p>Hora: 4:30 p.m.<\/p>\n<p>La Fundaci\u00f3n Corro, Camino o Ruedo por Ti celebrar\u00e1 la segunda edici\u00f3n, que tiene como objetivo recaudar fondos para cubrir necesidades de atletas del deporte adaptado, incluyendo servicios de salud y equipos deportivos.<\/p>\n<p><h4><b>Carrera 10k Hector \u201cPapo\u201d D\u00edaz<\/b><\/h4>\n<\/p>\n<p>Fecha: domingo, 6 de septiembre de 2026<\/p>\n<p>Salida: Villalba<\/p>\n<p>Hora: 4:30 p.m.<\/p>\n<p><h4><b>10k La Monserrate &#8211; 26ta edici\u00f3n<\/b><\/h4>\n<\/p>\n<p>Fecha: domingo, 6 de septiembre de 2026<\/p>\n<p>Salida: Complejo Deportivo Filiberto Garc\u00eda, Jayuya<\/p>\n<p>Hora: 4:30 p.m. <\/p>\n<p>Registro: Mismo d\u00eda de la carrera <\/p>\n<p><h4><b>10K San Ram\u00f3n Nonato <\/b><\/h4>\n<\/p>\n<p>Fecha: domingo, 6 de septiembre de 2026 <\/p>\n<p>Lugar: Carr. 14, frente a la Hacienda Mu\u00f1oz, Juana D\u00edaz<\/p>\n<p>Hora: 5:00 pm<\/p>\n<p><h4><b>5K de los Cerveceros &#8211; Primera Edici\u00f3n<\/b><\/h4>\n<\/p>\n<p>Fecha: domingo, 6 de septiembre de 2026 <\/p>\n<p>Lugar: Coliseo Municipal Camen Zoraida Figueroa, Corozal<\/p>\n<p>Hora: 5:00 pm<\/p>\n<p>Todo lo recaudado ser\u00e1 a beneficio de Hiram Trinidad Su\u00e1rez, quien enfrenta diversas condiciones de salud.<\/p>\n<p><h4><b>All In 5k 2026<\/b><\/h4>\n<\/p>\n<p>Fecha: s\u00e1bado,12 de septiembre de 2026<\/p>\n<p>Salida: Arise Fitness Complex, Lajas<\/p>\n<p>Hora: 6:00 a.m.<\/p>\n<p><h4><b>5k Transformando Vidas 2026<\/b><\/h4>\n<\/p>\n<p>Fecha: s\u00e1bado,12 de septiembre de 2026<\/p>\n<p>Salida: Paseo de las Artes, Caguas<\/p>\n<p>Hora: 6:30 a.m. <\/p>\n<p><h4><b>5k de los Abuelos <\/b><\/h4>\n<\/p>\n<p>Fecha: s\u00e1bado,12 de septiembre de 2026<\/p>\n<p>Salida: Calle M\u00e9ndez Vigo del pueblo de Mayag\u00fcez y llega al Salvation Army, antigua YMCA.<\/p>\n<p>Hora: 4:00 p.m.<\/p>\n<p>Los fondos recaudados van dirigidos al programa de adultos mayores Golden Age.<\/p>\n<p><h4><b>5k &#038; 10k Fuerza y Esperanza 2026<\/b><\/h4>\n<\/p>\n<p>Fecha: domingo, 13 de septiembre de 2026<\/p>\n<p>Salida: El Parterre, Aguadilla<\/p>\n<p>Hora: 6:00 a.m. <\/p>\n<p>En apoyo a los pacientes de c\u00e1ncer. <\/p>\n<p><h4><b>5k Juntos Avanzamos por la Salud Renal<\/b><\/h4>\n<\/p>\n<p>Fecha: domingo, 13 de septiembre de 2026<\/p>\n<p>Salida: Estacionamiento del Estadio Juan Jos\u00e9 \u201cTiti\u201d Ben\u00edquez, San Sebasti\u00e1n<\/p>\n<p>Hora: 7:00 a.m.<\/p>\n<p><h4><b>5k Fundaci\u00f3n Becas, Pasi\u00f3n y Logros 2026<\/b><\/h4>\n<\/p>\n<p>Fecha: domingo, 13 de septiembre de 2026<\/p>\n<p>Salida: Parque Ecuestre Dulce Sue\u00f1o, Guayama<\/p>\n<p>Hora: 5:00 p.m. <\/p>\n<p><h4><b>5K La Sagrada Familia 2026<\/b><\/h4>\n<\/p>\n<p>Fecha: domingo, 13 de septiembre de 2026<\/p>\n<p>Salida: Cooperativa La Sagrada Familia, Corozal<\/p>\n<p>Hora: 5:30 p.m.<\/p>\n<p><h4><b>8K del Guayabo <\/b><\/h4>\n<\/p>\n<p>Fecha: domingo, 13 de septiembre de 2026<\/p>\n<p>Salida: Centro Deportivo Barrio Sonadora, Aguas Buenas<\/p>\n<p>Hora: 7:30 a.m.<\/p>\n<p><h4><b>La Ola 5k 2026<\/b><\/h4>\n<\/p>\n<p>Fecha: s\u00e1bado, 19 de septiembre de 2026<\/p>\n<p>Salida: Complejo Deportivo Hip\u00f3lito Robles Su\u00e1rez, Fajardo<\/p>\n<p>Hora: 6:30 a.m.<\/p>\n<p><h4><b>Backyard Ultra Trialfesta 2026<\/b><\/h4>\n<\/p>\n<p>Fecha: s\u00e1bado, 19 de septiembre de 2026<\/p>\n<p>Salida: Parque Juelio E. Monagas, Bayam\u00f3n<\/p>\n<p>Hora: 12:00 p.m.<\/p>\n<p><h4><b>5K de Arquitectura y Paisaje<\/b><\/h4>\n<\/p>\n<p>Fecha: s\u00e1bado, 19 de septiembre de 2026<\/p>\n<p>Salida: Parque Jaime Ben\u00edtez, calle Vieques 1110, San Juan<\/p>\n<p>Hora: 6:00 a.m.<\/p>\n<p><h4><b>Aguadilla Encanto Challenge Weekend &#8211; 5k<\/b><\/h4>\n<\/p>\n<p>Fecha: s\u00e1bado, 19 de septiembre de 2026<\/p>\n<p>Salida: Parque Col\u00f3n, Aguadilla<\/p>\n<p>Hora: 5:00 p.m.<\/p>\n<p><h4><b>5k Virtual &#8211; Los Sin Prisa Crew<\/b><\/h4>\n<\/p>\n<p>Fecha: Del 20 al 30 de septiembre<\/p>\n<p>Env\u00edas evidencia de tu recorrido a trav\u00e9s de Strava.<\/p>\n<p>Si deseas realizar la ruta presencial, se llevar\u00e1 a cabo el s\u00e1bado, 26 de septiembre a las 6:30 a.m. en la recta de la playa el Faro en Arroyo.<\/p>\n<p><h4><b>3k Marcando Huellas<\/b><\/h4>\n<\/p>\n<p>Fecha: domingo, 20 de septiembre de 2026<\/p>\n<p>Salida: Santa Isabel<\/p>\n<p>Hora: 6:30 a.m.<\/p>\n<p>C\u00f3rrelo o Cam\u00ednalo con tu perrito o sin perrito. <\/p>\n<p><h4><b>27ma Edici\u00f3n 10k Domingo Apellaniz<\/b><\/h4>\n<\/p>\n<p>Fecha: domingo, 20 de septiembre de 2026<\/p>\n<p>Salida: Cata\u00f1o<\/p>\n<p>Hora: 6:30 a.m.<\/p>\n<p><h4><b>5k Run\/Walk Una Gran Familia<\/b><\/h4>\n<\/p>\n<p>Fecha: domingo, 20 de septiembre de 2026<\/p>\n<p>Salida: Iglesia Evang\u00e9lica Unida de Caguas, en Bairoa<\/p>\n<p>Hora: 5:00 p.m.<\/p>\n<p><h4><b>Carrera 5K Grito de Lares<\/b><\/h4>\n<\/p>\n<p>Fecha: domingo, 20 de septiembre de 2026<\/p>\n<p>Salida: Plaza de la Revoluci\u00f3n, Lares<\/p>\n<p>Hora: 4:30 p.m.<\/p>\n<p><h4><b>5k por Alyra 2026<\/b><\/h4>\n<\/p>\n<p>Fecha: s\u00e1bado, 26 de septiembre de 2026<\/p>\n<p>Salida: Vega Alta<\/p>\n<p>Hora: 6:30 a.m. <\/p>\n<p>Alyra es una beb\u00e9 diagnosticada con esclerosis tuberosa, una condici\u00f3n que le provoca tumores en su cabeza y coraz\u00f3n. Los recaudos ser\u00e1n destinados a apoyar su tratamiento y necesidades m\u00e9dicas. Te invitan a correr, caminar o apoyar esta causa.<\/p>\n<p><h4><b>5K Tigres de la Monta\u00f1a 2026<\/b><\/h4>\n<\/p>\n<p>Fecha: s\u00e1bado, 26 de septiembre de 2026<\/p>\n<p>Salida: Universidad Interamericana de Puerto Rico, Recinto de Barranquitas<\/p>\n<p>Hora: 7:30 a.m.<\/p>\n<p>A beneficio del fondo de becas de la universidad.<\/p>\n<p><h4><b>5k Construye Tu Ruta<\/b><\/h4>\n<\/p>\n<p>Fecha: domingo, 27 de septiembre de 2026<\/p>\n<p>Salida: Universidad Polit\u00e9cnica, San Juan <\/p>\n<p>Hora: 6:00 a.m.<\/p>\n<p>A beneficio del fondo de becas de la Universidad Polit\u00e9cnica.<\/p>\n<p><h4><b>3k Te Quiero en mi Futuro<\/b><\/h4>\n<\/p>\n<p>Fecha: domingo, 27 de septiembre de 2026 <\/p>\n<p>Salida: Plaza de Festivales, Villalba<\/p>\n<p>Hora: 6:30 a.m. <\/p>\n<p><h4><b>5k y 10k El Ajoguillo 2026<\/b><\/h4>\n<\/p>\n<p>Fecha: domingo, 27 de septiembre de 2026 <\/p>\n<p>Salida: Coamo<\/p>\n<p>Hora: 7:00 a.m. <\/p>\n<p><h4><b>5K C.A.T. (Cooperativa de Acceso a Tierras)<\/b><\/h4>\n<\/p>\n<p>Fecha: domingo, 27 de septiembre de 2026<\/p>\n<p>Salida: David \u201cWayler\u201d D\u00e1vila Court, carr 951, Lo\u00edza<\/p>\n<p>Hora: 6:30 a.m.<\/p>\n<p>Registro: Eventivate<\/p>\n<p><h4><b>Golden Hearts 5K &#038; 10K<\/b><\/h4>\n<\/p>\n<p>Fecha: domingo, 27 de septiembre de 2026<\/p>\n<p>Salida: Jard\u00edn Bot\u00e1nico de Caguas<\/p>\n<p>Hora: 6:30 a.m.<\/p>\n<\/div>\n\n    <div class=\"xs_social_share_widget xs_share_url after_content \t\tmain_content  wslu-style-1 wslu-share-box-shaped wslu-fill-colored wslu-none wslu-share-horizontal wslu-theme-font-no wslu-main_content\">\n\n\t\t\n        <ul>\n\t\t\t        <\/ul>\n    <\/div> \n","protected":false},"excerpt":{"rendered":"<p>Con cada d\u00eda que pasa, se siguen sumando aficionados al deporte del \u201crunning\u201d a lo largo y ancho de la isla. Al mismo tiempo, la agenda se sigue llenando con eventos de diversas distancias que puedes caminar o correr para aportar con diferentes causas ben\u00e9ficas. Las diversas opciones incluyen desde correr o caminar con tu<\/p>\n","protected":false},"author":2,"featured_media":30189,"comment_status":"open","ping_status":"open","sticky":false,"template":"","format":"standard","meta":{"om_disable_all_campaigns":false,"_monsterinsights_skip_tracking":false,"footnotes":""},"categories":[38],"tags":[],"class_list":["post-30188","post","type-post","status-publish","format-standard","has-post-thumbnail","hentry","category-estilo-de-vida"],"aioseo_notices":[],"_links":{"self":[{"href":"https:\/\/aleeknews.com\/4l33k5\/wp-json\/wp\/v2\/posts\/30188","targetHints":{"allow":["GET"]}}],"collection":[{"href":"https:\/\/aleeknews.com\/4l33k5\/wp-json\/wp\/v2\/posts"}],"about":[{"href":"https:\/\/aleeknews.com\/4l33k5\/wp-json\/wp\/v2\/types\/post"}],"author":[{"embeddable":true,"href":"https:\/\/aleeknews.com\/4l33k5\/wp-json\/wp\/v2\/users\/2"}],"replies":[{"embeddable":true,"href":"https:\/\/aleeknews.com\/4l33k5\/wp-json\/wp\/v2\/comments?post=30188"}],"version-history":[{"count":0,"href":"https:\/\/aleeknews.com\/4l33k5\/wp-json\/wp\/v2\/posts\/30188\/revisions"}],"wp:featuredmedia":[{"embeddable":true,"href":"https:\/\/aleeknews.com\/4l33k5\/wp-json\/wp\/v2\/media\/30189"}],"wp:attachment":[{"href":"https:\/\/aleeknews.com\/4l33k5\/wp-json\/wp\/v2\/media?parent=30188"}],"wp:term":[{"taxonomy":"category","embeddable":true,"href":"https:\/\/aleeknews.com\/4l33k5\/wp-json\/wp\/v2\/categories?post=30188"},{"taxonomy":"post_tag","embeddable":true,"href":"https:\/\/aleeknews.com\/4l33k5\/wp-json\/wp\/v2\/tags?post=30188"}],"curies":[{"name":"wp","href":"https:\/\/api.w.org\/{rel}","templated":true}]}}