{"id":30171,"date":"2026-09-01T16:44:10","date_gmt":"2026-09-01T20:44:10","guid":{"rendered":"https:\/\/aleeknews.com\/4l33k5\/2026\/09\/01\/domenech-vs-negron-reichard-habra-consecuencias-legales\/"},"modified":"2026-09-01T16:44:10","modified_gmt":"2026-09-01T20:44:10","slug":"domenech-vs-negron-reichard-habra-consecuencias-legales","status":"publish","type":"post","link":"https:\/\/aleeknews.com\/4l33k5\/2026\/09\/01\/domenech-vs-negron-reichard-habra-consecuencias-legales\/","title":{"rendered":"Domenech vs. Negr\u00f3n Reichard: \u00bfhabr\u00e1 consecuencias legales?"},"content":{"rendered":"<div data-fusion-lazy-id=\"f0f7hqQ8slFb3vU\">\n<div>\n<p><b>Archivo<\/b><\/p>\n<p>Este v\u00eddeo fue publicado hace m\u00e1s de 1 mes.<\/p>\n<\/div>\n<div>\n<div>\n<div>\n<p><a href=\"https:\/\/thetrustproject.org\/\"><img decoding=\"async\" src=\"https:\/\/www.elnuevodia.com\/pf\/resources\/v2\/icons\/trust-icon.svg?d=247\"><\/a><\/p>\n<p>An\u00e1lisis<\/p>\n<\/div>\n<div>\n<p>Basado en hechos reales, en el que se incorpora la experiencia del periodista, quien puede agregar su interpretaci\u00f3n y conclusiones.<\/p>\n<\/div>\n<\/div>\n<div>\n<p>En conversaci\u00f3n con periodistas de El Nuevo D\u00eda, el catedr\u00e1tico Mario Negr\u00f3n Portillo, la excontralora Yesm\u00edn Valdivieso, el exjuez Jos\u00e9 A. Fust\u00e9 y el exfiscal federal Max P\u00e9rez Bouret analizan qu\u00e9 asuntos podr\u00edan dar paso a se\u00f1alamientos o investigaciones por parte de entidades estatales o federales.<\/p>\n<div>\n<p>15 de julio de 2026 &#8211; 11:10 PM<\/p>\n<\/div>\n<\/div>\n<\/div>\n<\/div>\n\n    <div class=\"xs_social_share_widget xs_share_url after_content \t\tmain_content  wslu-style-1 wslu-share-box-shaped wslu-fill-colored wslu-none wslu-share-horizontal wslu-theme-font-no wslu-main_content\">\n\n\t\t\n        <ul>\n\t\t\t        <\/ul>\n    <\/div> \n","protected":false},"excerpt":{"rendered":"<p>Archivo Este v\u00eddeo fue publicado hace m\u00e1s de 1 mes. An\u00e1lisis Basado en hechos reales, en el que se incorpora la experiencia del periodista, quien puede agregar su interpretaci\u00f3n y conclusiones. En conversaci\u00f3n con periodistas de El Nuevo D\u00eda, el catedr\u00e1tico Mario Negr\u00f3n Portillo, la excontralora Yesm\u00edn Valdivieso, el exjuez Jos\u00e9 A. Fust\u00e9 y el<\/p>\n","protected":false},"author":2,"featured_media":30172,"comment_status":"open","ping_status":"open","sticky":false,"template":"","format":"standard","meta":{"om_disable_all_campaigns":false,"_monsterinsights_skip_tracking":false,"footnotes":""},"categories":[6],"tags":[],"class_list":["post-30171","post","type-post","status-publish","format-standard","has-post-thumbnail","hentry","category-politica"],"aioseo_notices":[],"_links":{"self":[{"href":"https:\/\/aleeknews.com\/4l33k5\/wp-json\/wp\/v2\/posts\/30171","targetHints":{"allow":["GET"]}}],"collection":[{"href":"https:\/\/aleeknews.com\/4l33k5\/wp-json\/wp\/v2\/posts"}],"about":[{"href":"https:\/\/aleeknews.com\/4l33k5\/wp-json\/wp\/v2\/types\/post"}],"author":[{"embeddable":true,"href":"https:\/\/aleeknews.com\/4l33k5\/wp-json\/wp\/v2\/users\/2"}],"replies":[{"embeddable":true,"href":"https:\/\/aleeknews.com\/4l33k5\/wp-json\/wp\/v2\/comments?post=30171"}],"version-history":[{"count":0,"href":"https:\/\/aleeknews.com\/4l33k5\/wp-json\/wp\/v2\/posts\/30171\/revisions"}],"wp:featuredmedia":[{"embeddable":true,"href":"https:\/\/aleeknews.com\/4l33k5\/wp-json\/wp\/v2\/media\/30172"}],"wp:attachment":[{"href":"https:\/\/aleeknews.com\/4l33k5\/wp-json\/wp\/v2\/media?parent=30171"}],"wp:term":[{"taxonomy":"category","embeddable":true,"href":"https:\/\/aleeknews.com\/4l33k5\/wp-json\/wp\/v2\/categories?post=30171"},{"taxonomy":"post_tag","embeddable":true,"href":"https:\/\/aleeknews.com\/4l33k5\/wp-json\/wp\/v2\/tags?post=30171"}],"curies":[{"name":"wp","href":"https:\/\/api.w.org\/{rel}","templated":true}]}}