{"id":30151,"date":"2026-09-01T16:42:38","date_gmt":"2026-09-01T20:42:38","guid":{"rendered":"https:\/\/aleeknews.com\/4l33k5\/2026\/09\/01\/el-papa-leon-xiv-pide-rezar-por-el-agua-un-derecho-sin-fronteras-convertido-en-mercancia\/"},"modified":"2026-09-01T16:42:38","modified_gmt":"2026-09-01T20:42:38","slug":"el-papa-leon-xiv-pide-rezar-por-el-agua-un-derecho-sin-fronteras-convertido-en-mercancia","status":"publish","type":"post","link":"https:\/\/aleeknews.com\/4l33k5\/2026\/09\/01\/el-papa-leon-xiv-pide-rezar-por-el-agua-un-derecho-sin-fronteras-convertido-en-mercancia\/","title":{"rendered":"El papa Le\u00f3n XIV pide rezar por el agua, \u201cun derecho sin fronteras\u201d convertido en mercanc\u00eda"},"content":{"rendered":"<div>\n<p><b>Ciudad del Vaticano<\/b> &#8211; El <a href=\"https:\/\/www.elnuevodia.com\/topicos\/papa-leon-xiv\/\" target=\"_blank\" rel=\"noreferrer\" title=\"https:\/\/www.elnuevodia.com\/topicos\/papa-leon-xiv\/\">papa Le\u00f3n XIV<\/a> pidi\u00f3 este martes rezar por el cuidado del agua, un recurso que defiende como un \u201cderecho sin fronteras\u201d pero que se ha convertido en una mercanc\u00eda \u201colvidando que es un regalo universal\u201d. <\/p>\n<p>As\u00ed lo expresa en la plegaria de septiembre de la iniciativa \u201cReza con el papa\u201d dedicada este <b>mes al cuidado del agua, un bien escaso, inseguro o inaccesible para millones de personas<\/b> y que la humanidad debe aprender a custodiar \u201ccon gratitud, justicia y responsabilidad\u201d.<\/p>\n<p>En la oraci\u00f3n, Le\u00f3n XIV pide perd\u00f3n a Dios porque el agua se haya convertido \u201cen mercanc\u00eda, olvidando que es un regalo universal, un derecho sin fronteras\u201d y expresa dolor por \u201ctantos hermanos y hermanas que no tienen agua limpia, que caminan kil\u00f3metros para encontrarla, que enferman por su escasez\u201d. <\/p>\n<p>La plegaria de Robert Prevost concluye pidiendo que los fieles se transformen en \u201cperegrinos de lo esencial, capaces de vivir con sobriedad, denunciar el derroche y la contaminaci\u00f3n y defender el derecho de cada persona a beber sin miedo y sin desigualdad\u201d. <\/p>\n<p>\u201cImagina un caluroso d\u00eda de verano despu\u00e9s de un trabajo duro o una larga caminata. Finalmente tomas un sorbo de agua fresca. Siente c\u00f3mo el alivio y la energ\u00eda recorren tu cuerpo. Momentos como estos nos recuerdan qu\u00e9 bendici\u00f3n es el agua limpia\u201d, dice el pont\u00edfice en el v\u00eddeomensaje promocional de la oraci\u00f3n de septiembre. <\/p>\n<p><b>En una alocuci\u00f3n pronunciada en ingl\u00e9s recuerda que una de cada cuatro personas en el mundo \u201ca\u00fan carece de agua potable segura. Comunidades y naciones enteras necesitan nuestra acci\u00f3n por el cuidado del agua, por ese alivio bendito\u201d. <\/b><\/p>\n<p>Unos 2,100 millones de personas todav\u00eda carecen de acceso seguro al agua potable y 106 millones dependen directamente de r\u00edos, lagos u otras aguas superficiales sin tratar, seg\u00fan datos de la Organizaci\u00f3n Mundial de la Salud (OMS) y de Unicef. <\/p>\n<p>Aunque entre 2015 y 2024 la cobertura mundial de agua potable segura pas\u00f3 del 68% al 74%, el mismo informe advierte de que, para lograr el acceso universal en 2030, los pa\u00edses de bajos ingresos deber\u00edan avanzar siete veces m\u00e1s r\u00e1pido que su ritmo actual, seg\u00fan indica en un comunicado la Red Mundial de Oraci\u00f3n con el papa. <\/p>\n<\/div>\n\n    <div class=\"xs_social_share_widget xs_share_url after_content \t\tmain_content  wslu-style-1 wslu-share-box-shaped wslu-fill-colored wslu-none wslu-share-horizontal wslu-theme-font-no wslu-main_content\">\n\n\t\t\n        <ul>\n\t\t\t        <\/ul>\n    <\/div> \n","protected":false},"excerpt":{"rendered":"<p>Ciudad del Vaticano &#8211; El papa Le\u00f3n XIV pidi\u00f3 este martes rezar por el cuidado del agua, un recurso que defiende como un \u201cderecho sin fronteras\u201d pero que se ha convertido en una mercanc\u00eda \u201colvidando que es un regalo universal\u201d. As\u00ed lo expresa en la plegaria de septiembre de la iniciativa \u201cReza con el papa\u201d<\/p>\n","protected":false},"author":2,"featured_media":30152,"comment_status":"open","ping_status":"open","sticky":false,"template":"","format":"standard","meta":{"om_disable_all_campaigns":false,"_monsterinsights_skip_tracking":false,"footnotes":""},"categories":[10],"tags":[],"class_list":["post-30151","post","type-post","status-publish","format-standard","has-post-thumbnail","hentry","category-mundo"],"aioseo_notices":[],"_links":{"self":[{"href":"https:\/\/aleeknews.com\/4l33k5\/wp-json\/wp\/v2\/posts\/30151","targetHints":{"allow":["GET"]}}],"collection":[{"href":"https:\/\/aleeknews.com\/4l33k5\/wp-json\/wp\/v2\/posts"}],"about":[{"href":"https:\/\/aleeknews.com\/4l33k5\/wp-json\/wp\/v2\/types\/post"}],"author":[{"embeddable":true,"href":"https:\/\/aleeknews.com\/4l33k5\/wp-json\/wp\/v2\/users\/2"}],"replies":[{"embeddable":true,"href":"https:\/\/aleeknews.com\/4l33k5\/wp-json\/wp\/v2\/comments?post=30151"}],"version-history":[{"count":0,"href":"https:\/\/aleeknews.com\/4l33k5\/wp-json\/wp\/v2\/posts\/30151\/revisions"}],"wp:featuredmedia":[{"embeddable":true,"href":"https:\/\/aleeknews.com\/4l33k5\/wp-json\/wp\/v2\/media\/30152"}],"wp:attachment":[{"href":"https:\/\/aleeknews.com\/4l33k5\/wp-json\/wp\/v2\/media?parent=30151"}],"wp:term":[{"taxonomy":"category","embeddable":true,"href":"https:\/\/aleeknews.com\/4l33k5\/wp-json\/wp\/v2\/categories?post=30151"},{"taxonomy":"post_tag","embeddable":true,"href":"https:\/\/aleeknews.com\/4l33k5\/wp-json\/wp\/v2\/tags?post=30151"}],"curies":[{"name":"wp","href":"https:\/\/api.w.org\/{rel}","templated":true}]}}