{"id":30142,"date":"2026-08-31T19:43:16","date_gmt":"2026-08-31T23:43:16","guid":{"rendered":"https:\/\/aleeknews.com\/4l33k5\/2026\/08\/31\/jorge-drexler-celebra-la-plena-junto-a-los-pleneros-de-la-cresta-en-su-concierto\/"},"modified":"2026-08-31T19:43:16","modified_gmt":"2026-08-31T23:43:16","slug":"jorge-drexler-celebra-la-plena-junto-a-los-pleneros-de-la-cresta-en-su-concierto","status":"publish","type":"post","link":"https:\/\/aleeknews.com\/4l33k5\/2026\/08\/31\/jorge-drexler-celebra-la-plena-junto-a-los-pleneros-de-la-cresta-en-su-concierto\/","title":{"rendered":"Jorge Drexler celebra la plena junto a Los Pleneros de la Cresta en su concierto"},"content":{"rendered":"<div>\n<p>El cantautor <a href=\"https:\/\/www.elnuevodia.com\/entretenimiento\/musica\/notas\/fanatica-de-jorge-drexler-hace-historia-al-convertirse-en-la-visitante-un-millon-del-coca-cola-music-hall\/\" target=\"_self\" rel title=\"https:\/\/www.elnuevodia.com\/entretenimiento\/musica\/notas\/fanatica-de-jorge-drexler-hace-historia-al-convertirse-en-la-visitante-un-millon-del-coca-cola-music-hall\/\"><b>Jorge Drexler<\/b> <\/a>lleg\u00f3 a Puerto Rico con su gira \u201cTARAC\u00c1\u201d y convirti\u00f3 el escenario del <a href=\"https:\/\/www.elnuevodia.com\/entretenimiento\/musica\/notas\/fanatica-de-jorge-drexler-hace-historia-al-convertirse-en-la-visitante-un-millon-del-coca-cola-music-hall\/\" target=\"_self\" rel title=\"https:\/\/www.elnuevodia.com\/entretenimiento\/musica\/notas\/fanatica-de-jorge-drexler-hace-historia-al-convertirse-en-la-visitante-un-millon-del-coca-cola-music-hall\/\"><b>Coca-Cola Music Hall<\/b><\/a> en un espacio de encuentro entre la canci\u00f3n de autor, la poes\u00eda y la riqueza r\u00edtmica de la m\u00fasica puertorrique\u00f1a.<\/p>\n<p>El cantautor, compositor y m\u00fasico uruguayo present\u00f3 ante una sala llena un repertorio que recorri\u00f3 distintas etapas de su trayectoria, combinando canciones de su m\u00e1s reciente producci\u00f3n con algunos de los temas que han definido su carrera y que, con el paso del tiempo, se han convertido en parte esencial de su universo musical.<\/p>\n<p>La velada comenz\u00f3 con \u201cToco Madera\u201d, seguida por canciones como \u201c\u00bfC\u00f3mo se Ama?\u201d, \u201cTransporte\u201d, \u201cTelefon\u00eda\u201d, \u201cTamborero\u201d, \u201cQuimera\u201d y \u201cTe Llevo Tatuada\u201d. El recorrido continu\u00f3 con piezas fundamentales de su repertorio, entre ellas \u201cGuitarra y Vos\u201d, \u201cAl Otro Lado del R\u00edo\u201d, \u201cSoledad\u201d, \u201cAmar y Ser Amado\u201d, \u201cMovimiento\u201d, \u201cMorente\u201d, \u201cUniversos Paralelos\u201d y \u201cTocarte\u201d.<\/p>\n<p>A trav\u00e9s de estas canciones, Drexler volvi\u00f3 a demostrar una de las caracter\u00edsticas que han marcado su trayectoria: la capacidad de convertir experiencias cotidianas, preguntas sobre la vida y reflexiones sobre el amor, el tiempo y las relaciones humanas en canciones que encuentran m\u00faltiples formas de interpretaci\u00f3n.<\/p>\n<div>\n<figure><picture><source media=\"(max-width: 375px)\" ><source media=\"(max-width: 767px)\" ><source media=\"(max-width: 1023px)\" ><source ><img src=\"https:\/\/www.elnuevodia.com\/resizer\/v2\/HGA3II7OZFBFDPZKGXKK43FM34.jpg?auth=a73045ed026aa8ea8f15bed48cf8029bb0bb51e1f51340782bea33b6ca18e0cd&#038;quality=75&#038;width=829&#038;smart=true\" alt=\"Jorge Drexler en su concierto en el Coca-Cola Music Hall. (Cheery Viruet)\" loading=\"eager\" fetchpriority=\"high\" decoding=\"sync\"><\/picture><figcaption>Jorge Drexler en su concierto en el Coca-Cola Music Hall. (Cheery Viruet) (Suministrada)<\/figcaption><\/figure>\n<\/div>\n<p>Uno de los momentos centrales de la noche lleg\u00f3 con la presencia de<b> Los Pleneros de La Cresta<\/b>, quienes fueron recibidos como invitados especiales en el escenario por Drexler, estableciendo un encuentro entre su propuesta musical y una de las expresiones m\u00e1s representativas de la tradici\u00f3n puertorrique\u00f1a.<\/p>\n<p>La agrupaci\u00f3n y el cantante interpretaron \u201cNuestro Trabajo\u201d y \u201cRayo de Sol\u201d, llevando al escenario una combinaci\u00f3n de sonidos que uni\u00f3 el universo musical del cantautor uruguayo con la fuerza y cadencia de la plena puertorrique\u00f1a.<\/p>\n<p>La participaci\u00f3n de Los Pleneros de La Cresta a\u00f1adi\u00f3 una dimensi\u00f3n particularmente especial a la presentaci\u00f3n. M\u00e1s all\u00e1 de compartir el escenario, el momento represent\u00f3 un encuentro entre dos territorios y dos tradiciones musicales que encontraron un lenguaje com\u00fan frente al p\u00fablico puertorrique\u00f1o. <\/p>\n<p>El encuentro continu\u00f3 con \u201cTambor Chico\u201d, seguido por \u201c\u00bfQu\u00e9 Ser\u00e1 Q. Es?\u201d, \u201cSea\u201d, \u201cAnte la Duda Baila\u201d, \u201cBailar en la Cueva\u201d y \u201cMe Haces Bien\u201d, manteniendo durante toda la velada una conexi\u00f3n constante entre artista y p\u00fablico.<\/p>\n<p>Para el cierre, Drexler comparti\u00f3 nuevamente el escenario con Los Pleneros de La Cresta para interpretar \u201cTodo Se Transforma\u201d y \u201cMuriendo de Pena\u201d, llevando la noche a uno de sus momentos m\u00e1s emotivos y convirtiendo el Coca-Cola Music Hall en una celebraci\u00f3n colectiva de la m\u00fasica.<\/p>\n<p>El repertorio, la presencia de los m\u00fasicos puertorrique\u00f1os y la respuesta del p\u00fablico dieron forma a una presentaci\u00f3n que trascendi\u00f3 el formato tradicional de un concierto. Las canciones de Drexler encontraron en Puerto Rico nuevos colores y ritmos, mientras la plena se integr\u00f3 de manera natural a una noche construida sobre la exploraci\u00f3n, la mezcla y el encuentro.<\/p>\n<p>Con \u201cTARAC\u00c1\u201d, Drexler contin\u00faa expandiendo los l\u00edmites de la canci\u00f3n de autor y reafirma una trayectoria caracterizada por la b\u00fasqueda constante, la poes\u00eda y la experimentaci\u00f3n musical.<\/p>\n<p>Su paso por Puerto Rico dej\u00f3 como resultado una noche de canciones reconocibles, nuevos encuentros y un momento art\u00edstico que puso de manifiesto algo que la m\u00fasica ha demostrado una y otra vez: cuando diferentes culturas encuentran un lenguaje com\u00fan, las fronteras desaparecen y todo se transforma.<\/p>\n<\/div>\n\n    <div class=\"xs_social_share_widget xs_share_url after_content \t\tmain_content  wslu-style-1 wslu-share-box-shaped wslu-fill-colored wslu-none wslu-share-horizontal wslu-theme-font-no wslu-main_content\">\n\n\t\t\n        <ul>\n\t\t\t        <\/ul>\n    <\/div> \n","protected":false},"excerpt":{"rendered":"<p>El cantautor Jorge Drexler lleg\u00f3 a Puerto Rico con su gira \u201cTARAC\u00c1\u201d y convirti\u00f3 el escenario del Coca-Cola Music Hall en un espacio de encuentro entre la canci\u00f3n de autor, la poes\u00eda y la riqueza r\u00edtmica de la m\u00fasica puertorrique\u00f1a. El cantautor, compositor y m\u00fasico uruguayo present\u00f3 ante una sala llena un repertorio que recorri\u00f3<\/p>\n","protected":false},"author":1,"featured_media":30143,"comment_status":"open","ping_status":"open","sticky":false,"template":"","format":"standard","meta":{"om_disable_all_campaigns":false,"_monsterinsights_skip_tracking":false,"footnotes":""},"categories":[61],"tags":[],"class_list":["post-30142","post","type-post","status-publish","format-standard","has-post-thumbnail","hentry","category-musica"],"aioseo_notices":[],"_links":{"self":[{"href":"https:\/\/aleeknews.com\/4l33k5\/wp-json\/wp\/v2\/posts\/30142","targetHints":{"allow":["GET"]}}],"collection":[{"href":"https:\/\/aleeknews.com\/4l33k5\/wp-json\/wp\/v2\/posts"}],"about":[{"href":"https:\/\/aleeknews.com\/4l33k5\/wp-json\/wp\/v2\/types\/post"}],"author":[{"embeddable":true,"href":"https:\/\/aleeknews.com\/4l33k5\/wp-json\/wp\/v2\/users\/1"}],"replies":[{"embeddable":true,"href":"https:\/\/aleeknews.com\/4l33k5\/wp-json\/wp\/v2\/comments?post=30142"}],"version-history":[{"count":0,"href":"https:\/\/aleeknews.com\/4l33k5\/wp-json\/wp\/v2\/posts\/30142\/revisions"}],"wp:featuredmedia":[{"embeddable":true,"href":"https:\/\/aleeknews.com\/4l33k5\/wp-json\/wp\/v2\/media\/30143"}],"wp:attachment":[{"href":"https:\/\/aleeknews.com\/4l33k5\/wp-json\/wp\/v2\/media?parent=30142"}],"wp:term":[{"taxonomy":"category","embeddable":true,"href":"https:\/\/aleeknews.com\/4l33k5\/wp-json\/wp\/v2\/categories?post=30142"},{"taxonomy":"post_tag","embeddable":true,"href":"https:\/\/aleeknews.com\/4l33k5\/wp-json\/wp\/v2\/tags?post=30142"}],"curies":[{"name":"wp","href":"https:\/\/api.w.org\/{rel}","templated":true}]}}