{"id":30140,"date":"2026-08-31T18:45:23","date_gmt":"2026-08-31T22:45:23","guid":{"rendered":"https:\/\/aleeknews.com\/4l33k5\/2026\/08\/31\/nadia-ferreira-revela-el-significado-del-unico-tatuaje-que-lleva-en-su-piel\/"},"modified":"2026-08-31T18:45:23","modified_gmt":"2026-08-31T22:45:23","slug":"nadia-ferreira-revela-el-significado-del-unico-tatuaje-que-lleva-en-su-piel","status":"publish","type":"post","link":"https:\/\/aleeknews.com\/4l33k5\/2026\/08\/31\/nadia-ferreira-revela-el-significado-del-unico-tatuaje-que-lleva-en-su-piel\/","title":{"rendered":"Nadia Ferreira revela el significado del \u00fanico tatuaje que lleva en su piel"},"content":{"rendered":"<div>\n<p><a href=\"https:\/\/www.elnuevodia.com\/topicos\/nadia-ferreira\/\" target=\"_self\" rel title=\"https:\/\/www.elnuevodia.com\/topicos\/nadia-ferreira\/\"><b>Nadia Ferreira<\/b> <\/a>sorprendi\u00f3 al revelar un detalle de su vida personal que hasta ahora hab\u00eda mantenido oculto. La ex <a href=\"https:\/\/www.elnuevodia.com\/topicos\/nadia-ferreira\/\" target=\"_self\" rel title=\"https:\/\/www.elnuevodia.com\/topicos\/nadia-ferreira\/\"><b>Miss Universo Paraguay<\/b><\/a><b> <\/b>cont\u00f3 que tiene un \u00fanico tatuaje que est\u00e1 relacionado con su hijo Marquito y su esposo <a href=\"https:\/\/www.elnuevodia.com\/topicos\/marc-anthony\/\" target=\"_self\" rel title=\"https:\/\/www.elnuevodia.com\/topicos\/marc-anthony\/\"><b>Marc Anthony.<\/b><\/a><\/p>\n<p>La confesi\u00f3n surgi\u00f3 durante una din\u00e1mica en la que respondi\u00f3 algunas de las preguntas m\u00e1s buscadas sobre ella en<b> Google<\/b>. Sin embargo, fue una en particular sobre si tiene tatuajes la que llam\u00f3 la atenci\u00f3n por la historia y su significado.<\/p>\n<p>Aunque reconoci\u00f3 que no es una gran amante de los tatuajes, cont\u00f3 que<b> decidi\u00f3 hacerse uno despu\u00e9s de asistir a un concierto de Marc Anthony en Miami. <\/b>Seg\u00fan relat\u00f3, regresaron del <i>show <\/i>a un yate junto a familiares y amigos, entre ellos un amigo tatuador.<\/p>\n<p>Fue en medio de ese encuentro que surgi\u00f3 la idea de que todos se hicieran el mismo dise\u00f1o.<\/p>\n<p>El tatuaje consiste en <b>un peque\u00f1o coraz\u00f3n acompa\u00f1ado de las iniciales de sus hijos.<\/b> En el caso de Nadia, lleva una \u201cM\u201d, una letra que representa a su hijo Marquito. <b>\u201cY tambi\u00e9n por Marc\u201d,<\/b> asegur\u00f3 entre risas.<\/p>\n<p>Aunque Nadia comparti\u00f3 el significado y el origen del tatuaje, decidi\u00f3 no revelar en qu\u00e9 parte de su cuerpo lo tiene.<\/p>\n<\/div>\n\n    <div class=\"xs_social_share_widget xs_share_url after_content \t\tmain_content  wslu-style-1 wslu-share-box-shaped wslu-fill-colored wslu-none wslu-share-horizontal wslu-theme-font-no wslu-main_content\">\n\n\t\t\n        <ul>\n\t\t\t        <\/ul>\n    <\/div> \n","protected":false},"excerpt":{"rendered":"<p>Nadia Ferreira sorprendi\u00f3 al revelar un detalle de su vida personal que hasta ahora hab\u00eda mantenido oculto. La ex Miss Universo Paraguay cont\u00f3 que tiene un \u00fanico tatuaje que est\u00e1 relacionado con su hijo Marquito y su esposo Marc Anthony. La confesi\u00f3n surgi\u00f3 durante una din\u00e1mica en la que respondi\u00f3 algunas de las preguntas m\u00e1s<\/p>\n","protected":false},"author":2,"featured_media":30141,"comment_status":"open","ping_status":"open","sticky":false,"template":"","format":"standard","meta":{"om_disable_all_campaigns":false,"_monsterinsights_skip_tracking":false,"footnotes":""},"categories":[47],"tags":[],"class_list":["post-30140","post","type-post","status-publish","format-standard","has-post-thumbnail","hentry","category-farandula"],"aioseo_notices":[],"_links":{"self":[{"href":"https:\/\/aleeknews.com\/4l33k5\/wp-json\/wp\/v2\/posts\/30140","targetHints":{"allow":["GET"]}}],"collection":[{"href":"https:\/\/aleeknews.com\/4l33k5\/wp-json\/wp\/v2\/posts"}],"about":[{"href":"https:\/\/aleeknews.com\/4l33k5\/wp-json\/wp\/v2\/types\/post"}],"author":[{"embeddable":true,"href":"https:\/\/aleeknews.com\/4l33k5\/wp-json\/wp\/v2\/users\/2"}],"replies":[{"embeddable":true,"href":"https:\/\/aleeknews.com\/4l33k5\/wp-json\/wp\/v2\/comments?post=30140"}],"version-history":[{"count":0,"href":"https:\/\/aleeknews.com\/4l33k5\/wp-json\/wp\/v2\/posts\/30140\/revisions"}],"wp:featuredmedia":[{"embeddable":true,"href":"https:\/\/aleeknews.com\/4l33k5\/wp-json\/wp\/v2\/media\/30141"}],"wp:attachment":[{"href":"https:\/\/aleeknews.com\/4l33k5\/wp-json\/wp\/v2\/media?parent=30140"}],"wp:term":[{"taxonomy":"category","embeddable":true,"href":"https:\/\/aleeknews.com\/4l33k5\/wp-json\/wp\/v2\/categories?post=30140"},{"taxonomy":"post_tag","embeddable":true,"href":"https:\/\/aleeknews.com\/4l33k5\/wp-json\/wp\/v2\/tags?post=30140"}],"curies":[{"name":"wp","href":"https:\/\/api.w.org\/{rel}","templated":true}]}}