{"id":30136,"date":"2026-08-31T18:44:17","date_gmt":"2026-08-31T22:44:17","guid":{"rendered":"https:\/\/aleeknews.com\/4l33k5\/2026\/08\/31\/cancelada-la-exhibicion-del-met-gala-estas-fueron-las-controversias-que-marcaron-la-carrera-de-john-galliano\/"},"modified":"2026-08-31T18:44:17","modified_gmt":"2026-08-31T22:44:17","slug":"cancelada-la-exhibicion-del-met-gala-estas-fueron-las-controversias-que-marcaron-la-carrera-de-john-galliano","status":"publish","type":"post","link":"https:\/\/aleeknews.com\/4l33k5\/2026\/08\/31\/cancelada-la-exhibicion-del-met-gala-estas-fueron-las-controversias-que-marcaron-la-carrera-de-john-galliano\/","title":{"rendered":"Cancelada la exhibici\u00f3n del Met Gala: Estas fueron las controversias que marcaron la carrera de John Galliano"},"content":{"rendered":"<div>\n<p>Entre un talento inigualable y ca\u00eddas tan dram\u00e1ticas como los dise\u00f1os que present\u00f3 cuando estuvo frente a las m\u00e1s importantes firmas de moda parisinas, la trayectoria del <b>John Galliano<\/b> se podr\u00eda definir como extraordinaria.<\/p>\n<p>Despu\u00e9s de semanas de posicionamientos a favor y en contra de honrar su carrera con la exhibici\u00f3n de la pr\u00f3xima edici\u00f3n de la <a href=\"https:\/\/www.elnuevodia.com\/topicos\/met-gala\/\" target=\"_self\" rel title=\"https:\/\/www.elnuevodia.com\/topicos\/met-gala\/\"><b>Met Gala<\/b><\/a>, el <a href=\"https:\/\/www.elnuevodia.com\/topicos\/museo-metropolitan-de-nueva-york\/\" target=\"_self\" rel title=\"https:\/\/www.elnuevodia.com\/topicos\/museo-metropolitan-de-nueva-york\/\"><b>Museo Metropolitano de Arte de Nueva York<\/b><\/a> anunci\u00f3 que cancelar\u00eda tal reconocimiento.<\/p>\n<p>\u201cTras mucha reflexi\u00f3n y conversaciones con el Met y con todos los involucrados, he decidido, con gran tristeza, que <b>lo mejor es que la exposici\u00f3n no se realice en este momento. Sigo asumiendo plenamente la responsabilidad por el dolor causado por mis palabras en el pasado, en particular el da\u00f1o que caus\u00e9 a las comunidades jud\u00eda y asi\u00e1tica, y lo lamento profundamente<\/b>\u201d, escribi\u00f3 Galliano en un comunicado difundido este lunes. <\/p>\n<p>La cancelaci\u00f3n de la exhibici\u00f3n \u201cJohn Galliano: Horizons\u201d -que no eludir\u00eda sus controversias- es una muestra de que <b>la industria a\u00fan descifra c\u00f3mo balancear el legado de uno de los dise\u00f1adores m\u00e1s trascendentales de la historia de la moda que, al mismo tiempo, ha incurrido en conductas que no se pueden pasar por alto.<\/b><\/p>\n<p>Este anuncio se une a las controversias que han acompa\u00f1ado la trayectoria de Galliano, quien hubiese sido el tercer dise\u00f1ador vivo en que se le dedicara una gala del Met. Aqu\u00ed repasamos algunas de ellas.<\/p>\n<p><h4><b>1. Apropiaci\u00f3n cultural<\/b><\/h4>\n<\/p>\n<p>Durante las presentaciones de varias de sus colecciones para Dior -la firma en la que se desempe\u00f1\u00f3 como director creativo por 15 a\u00f1os-, Galliano fue se\u00f1alado por apropiarse de culturas, con referencias en siluetas, textiles y hasta t\u00e9cnicas.<\/p>\n<p>Una de las m\u00e1s evidentes es la colecci\u00f3n oto\u00f1o-invierno de 1996-1997. <b>Galliano se inspir\u00f3 en las culturas de los nativos americanos, utilizando \u201csuede\u201d como los Blackfoot, siluetas de las vestimentas tradicionales y patrones t\u00edpicos de los tejidos navajos.<\/b><\/p>\n<p>M\u00e1s all\u00e1 de la piezas de ropa, el show estuvo ambientado en una est\u00e9tica \u201cwestern\u201d, como los espacios casi desolados, en donde a\u00fan viven y resisten algunas comunidades nativas. <\/p>\n<div>\n<p data-oembed-type=\"youtube\"><iframe width=\"453\" height=\"340\" src=\"https:\/\/www.youtube.com\/embed\/gZbsPznswA4?feature=oembed\" frameborder=\"0\" allow=\"accelerometer; autoplay; clipboard-write; encrypted-media; gyroscope; picture-in-picture; web-share\" referrerpolicy=\"strict-origin-when-cross-origin\" allowfullscreen title=\"JOHN GALLIANO Fall Winter 1996 1997 Paris - Fashion Channel\"><\/iframe><\/p>\n<\/div>\n<p>Asimismo, las modelos -ninguna nativa- ten\u00eda sus rostros pintados en \u201cuna aproximaci\u00f3n a la pintura de guerra tradicional, en la que cada l\u00ednea y cada color tienen un significado\u201d, seg\u00fan el Fashion Institute of Technology (FIT).<\/p>\n<p><b>\u201cPara su colecci\u00f3n oto\u00f1o\/invierno 1996-97, Galliano se inspir\u00f3 en diversas culturas nativas americanas, en lo que constituye un claro ejemplo de apropiaci\u00f3n cultural<\/b>\u201d, establece el FIT en un art\u00edculo publicado bajo su proyecto educativo <a href=\"https:\/\/fashionhistory.fitnyc.edu\/1996-97-galliano-suede-dress\/\" target=\"_self\" rel title=\"https:\/\/fashionhistory.fitnyc.edu\/1996-97-galliano-suede-dress\/\"><b>Fashion History Timeline<\/b><\/a>.<\/p>\n<p><h4><b>2. \u201cHobo chic\u201d<\/b><\/h4>\n<\/p>\n<p>Para su colecci\u00f3n la colecci\u00f3n de alta costura primavera-verano 2000 de Dior, Galliano present\u00f3 una controversial propuesta <b>inspirada en las personas sin hogar<\/b> que ve\u00eda a la orilla del r\u00edo Sena, en Par\u00eds.<\/p>\n<p><b>La colecci\u00f3n inclu\u00eda piezas razgadas y remendadas con art\u00edculos que parec\u00edan desechos que se encuentran en la calle. Para abonar a la \u201cest\u00e9tica\u201d de la pobreza, las modelos llevaban el pelo en mo\u00f1os despeinados. <\/b><\/p>\n<p>De esta colecci\u00f3n tambi\u00e9n sali\u00f3 el ic\u00f3nico vestido de peri\u00f3dico que llev\u00f3 Carrie Bradashaw en la tercera temporada de Sex and the City y que revivi\u00f3 en la segunda pel\u00edcula de la franquicia.<\/p>\n<div>\n<p data-oembed-type=\"youtube\"><iframe width=\"453\" height=\"340\" src=\"https:\/\/www.youtube.com\/embed\/Y-9mCi58gvM?feature=oembed\" frameborder=\"0\" allow=\"accelerometer; autoplay; clipboard-write; encrypted-media; gyroscope; picture-in-picture; web-share\" referrerpolicy=\"strict-origin-when-cross-origin\" allowfullscreen title=\"Christian Dior Haute Couture 2000 Spring Summer (Full)\"><\/iframe><\/p>\n<\/div>\n<p>\u201cLa cr\u00edtica era que me estaba burlando de las personas sin hogar, pero ellas crean belleza por necesidad. Me encant\u00f3 esa colecci\u00f3n\u201d, dijo Galliano en una entrevista, en 2003, con The Observer sobre la colecci\u00f3n que provoc\u00f3 protestas frente a la sede de Dior en Par\u00eds.<\/p>\n<p>El desfile fue se\u00f1alado hacer un espact\u00e1culo de la miseria, en la que los ricos se disfrazaran de personas que viven en la pobreza extrema.<\/p>\n<p><h4><b>3. Comentarios antisemitas<\/b><\/h4>\n<\/p>\n<p>M\u00e1s all\u00e1 de sus dise\u00f1os, la controversia principal de Galliano ocurri\u00f3 tras la viralizaci\u00f3n de <b>dos videos capturados entre 2010 y 2011 en los que se ve al dise\u00f1ador profiriendo insultos antisemitas y declarando \u201camo a Hitler\u201d, en un bar parisino.<\/b><\/p>\n<p><b>La conducta lo llev\u00f3 a una convicci\u00f3n en los tribunales franceses por antisemitismo<\/b> e impuso una multa de 6,000 euros en caso de reincidencia durante los cinco a\u00f1os posteriores. Asimismo, pag\u00f3 una compensaci\u00f3n simb\u00f3lica a las v\u00edctimas y tuvo que reembolsar los gastos de abogados.<\/p>\n<div>\n<figure><picture><source media=\"(max-width: 375px)\" ><source media=\"(max-width: 767px)\" ><source media=\"(max-width: 1023px)\" ><source ><img src=\"https:\/\/www.elnuevodia.com\/resizer\/v2\/KDVYQNPACBE5LPPYTT77SKRYLU.jpg?auth=d98d1bbd76fead274777cc20d61fff50d8ed39087d1042ff1e77f9b1688bdec8&#038;quality=75&#038;width=829&#038;smart=true\" alt=\"El dise\u00f1ador brit\u00e1nico John Galliano se present\u00f3 al Tribunal Correccional de Par\u00eds, con traje oscuro y melena suelta. (AFP)\" loading=\"eager\" fetchpriority=\"high\" decoding=\"sync\"><\/picture><figcaption>El dise\u00f1ador brit\u00e1nico John Galliano se present\u00f3 al Tribunal Correccional de Par\u00eds, con traje oscuro y melena suelta. (AFP) <\/figcaption><\/figure>\n<\/div>\n<p>Galliano, quien se ha disculpado en reiteradas ocasiones, ha planteado que la conducta se deb\u00eda a su adicci\u00f3n al alcohol y las drogas, condici\u00f3n para la que recibi\u00f3 tratamiento y rehabilitaci\u00f3n.<\/p>\n<p>Este esc\u00e1ndalo le cost\u00f3 su trabajo como director creativo de Christian Dior, posici\u00f3n lo catapult\u00f3 a la cima de la industria de la moda por 15 a\u00f1os, creando momentos y art\u00edculos ic\u00f3nicos como el \u201cSaddle bag\u201d en 1999. <\/p>\n<p>Tras la controversia, en 2014, hizo su regreso a la moda como director creativo de Maison Margiela por espacio de una d\u00e9cada.<\/p>\n<p><h4><b>4. Cancelaci\u00f3n de su Met Gala<\/b><\/h4>\n<\/p>\n<p>Se\u00f1alado principalmente por las controversiales expresiones antisemitas de 2011, el anuncio de que el Costume Institute dedicar\u00eda su exposici\u00f3n primaveral del MET a Galliano tuvo una serie de cuestionamientos que llevaron a su eventual cancelaci\u00f3n.<\/p>\n<p><b>En un comunicado, Galliano asegur\u00f3 que no quer\u00eda que el debate sobre su car\u00e1cter \u201ccoloque al Met en una posici\u00f3n dif\u00edcil ni que distraiga la atenci\u00f3n del extraordinario trabajo del Costume Institute\u201d, entidad que organiza la gala.<\/b><\/p>\n<p>Asimismo, asegur\u00f3 reconocer y respetar que una exposici\u00f3n en homenaje a su \u201cobra resultar\u00eda dolorosa para algunas personas\u201d.<\/p>\n<p>\u201cEntiendo que la reparaci\u00f3n significativa no se logra mediante una exposici\u00f3n, un reconocimiento institucional o un \u00fanico gesto p\u00fablico. Se trata de una responsabilidad continua, que se demuestra a trav\u00e9s de la escucha, el aprendizaje y la propia conducta a lo largo del tiempo\u201d, continu\u00f3.<\/p>\n<div>\n<p><b>1 \/ 17 | <\/b><span> Los looks ic\u00f3nicos de John Galliano que ya pasaron por la alfombra de la Met Gala. Bad Bunny en la Met Gala de 2024.<br \/>\n<\/span><i> &#8211; JUSTIN LANE<\/i><\/p>\n<\/div>\n<p>El brit\u00e1nico hubiera sido el tercer dise\u00f1ador en recibir en vida este homenaje del Costume Institute. En su anuncio, <b>el museo dej\u00f3 meridianamente claro que la exposici\u00f3n no eludir\u00eda los aspectos problem\u00e1ticos de la trayectoria de Galliano.<\/b><\/p>\n<p>\u201cAdem\u00e1s de los extraordinarios logros creativos de Galliano, la exposici\u00f3n abordar\u00e1 la conducta degradante que alter\u00f3 fundamentalmente su carrera y la percepci\u00f3n que el p\u00fablico ten\u00eda de \u00e9l\u201d, afirmaba, entonces, un comunicado emitido por el Met. \u201cAl hacerlo, la exposici\u00f3n analizar\u00e1 c\u00f3mo deben entenderse los logros art\u00edsticos junto con la responsabilidad \u00e9tica\u201d.<\/p>\n<p>El museo a\u00fan no ha detallado cu\u00e1l ser\u00e1 el tema que explorar\u00e1 la pr\u00f3xima exhibici\u00f3n, que se inaugurar\u00e1 el primera lunes de mayo en la Met Gala del 2027.<\/p>\n<\/div>\n\n    <div class=\"xs_social_share_widget xs_share_url after_content \t\tmain_content  wslu-style-1 wslu-share-box-shaped wslu-fill-colored wslu-none wslu-share-horizontal wslu-theme-font-no wslu-main_content\">\n\n\t\t\n        <ul>\n\t\t\t        <\/ul>\n    <\/div> \n","protected":false},"excerpt":{"rendered":"<p>Entre un talento inigualable y ca\u00eddas tan dram\u00e1ticas como los dise\u00f1os que present\u00f3 cuando estuvo frente a las m\u00e1s importantes firmas de moda parisinas, la trayectoria del John Galliano se podr\u00eda definir como extraordinaria. Despu\u00e9s de semanas de posicionamientos a favor y en contra de honrar su carrera con la exhibici\u00f3n de la pr\u00f3xima edici\u00f3n<\/p>\n","protected":false},"author":2,"featured_media":30137,"comment_status":"open","ping_status":"open","sticky":false,"template":"","format":"standard","meta":{"om_disable_all_campaigns":false,"_monsterinsights_skip_tracking":false,"footnotes":""},"categories":[36],"tags":[],"class_list":["post-30136","post","type-post","status-publish","format-standard","has-post-thumbnail","hentry","category-magazine"],"aioseo_notices":[],"_links":{"self":[{"href":"https:\/\/aleeknews.com\/4l33k5\/wp-json\/wp\/v2\/posts\/30136","targetHints":{"allow":["GET"]}}],"collection":[{"href":"https:\/\/aleeknews.com\/4l33k5\/wp-json\/wp\/v2\/posts"}],"about":[{"href":"https:\/\/aleeknews.com\/4l33k5\/wp-json\/wp\/v2\/types\/post"}],"author":[{"embeddable":true,"href":"https:\/\/aleeknews.com\/4l33k5\/wp-json\/wp\/v2\/users\/2"}],"replies":[{"embeddable":true,"href":"https:\/\/aleeknews.com\/4l33k5\/wp-json\/wp\/v2\/comments?post=30136"}],"version-history":[{"count":0,"href":"https:\/\/aleeknews.com\/4l33k5\/wp-json\/wp\/v2\/posts\/30136\/revisions"}],"wp:featuredmedia":[{"embeddable":true,"href":"https:\/\/aleeknews.com\/4l33k5\/wp-json\/wp\/v2\/media\/30137"}],"wp:attachment":[{"href":"https:\/\/aleeknews.com\/4l33k5\/wp-json\/wp\/v2\/media?parent=30136"}],"wp:term":[{"taxonomy":"category","embeddable":true,"href":"https:\/\/aleeknews.com\/4l33k5\/wp-json\/wp\/v2\/categories?post=30136"},{"taxonomy":"post_tag","embeddable":true,"href":"https:\/\/aleeknews.com\/4l33k5\/wp-json\/wp\/v2\/tags?post=30136"}],"curies":[{"name":"wp","href":"https:\/\/api.w.org\/{rel}","templated":true}]}}