{"id":30122,"date":"2026-08-31T16:43:43","date_gmt":"2026-08-31T20:43:43","guid":{"rendered":"https:\/\/aleeknews.com\/4l33k5\/2026\/08\/31\/los-industriales-activan-sus-planes-de-contingencia-ante-la-falta-de-agua\/"},"modified":"2026-08-31T16:43:43","modified_gmt":"2026-08-31T20:43:43","slug":"los-industriales-activan-sus-planes-de-contingencia-ante-la-falta-de-agua","status":"publish","type":"post","link":"https:\/\/aleeknews.com\/4l33k5\/2026\/08\/31\/los-industriales-activan-sus-planes-de-contingencia-ante-la-falta-de-agua\/","title":{"rendered":"Los industriales activan sus planes de contingencia ante la falta de agua"},"content":{"rendered":"<div>\n<p>Las empresas de <a href=\"https:\/\/www.elnuevodia.com\/topicos\/manufactura\/\" rel><b>manufactura <\/b><\/a>en Puerto Rico activaron este mi\u00e9rcoles sus protocolos de emergencia e infraestructuras operativas para mitigar el efecto que la falta de agua tendr\u00e1 en la producci\u00f3n del sector y para garantizar la continuidad de los servicios, luego de que la gobernadora <a href=\"https:\/\/elnuevodia.com\/topicos\/JENNIFFER-GONZALEZ\" rel><b>Jenniffer Gonz\u00e1lez Col\u00f3n<\/b><\/a> anunciara el comienzo del rondas de racionamiento de agua potable por sequ\u00eda.<\/p>\n<p>La <a href=\"https:\/\/www.elnuevodia.com\/topicos\/asociacion-de-industriales-de-puerto-rico\/\" rel><b>Asociaci\u00f3n de Industriales de Puerto Rico<\/b><\/a> (AIPR) inform\u00f3 que el sector manufacturero cuenta con planes estrat\u00e9gicos de contingencia e inversi\u00f3n en sistemas de reserva para hacer frente a eventos de sequ\u00eda. <\/p>\n<p>No obstante, la organizaci\u00f3n reclam\u00f3 que pese a la emergencia, el gobierno no ha activado los grupos de trabajo en situaciones de emergencia. <\/p>\n<p><b>La organizaci\u00f3n expres\u00f3 preocupaci\u00f3n ante el hecho de que, hasta el momento, no se ha activado el Puerto Rico Business Emergency Operations Center (BEOC), a pesar de que el pasado 31 de julio se firm\u00f3 la Orden Ejecutiva OE-2026-035 para declarar un estado de emergencia respecto al uso del agua. <\/b><\/p>\n<p>La BEOC funge como un enlace medular entre el Gobierno de Puerto Rico y el sector privado para coordinar la log\u00edstica y salvaguardar la infraestructura cr\u00edtica durante situaciones de emergencia o desastres en la isla.<\/p>\n<p>Ante la severidad del escenario, Industriales solicit\u00f3 al Ejecutivo la activaci\u00f3n inmediata del funcionamiento del BEOC. <\/p>\n<p>\u201cEsta integraci\u00f3n resulta imprescindible para articular una respuesta r\u00e1pida, agilizar la distribuci\u00f3n de recursos h\u00eddricos esenciales y acelerar la estabilizaci\u00f3n de las operaciones productivas que garantizan el sustento econ\u00f3mico del pa\u00eds\u201d, subray\u00f3 el presidente de la AIPR, Rafael V\u00e9lez Dom\u00ednguez.<\/p>\n<p><h4><b>M\u00e1s all\u00e1 de la sequ\u00eda <\/b><\/h4>\n<\/p>\n<p><b>V\u00e9lez Dom\u00ednguez destac\u00f3 que el escenario actual va m\u00e1s all\u00e1 de un fen\u00f3meno climatol\u00f3gico y requiere atender de fondo las deficiencias del sistema h\u00eddrico de la isla.<\/b><\/p>\n<p>\u201cSi bien la sequ\u00eda act\u00faa como detonante, esta crisis evidencia la urgencia de acelerar la modernizaci\u00f3n y el mantenimiento preventivo de la infraestructura h\u00eddrica a cargo de la Autoridad de Acueductos y Alcantarillados (<a href=\"https:\/\/www.elnuevodia.com\/topicos\/aaa\/\" rel><b>AAA<\/b><\/a>)\u201d, dijo el contador p\u00fablico autorizado (CPA).<\/p>\n<p>V\u00e9lez Dom\u00ednguez explic\u00f3 que la p\u00e9rdida sistem\u00e1tica de agua por roturas en las tuber\u00edas y el rezago en la actualizaci\u00f3n de equipos acortan la vida \u00fatil de nuestras reservas. Es imperativo ejecutar con celeridad las obras planificadas de renovaci\u00f3n de activos para evitar que las interrupciones del servicio contin\u00faen vulnerando la actividad productiva y la retenci\u00f3n de empleos\u201d, se\u00f1al\u00f3 el <\/p>\n<p><b>Karen Mojica Franceschi, vicepresidenta ejecutiva de la AIPR, alert\u00f3 sobre el impacto econ\u00f3mico directo que representa la nueva crisis de infraestructura en la isla.<\/b><\/p>\n<p><h4><b>Golpe a las operaciones y a las finanzas<\/b><\/h4>\n<\/p>\n<p>\u201cNuestra industria se ha preparado hist\u00f3ricamente para responder con agilidad a las emergencias clim\u00e1ticas e h\u00eddricas. <b>Sin embargo, la compra extraordinaria de agua e insumos para mantener operativas las plantas genera una sobrecarga econ\u00f3mica que afecta la competitividad de las empresas<\/b>. Hacemos un llamado a mantener una comunicaci\u00f3n constante entre el sector privado y las agencias de gobierno para monitorear los abastos y coordinar el suministro a los centros de manufactura, que son el motor econ\u00f3mico del pa\u00eds\u201d, expres\u00f3 Mojica Franceschi..<\/p>\n<p>La ejecutiva mencion\u00f3 que los costos operacionales adicionales se han elevado dr\u00e1sticamente ante la necesidad de contratar camiones cisterna y adquirir abastos suplementarios de agua. <\/p>\n<p><b>La disponibilidad de agua potable, seg\u00fan Industriales, es indispensable tanto para las l\u00edneas de procesamiento como para el riguroso mantenimiento de cuartos limpios y la higienizaci\u00f3n de instalaciones que albergan miles de trabajadores.<\/b><\/p>\n<p>El plan de interrupciones programadas del servicio de agua potable para los abonados que se sirven del<a href=\"https:\/\/elnuevodia.com\/topicos\/EMBALSE-CARRAIZO\" rel> embalse Carra\u00edzo<\/a> comenzar\u00e1 el viernes a las 6:00 a.m., anunci\u00f3 la gobernadora el martes en la noche.<\/p>\n<p>Este racionamiento afectar\u00e1 a sectores y barrios de San Juan, Carolina, Juncos, Gurabo, Trujillo Alto, Can\u00f3vanas y Lo\u00edza, con interrupciones programadas de 48 horas. Las \u00e1reas impactadas se dividir\u00e1n en dos zonas y se alternar\u00e1n las interrupciones. <\/p>\n<p>As\u00ed las cosas, la organizaci\u00f3n enfatiz\u00f3 que los socios industriales a trav\u00e9s de toda la isla se mantienen en m\u00e1xima alerta ante la baja sostenida en los niveles de los embalses principales.<\/p>\n<\/div>\n\n    <div class=\"xs_social_share_widget xs_share_url after_content \t\tmain_content  wslu-style-1 wslu-share-box-shaped wslu-fill-colored wslu-none wslu-share-horizontal wslu-theme-font-no wslu-main_content\">\n\n\t\t\n        <ul>\n\t\t\t        <\/ul>\n    <\/div> \n","protected":false},"excerpt":{"rendered":"<p>Las empresas de manufactura en Puerto Rico activaron este mi\u00e9rcoles sus protocolos de emergencia e infraestructuras operativas para mitigar el efecto que la falta de agua tendr\u00e1 en la producci\u00f3n del sector y para garantizar la continuidad de los servicios, luego de que la gobernadora Jenniffer Gonz\u00e1lez Col\u00f3n anunciara el comienzo del rondas de racionamiento<\/p>\n","protected":false},"author":2,"featured_media":0,"comment_status":"open","ping_status":"open","sticky":false,"template":"","format":"standard","meta":{"om_disable_all_campaigns":false,"_monsterinsights_skip_tracking":false,"footnotes":""},"categories":[5],"tags":[],"class_list":["post-30122","post","type-post","status-publish","format-standard","hentry","category-negocios"],"aioseo_notices":[],"_links":{"self":[{"href":"https:\/\/aleeknews.com\/4l33k5\/wp-json\/wp\/v2\/posts\/30122","targetHints":{"allow":["GET"]}}],"collection":[{"href":"https:\/\/aleeknews.com\/4l33k5\/wp-json\/wp\/v2\/posts"}],"about":[{"href":"https:\/\/aleeknews.com\/4l33k5\/wp-json\/wp\/v2\/types\/post"}],"author":[{"embeddable":true,"href":"https:\/\/aleeknews.com\/4l33k5\/wp-json\/wp\/v2\/users\/2"}],"replies":[{"embeddable":true,"href":"https:\/\/aleeknews.com\/4l33k5\/wp-json\/wp\/v2\/comments?post=30122"}],"version-history":[{"count":0,"href":"https:\/\/aleeknews.com\/4l33k5\/wp-json\/wp\/v2\/posts\/30122\/revisions"}],"wp:attachment":[{"href":"https:\/\/aleeknews.com\/4l33k5\/wp-json\/wp\/v2\/media?parent=30122"}],"wp:term":[{"taxonomy":"category","embeddable":true,"href":"https:\/\/aleeknews.com\/4l33k5\/wp-json\/wp\/v2\/categories?post=30122"},{"taxonomy":"post_tag","embeddable":true,"href":"https:\/\/aleeknews.com\/4l33k5\/wp-json\/wp\/v2\/tags?post=30122"}],"curies":[{"name":"wp","href":"https:\/\/api.w.org\/{rel}","templated":true}]}}