{"id":30119,"date":"2026-08-31T16:43:45","date_gmt":"2026-08-31T20:43:45","guid":{"rendered":"https:\/\/aleeknews.com\/4l33k5\/2026\/08\/31\/la-gobernadora-asegura-este-es-el-momento-de-invertir-y-hacer-negocio-en-puerto-rico\/"},"modified":"2026-08-31T16:43:45","modified_gmt":"2026-08-31T20:43:45","slug":"la-gobernadora-asegura-este-es-el-momento-de-invertir-y-hacer-negocio-en-puerto-rico","status":"publish","type":"post","link":"https:\/\/aleeknews.com\/4l33k5\/2026\/08\/31\/la-gobernadora-asegura-este-es-el-momento-de-invertir-y-hacer-negocio-en-puerto-rico\/","title":{"rendered":"La gobernadora asegura: \u201ceste es el momento de invertir y hacer negocio en Puerto Rico\u201d"},"content":{"rendered":"<div>\n<p>Ante un sal\u00f3n con decenas de empresas exportadoras que operan en Puerto Rico, la gobernadora <a href=\"https:\/\/www.elnuevodia.com\/topicos\/jenniffer-gonzalez\/\" target=\"_blank\" rel=\"noreferrer\" title=\"https:\/\/www.elnuevodia.com\/topicos\/jenniffer-gonzalez\/\"><b>Jenniffer Gonz\u00e1lez Col\u00f3n<\/b><\/a> asegur\u00f3 este viernes que es el momento id\u00f3neo para invertir en la isla.<\/p>\n<p>La mandataria adjudic\u00f3 el buen momento para invertir a los 1.2 millones de personas en la fuerza laboral, a la creaci\u00f3n de 27,439 corporaciones en un a\u00f1o (16.9% m\u00e1s que el pasado a\u00f1o) y a los compromisos de inversi\u00f3n que se hicieron en el pasado a\u00f1o y medio, entre otros indicadores econ\u00f3micos.<\/p>\n<p>\u201cEste es el momento para invertir y hacer negocios en Puerto Rico. Una cosa es lo que uno puede decir, creer, pero eso (es) lo que demuestran los resultados. Estamos viviendo el momento de mayor actividad econ\u00f3mica en la d\u00e9cada, el de m\u00e1s gente trabajando, m\u00e1s empresas generando inversi\u00f3n privada\u201d, dijo Gonz\u00e1lez Col\u00f3n.<\/p>\n<p>Las expresiones de la gobernadora se dieron durante la convenci\u00f3n de la ExpoComPR Foundation, en la que ofreci\u00f3 un mensaje a los asistentes y le volvieron a cantar cumple\u00f1os. <b>Gonz\u00e1lez Col\u00f3n, empero, no quiso conceder un aparte para atender preguntas de la prensa.<\/b> <\/p>\n<p>La gobernadora insisti\u00f3 en que es un momento id\u00f3neo para invertir en la isla, en tiempos en los que el archipi\u00e9lago puertorrique\u00f1o se encuentra bajo estado de emergencia por la sequ\u00eda extrema que ha mantenido a unos siete municipios del \u00e1rea metropolitana bajo un plan de racionamiento del servicio de agua por los pasados 14 d\u00edas.<\/p>\n<p>De otra parte, la Autoridad de Energ\u00eda El\u00e9ctrica (<a href=\"https:\/\/www.elnuevodia.com\/topicos\/aee\/\" target=\"_blank\" rel=\"noreferrer\" title=\"https:\/\/www.elnuevodia.com\/topicos\/aee\/\"><b>AEE<\/b><\/a>) cancel\u00f3 esta semana un contrato multimillonario que promet\u00eda garantizar 400 megavatios de energ\u00eda temporera en momentos de emergencia o de alta demanda. <\/p>\n<p><b>La gobernadora no hizo alusi\u00f3n alguna en torno a c\u00f3mo el gobierno ha manejando <\/b><a href=\"https:\/\/www.elnuevodia.com\/noticias\/locales\/notas\/en-apenas-una-semana-sequia-extrema-casi-duplica-su-extension-en-puerto-rico\/\" target=\"_blank\" rel=\"noreferrer\" title=\"https:\/\/www.elnuevodia.com\/noticias\/locales\/notas\/en-apenas-una-semana-sequia-extrema-casi-duplica-su-extension-en-puerto-rico\/\"><b>la crisis del agua<\/b><\/a><b> en la isla y, tampoco, ofreci\u00f3 una actualizaci\u00f3n sobre su plan para garantizar la estabilidad el\u00e9ctrica del pa\u00eds ante la terminaci\u00f3n del <\/b><a href=\"https:\/\/www.elnuevodia.com\/negocios\/empresas-comercios\/notas\/la-aee-cancela-el-contrato-de-power-expectations\/\" target=\"_blank\" rel=\"noreferrer\" title=\"https:\/\/www.elnuevodia.com\/negocios\/empresas-comercios\/notas\/la-aee-cancela-el-contrato-de-power-expectations\/\"><b>contrato de energ\u00eda temporera<\/b><\/a><b> con Power Expectations.<\/b><\/p>\n<p>A su vez, contin\u00faan sin aprobarse las prometidas reformas al sistema <a href=\"https:\/\/www.elnuevodia.com\/topicos\/reforma-contributiva\/\" target=\"_blank\" rel=\"noreferrer\" title=\"https:\/\/www.elnuevodia.com\/topicos\/reforma-contributiva\/\"><b>contributivo <\/b><\/a>y de <a href=\"https:\/\/www.elnuevodia.com\/topicos\/reforma-de-permisos\/\" target=\"_blank\" rel=\"noreferrer\" title=\"https:\/\/www.elnuevodia.com\/topicos\/reforma-de-permisos\/\"><b>permisos<\/b><\/a>. Sobre los proyectos presentados a principios del a\u00f1o para atender lo \u00faltimo, Gonz\u00e1lez Col\u00f3n mencion\u00f3 que espera que la Asamblea Legislativa apruebe las medidas entre este mes y el siguiente.<\/p>\n<p>\u201cCuando hablamos del C\u00f3digo de Permisos en una sola agencia, una sola ley y un solo reglamento, estamos hablando de combinarlo todo; permisos, <a href=\"https:\/\/www.elnuevodia.com\/negocios\/turismo\/\" target=\"_blank\" rel=\"noreferrer\" title=\"https:\/\/www.elnuevodia.com\/negocios\/turismo\/\"><b>turismo <\/b><\/a>(y) <a href=\"https:\/\/www.elnuevodia.com\/topicos\/manufactura\/\" target=\"_blank\" rel=\"noreferrer\" title=\"https:\/\/www.elnuevodia.com\/topicos\/manufactura\/\"><b>manufactura<\/b><\/a>. Estamos hablando de hacer negocios m\u00e1s f\u00e1cil en Puerto Rico. Es el \u00faltimo eslab\u00f3n que nos falta para poder vender esa cara de Puerto Rico como el lugar id\u00f3neo para hacer negocios\u201d, dijo Gonz\u00e1lez Col\u00f3n refiri\u00e9ndose a la reforma de permisos.<\/p>\n<p>Otros indicadores econ\u00f3micos presentados por la gobernadora que muestran avances fueron en el sector tur\u00edstico (4.1%), salud y educaci\u00f3n (1.5%), construcci\u00f3n (2.8%) y servicios financieros (1.2%).<\/p>\n<p>Adem\u00e1s, Gonz\u00e1lez Col\u00f3n enfatiz\u00f3 en los avances de la estrategia de <i>reshoring<\/i> en Puerto Rico, indicando que en lo que va de su administraci\u00f3n, el <a href=\"https:\/\/www.elnuevodia.com\/topicos\/departamento-de-desarrollo-economico-y-comercio\/\" target=\"_blank\" rel=\"noreferrer\" title=\"https:\/\/www.elnuevodia.com\/topicos\/departamento-de-desarrollo-economico-y-comercio\/\"><b>Departamento de desarrollo Econ\u00f3mico y Comercio (DDEC)<\/b><\/a> ha anunciado unos 29 proyectos con 27 compa\u00f1\u00edas del sector industrial, que en conjunto, representan alrededor de $2,681 millones en inversi\u00f3n privada comprometida y 5,069 nuevos empleos.<\/p>\n<p>Tambi\u00e9n presumi\u00f3 un super\u00e1vit comercial de $5,400 millones, cuando se compara con los $53,900 millones en exportaciones versus los $48,500 millones en importaciones. <\/p>\n<p>No obstante, datos del <a href=\"https:\/\/www.elnuevodia.com\/topicos\/instituto-de-estadisticas-de-puerto-rico\/\" rel><b>Instituto de Estad\u00edsticas de Puerto Rico<\/b><\/a> (IE) detallan que, en 2025, <b>Puerto Rico export\u00f3 $62,435 millones<\/b>, lo que supuso un super\u00e1vit comercial equivalente a <b>$7,402 millones<\/b>.<\/p>\n<\/div>\n\n    <div class=\"xs_social_share_widget xs_share_url after_content \t\tmain_content  wslu-style-1 wslu-share-box-shaped wslu-fill-colored wslu-none wslu-share-horizontal wslu-theme-font-no wslu-main_content\">\n\n\t\t\n        <ul>\n\t\t\t        <\/ul>\n    <\/div> \n","protected":false},"excerpt":{"rendered":"<p>Ante un sal\u00f3n con decenas de empresas exportadoras que operan en Puerto Rico, la gobernadora Jenniffer Gonz\u00e1lez Col\u00f3n asegur\u00f3 este viernes que es el momento id\u00f3neo para invertir en la isla. La mandataria adjudic\u00f3 el buen momento para invertir a los 1.2 millones de personas en la fuerza laboral, a la creaci\u00f3n de 27,439 corporaciones<\/p>\n","protected":false},"author":2,"featured_media":30120,"comment_status":"open","ping_status":"open","sticky":false,"template":"","format":"standard","meta":{"om_disable_all_campaigns":false,"_monsterinsights_skip_tracking":false,"footnotes":""},"categories":[5],"tags":[],"class_list":["post-30119","post","type-post","status-publish","format-standard","has-post-thumbnail","hentry","category-negocios"],"aioseo_notices":[],"_links":{"self":[{"href":"https:\/\/aleeknews.com\/4l33k5\/wp-json\/wp\/v2\/posts\/30119","targetHints":{"allow":["GET"]}}],"collection":[{"href":"https:\/\/aleeknews.com\/4l33k5\/wp-json\/wp\/v2\/posts"}],"about":[{"href":"https:\/\/aleeknews.com\/4l33k5\/wp-json\/wp\/v2\/types\/post"}],"author":[{"embeddable":true,"href":"https:\/\/aleeknews.com\/4l33k5\/wp-json\/wp\/v2\/users\/2"}],"replies":[{"embeddable":true,"href":"https:\/\/aleeknews.com\/4l33k5\/wp-json\/wp\/v2\/comments?post=30119"}],"version-history":[{"count":0,"href":"https:\/\/aleeknews.com\/4l33k5\/wp-json\/wp\/v2\/posts\/30119\/revisions"}],"wp:featuredmedia":[{"embeddable":true,"href":"https:\/\/aleeknews.com\/4l33k5\/wp-json\/wp\/v2\/media\/30120"}],"wp:attachment":[{"href":"https:\/\/aleeknews.com\/4l33k5\/wp-json\/wp\/v2\/media?parent=30119"}],"wp:term":[{"taxonomy":"category","embeddable":true,"href":"https:\/\/aleeknews.com\/4l33k5\/wp-json\/wp\/v2\/categories?post=30119"},{"taxonomy":"post_tag","embeddable":true,"href":"https:\/\/aleeknews.com\/4l33k5\/wp-json\/wp\/v2\/tags?post=30119"}],"curies":[{"name":"wp","href":"https:\/\/api.w.org\/{rel}","templated":true}]}}