{"id":30111,"date":"2026-08-31T16:42:21","date_gmt":"2026-08-31T20:42:21","guid":{"rendered":"https:\/\/aleeknews.com\/4l33k5\/2026\/08\/31\/donald-trump-asegura-que-podria-retirar-candidatura-del-fiscal-general-hasta-que-se-marchen-los-senadores-disidentes-2\/"},"modified":"2026-08-31T16:42:21","modified_gmt":"2026-08-31T20:42:21","slug":"donald-trump-asegura-que-podria-retirar-candidatura-del-fiscal-general-hasta-que-se-marchen-los-senadores-disidentes-2","status":"publish","type":"post","link":"https:\/\/aleeknews.com\/4l33k5\/2026\/08\/31\/donald-trump-asegura-que-podria-retirar-candidatura-del-fiscal-general-hasta-que-se-marchen-los-senadores-disidentes-2\/","title":{"rendered":"Donald Trump asegura que podr\u00eda retirar candidatura del Fiscal General hasta que se marchen los senadores disidentes"},"content":{"rendered":"<div>\n<div data-fusion-lazy-id=\"f0fQYcNoHQKSGL\">\n<div class>\n<p><a href=\"https:\/\/thetrustproject.org\/\"><img decoding=\"async\" src=\"https:\/\/www.elnuevodia.com\/pf\/resources\/v2\/icons\/trust-icon.svg?d=247\"><\/a><\/p>\n<div>\n<p>Servicio de noticias<\/p>\n<div>\n<p>Producido externamente por una organizaci\u00f3n que confiamos cumple con las normas period\u00edsticas.<\/p>\n<\/div>\n<\/div>\n<\/div>\n<div>\n<h2>El presidente amenaz\u00f3 con retirar la nominaci\u00f3n de Todd Blanche debido a desacuerdos con senadores republicanos<\/h2>\n<div>\n<p>31 de julio de 2026 &#8211; 9:16 PM<\/p>\n<\/div>\n<div>\n<p><b>Archivo<\/b><\/p>\n<p>Esta historia fue publicada hace m\u00e1s de 1 mes.<\/p>\n<\/div>\n<\/div>\n<\/div>\n<div data-fusion-lazy-id=\"f0fIYaQF9GLV14D\">\n<div><picture><source media=\"(max-width: 375px)\" ><source media=\"(max-width: 767px)\" ><source media=\"(max-width: 1023px)\" ><source ><\/picture><figcaption>Con todos los senadores dem\u00f3cratas en contra, bastar\u00eda con que un solo republicano disidente del Comit\u00e9 Judicial del Senado echara por tierra las posibilidades de que Todd Blanche sea confirmado. <span>(Mark Schiefelbein)<\/span><\/figcaption><\/div>\n<div>\n<p><span>Por <b><\/b><b>The Associated Press<\/b><\/span><\/p>\n<p><span>Agencia de noticias<\/span><\/p>\n<\/div>\n<div>\n<p><b>Wasington\u2014<\/b> El presidente <a href=\"https:\/\/www.elnuevodia.com\/topicos\/donald-trump\/\" target=\"_blank\" rel=\"noreferrer\" title=\"https:\/\/www.elnuevodia.com\/topicos\/donald-trump\/\"><b>Donald Trump<\/b><\/a> afirm\u00f3 el jueves que podr\u00eda retirar la candidatura de Todd Blanche como fiscal general en el <a href=\"https:\/\/www.elnuevodia.com\/topicos\/departamento-de-justicia-de-estados-unidos\/\" target=\"_blank\" rel=\"noreferrer\" title=\"https:\/\/www.elnuevodia.com\/topicos\/departamento-de-justicia-de-estados-unidos\/\"><b>Departamento de Justicia de Estados Unidos<\/b><\/a> <b>(DOJ, en ingl\u00e9s)<\/b> para evitar hacer concesiones a los senadores republicanos que exigen l\u00edmites a un amplio acuerdo de inmunidad para el presidente y los miembros de su familia, y que Trump negoci\u00f3 con su propio DOJ.<\/p>\n<\/div>\n<\/div>\n<section>\n<header><span>Popular en la Comunidad<\/span><\/header>\n<\/section>\n<\/div>\n\n    <div class=\"xs_social_share_widget xs_share_url after_content \t\tmain_content  wslu-style-1 wslu-share-box-shaped wslu-fill-colored wslu-none wslu-share-horizontal wslu-theme-font-no wslu-main_content\">\n\n\t\t\n        <ul>\n\t\t\t        <\/ul>\n    <\/div> \n","protected":false},"excerpt":{"rendered":"<p>Servicio de noticias Producido externamente por una organizaci\u00f3n que confiamos cumple con las normas period\u00edsticas. El presidente amenaz\u00f3 con retirar la nominaci\u00f3n de Todd Blanche debido a desacuerdos con senadores republicanos 31 de julio de 2026 &#8211; 9:16 PM Archivo Esta historia fue publicada hace m\u00e1s de 1 mes. Con todos los senadores dem\u00f3cratas en<\/p>\n","protected":false},"author":2,"featured_media":30107,"comment_status":"open","ping_status":"open","sticky":false,"template":"","format":"standard","meta":{"om_disable_all_campaigns":false,"_monsterinsights_skip_tracking":false,"footnotes":""},"categories":[6],"tags":[],"class_list":["post-30111","post","type-post","status-publish","format-standard","has-post-thumbnail","hentry","category-politica"],"aioseo_notices":[],"_links":{"self":[{"href":"https:\/\/aleeknews.com\/4l33k5\/wp-json\/wp\/v2\/posts\/30111","targetHints":{"allow":["GET"]}}],"collection":[{"href":"https:\/\/aleeknews.com\/4l33k5\/wp-json\/wp\/v2\/posts"}],"about":[{"href":"https:\/\/aleeknews.com\/4l33k5\/wp-json\/wp\/v2\/types\/post"}],"author":[{"embeddable":true,"href":"https:\/\/aleeknews.com\/4l33k5\/wp-json\/wp\/v2\/users\/2"}],"replies":[{"embeddable":true,"href":"https:\/\/aleeknews.com\/4l33k5\/wp-json\/wp\/v2\/comments?post=30111"}],"version-history":[{"count":0,"href":"https:\/\/aleeknews.com\/4l33k5\/wp-json\/wp\/v2\/posts\/30111\/revisions"}],"wp:featuredmedia":[{"embeddable":true,"href":"https:\/\/aleeknews.com\/4l33k5\/wp-json\/wp\/v2\/media\/30107"}],"wp:attachment":[{"href":"https:\/\/aleeknews.com\/4l33k5\/wp-json\/wp\/v2\/media?parent=30111"}],"wp:term":[{"taxonomy":"category","embeddable":true,"href":"https:\/\/aleeknews.com\/4l33k5\/wp-json\/wp\/v2\/categories?post=30111"},{"taxonomy":"post_tag","embeddable":true,"href":"https:\/\/aleeknews.com\/4l33k5\/wp-json\/wp\/v2\/tags?post=30111"}],"curies":[{"name":"wp","href":"https:\/\/api.w.org\/{rel}","templated":true}]}}