{"id":30110,"date":"2026-08-31T16:42:22","date_gmt":"2026-08-31T20:42:22","guid":{"rendered":"https:\/\/aleeknews.com\/4l33k5\/2026\/08\/31\/ppd-cuestiona-recaudos-del-pip-denuncian-mas-de-200000-en-donativos-anonimos-2\/"},"modified":"2026-08-31T16:42:22","modified_gmt":"2026-08-31T20:42:22","slug":"ppd-cuestiona-recaudos-del-pip-denuncian-mas-de-200000-en-donativos-anonimos-2","status":"publish","type":"post","link":"https:\/\/aleeknews.com\/4l33k5\/2026\/08\/31\/ppd-cuestiona-recaudos-del-pip-denuncian-mas-de-200000-en-donativos-anonimos-2\/","title":{"rendered":"PPD cuestiona recaudos del PIP: denuncian m\u00e1s de $200,000 en donativos an\u00f3nimos"},"content":{"rendered":"<div data-fusion-lazy-id=\"f0fQYcNoHQKSGL\">\n<div class>\n<p><a href=\"https:\/\/thetrustproject.org\/\"><img decoding=\"async\" src=\"https:\/\/www.elnuevodia.com\/pf\/resources\/v2\/icons\/trust-icon.svg?d=247\"><\/a><\/p>\n<div>\n<p>Noticia<\/p>\n<div>\n<p>Basado en hechos que el periodista haya observado y verificado de primera mano, o en informaci\u00f3n verificada que proviene de fuentes bien informadas.<\/p>\n<\/div>\n<\/div>\n<\/div>\n<div>\n<h2>Manuel Calder\u00f3n Cerame, junto a l\u00edderes de organizaciones populares, dijo que la Pava examin\u00f3 los informes de donativos de los independentistas correspondientes a 2025 y 2026 <\/h2>\n<div>\n<p>29 de julio de 2026 &#8211; 1:24 PM<\/p>\n<div>\n<p><img decoding=\"async\" src=\"https:\/\/www.elnuevodia.com\/pf\/resources\/images\/el-nuevo-dia\/Down-Right-Arrow.png?d=247\" alt=\"Updated At\"><\/p>\n<p>Actualizado el 29 de julio de 2026 &#8211; 3:57 PM<\/p>\n<\/div>\n<\/div>\n<div>\n<p><b>Archivo<\/b><\/p>\n<p>Esta historia fue publicada hace m\u00e1s de 1 mes.<\/p>\n<\/div>\n<\/div>\n<\/div>\n\n    <div class=\"xs_social_share_widget xs_share_url after_content \t\tmain_content  wslu-style-1 wslu-share-box-shaped wslu-fill-colored wslu-none wslu-share-horizontal wslu-theme-font-no wslu-main_content\">\n\n\t\t\n        <ul>\n\t\t\t        <\/ul>\n    <\/div> \n","protected":false},"excerpt":{"rendered":"<p>Noticia Basado en hechos que el periodista haya observado y verificado de primera mano, o en informaci\u00f3n verificada que proviene de fuentes bien informadas. Manuel Calder\u00f3n Cerame, junto a l\u00edderes de organizaciones populares, dijo que la Pava examin\u00f3 los informes de donativos de los independentistas correspondientes a 2025 y 2026 29 de julio de 2026<\/p>\n","protected":false},"author":2,"featured_media":30109,"comment_status":"open","ping_status":"open","sticky":false,"template":"","format":"standard","meta":{"om_disable_all_campaigns":false,"_monsterinsights_skip_tracking":false,"footnotes":""},"categories":[6],"tags":[],"class_list":["post-30110","post","type-post","status-publish","format-standard","has-post-thumbnail","hentry","category-politica"],"aioseo_notices":[],"_links":{"self":[{"href":"https:\/\/aleeknews.com\/4l33k5\/wp-json\/wp\/v2\/posts\/30110","targetHints":{"allow":["GET"]}}],"collection":[{"href":"https:\/\/aleeknews.com\/4l33k5\/wp-json\/wp\/v2\/posts"}],"about":[{"href":"https:\/\/aleeknews.com\/4l33k5\/wp-json\/wp\/v2\/types\/post"}],"author":[{"embeddable":true,"href":"https:\/\/aleeknews.com\/4l33k5\/wp-json\/wp\/v2\/users\/2"}],"replies":[{"embeddable":true,"href":"https:\/\/aleeknews.com\/4l33k5\/wp-json\/wp\/v2\/comments?post=30110"}],"version-history":[{"count":0,"href":"https:\/\/aleeknews.com\/4l33k5\/wp-json\/wp\/v2\/posts\/30110\/revisions"}],"wp:featuredmedia":[{"embeddable":true,"href":"https:\/\/aleeknews.com\/4l33k5\/wp-json\/wp\/v2\/media\/30109"}],"wp:attachment":[{"href":"https:\/\/aleeknews.com\/4l33k5\/wp-json\/wp\/v2\/media?parent=30110"}],"wp:term":[{"taxonomy":"category","embeddable":true,"href":"https:\/\/aleeknews.com\/4l33k5\/wp-json\/wp\/v2\/categories?post=30110"},{"taxonomy":"post_tag","embeddable":true,"href":"https:\/\/aleeknews.com\/4l33k5\/wp-json\/wp\/v2\/tags?post=30110"}],"curies":[{"name":"wp","href":"https:\/\/api.w.org\/{rel}","templated":true}]}}