{"id":30104,"date":"2026-08-31T16:42:26","date_gmt":"2026-08-31T20:42:26","guid":{"rendered":"https:\/\/aleeknews.com\/4l33k5\/2026\/08\/31\/secretario-del-daco-crea-comite-de-campana-politica-en-anticipo-a-posible-aspiracion-a-la-alcaldia-de-catano-2\/"},"modified":"2026-08-31T16:42:26","modified_gmt":"2026-08-31T20:42:26","slug":"secretario-del-daco-crea-comite-de-campana-politica-en-anticipo-a-posible-aspiracion-a-la-alcaldia-de-catano-2","status":"publish","type":"post","link":"https:\/\/aleeknews.com\/4l33k5\/2026\/08\/31\/secretario-del-daco-crea-comite-de-campana-politica-en-anticipo-a-posible-aspiracion-a-la-alcaldia-de-catano-2\/","title":{"rendered":"Secretario del DACO crea comit\u00e9 de campa\u00f1a pol\u00edtica en anticipo a posible aspiraci\u00f3n a la alcald\u00eda de Cata\u00f1o"},"content":{"rendered":"<div>\n<div>\n<p>En anticipo a una posible aspiraci\u00f3n a la alcald\u00eda de <a href=\"https:\/\/www.elnuevodia.com\/topicos\/catano\/\" target=\"_self\" rel title=\"https:\/\/www.elnuevodia.com\/topicos\/catano\/\"><b>Cata\u00f1o<\/b><\/a>, el secretario del <a href=\"https:\/\/www.elnuevodia.com\/topicos\/daco\/\" target=\"_self\" rel title=\"https:\/\/www.elnuevodia.com\/topicos\/daco\/\"><b>Departamento de Asuntos del Consumidor<\/b><\/a>, <b>Hiram Torres Montalvo<\/b>, cre\u00f3 un comit\u00e9 de campa\u00f1a pol\u00edtica ante la <a href=\"https:\/\/www.elnuevodia.com\/topicos\/oficina-del-contralor-electoral\/\" target=\"_self\" rel title=\"https:\/\/www.elnuevodia.com\/topicos\/oficina-del-contralor-electoral\/\"><b>Oficina del Contralor Electoral<\/b><\/a> (OCE). <\/p>\n<\/div>\n<p><b>\u201cEl se\u00f1or Hiram Torres Montalvo estableci\u00f3 el Comit\u00e9 Amigos de Hiram Torres y el Nuevo Cata\u00f1o, conforme a la Ley 222\u201d<\/b>, confirm\u00f3 el contralor electoral, <b>Walter V\u00e9lez<\/b>. <\/p>\n<p>El 25 de agosto, Torres Montalvo abri\u00f3 el comit\u00e9 pol\u00edtico y, en la declaraci\u00f3n de organizaci\u00f3n de la OCE, se hace constar que se organiz\u00f3 el 21 de agosto. <\/p>\n<p>La semana pasada, Torres Montalvo dej\u00f3 la puerta abierta para aspirar al cargo que qued\u00f3 vacante tras la muerte, por c\u00e1ncer, del alcalde <b>Julio Alicea Vasallo<\/b>. <\/p>\n<p>La apertura del comit\u00e9 demuestra la intenci\u00f3n de Torres Montalvo de hacer campa\u00f1a pol\u00edtica. La Ley para la Fiscalizaci\u00f3n del Financiamiento de Campa\u00f1as Pol\u00edticas (<a href=\"https:\/\/www.lexjuris.com\/lexlex\/leyes2011\/lexl2011222.htm\" target=\"_self\" rel title=\"https:\/\/www.lexjuris.com\/lexlex\/leyes2011\/lexl2011222.htm\"><b>Ley 222 de 2011<\/b><\/a>) exige que toda persona interesada en aspirar a un puesto pol\u00edtico, que se disponga a generar ingresos o gastos de $500 o m\u00e1s, debe abrir un comit\u00e9 ante la OCE y registrar las transacciones. <\/p>\n<p><b>\u201cPresentar un comit\u00e9 de campa\u00f1a no quiere decir necesariamente que una persona va a aspirar&#8230; hay que ver c\u00f3mo se desarrollan los eventos. \u00c9l sigue siendo secretario del DACO\u201d<\/b>, afirm\u00f3, por su parte, el secretario de Asuntos P\u00fablicos, <b>Jean Pe\u00f1a Payano<\/b>, durante la sesi\u00f3n bisemanal \u201cEn R\u00e9cord\u201d, en <a href=\"https:\/\/www.elnuevodia.com\/topicos\/la-fortaleza\/\" target=\"_self\" rel title=\"https:\/\/www.elnuevodia.com\/topicos\/la-fortaleza\/\"><b>La Fortaleza<\/b><\/a>.<\/p>\n<p>Opin\u00f3, de paso, que el <a href=\"https:\/\/www.lexjuris.com\/lexlex\/leyes2020\/2020058-Codigo-Electoral.pdf\" target=\"_self\" rel title=\"https:\/\/www.lexjuris.com\/lexlex\/leyes2020\/2020058-Codigo-Electoral.pdf\"><b>C\u00f3digo Electoral<\/b><\/a> debe revisarse, en momentos en que Torres Montalvo a\u00fan analiza aspirar a la vacante disponible para la alcald\u00eda de Cata\u00f1o. <\/p>\n<p>\u201cYo creo que hay que revisar la ley. Bien sencillo. Hay una aplicaci\u00f3n de la Ley Electoral, que es una aplicaci\u00f3n distinta cuando son elecciones especiales por un t\u00e9rmino de 30 d\u00edas, disposiciones que aplican\u201d, dijo Pe\u00f1a Payano, abordado por la prensa, sobre las expresiones del representante popular <b>Domingo Torres Garc\u00eda<\/b>, quien tild\u00f3 de \u201cirresponsable\u201d a Torres Montalvo por, supuestamente, anteponer sus aspiraciones pol\u00edticas en medio de la emergencia causada por la <a href=\"https:\/\/www.elnuevodia.com\/topicos\/sequia\/\" target=\"_self\" rel title=\"https:\/\/www.elnuevodia.com\/topicos\/sequia\/\"><b>sequ\u00eda<\/b><\/a>. <\/p>\n<p>Por separado, el comisionado electoral del <a href=\"https:\/\/www.elnuevodia.com\/topicos\/pnp\/\" target=\"_self\" rel title=\"https:\/\/www.elnuevodia.com\/topicos\/pnp\/\"><b>Partido Nuevo Progresista<\/b><\/a>, <b>An\u00edbal Vega Borges<\/b>, record\u00f3 que la apertura de candidaturas para la vacante ser\u00e1 el lunes 31 de agosto, cerrando el 4 de septiembre al mediod\u00eda. <\/p>\n<p>Cuatro personas ya han mostrado inter\u00e9s o recogido documentos para aspirar al cargo: <b>F\u00e9lix Mat\u00edas Rodr\u00edguez<\/b>, <b>Bethzaida Rodr\u00edguez Torres <\/b>(viuda de Alicea Vasallo), <b>Fernando Cintr\u00f3n Mercado<\/b> y <b>Rafael Canino Torres<\/b>.<\/p>\n<p>Torres Montalvo no contest\u00f3 llamadas de <b>El Nuevo D\u00eda<\/b>.<\/p>\n<p>Preguntado sobre si Torres Montalvo debe renunciar al DACO si formaliza su aspiraci\u00f3n, Vega Borges respondi\u00f3 en la negativa, y dijo que cuenta con una opini\u00f3n legal que precisa que solo deben dimitir funcionarios que aspiran a cargos que deben llenarse en un t\u00e9rmino mayor de 30 d\u00edas. Este medio solicit\u00f3 y aguarda por esa opini\u00f3n legal, que Vega Borges dijo recibi\u00f3 de un asesor de la <a href=\"https:\/\/www.elnuevodia.com\/topicos\/comision-estatal-elecciones\/\" target=\"_self\" rel title=\"https:\/\/www.elnuevodia.com\/topicos\/comision-estatal-elecciones\/\"><b>Comisi\u00f3n Estatal de Elecciones<\/b><\/a>.<\/p>\n<p>El Art\u00edculo 7.2 (5) (c) del C\u00f3digo Electoral establece que \u201ctodo aspirante o candidato a un cargo electivo que se desempe\u00f1e como jefe, autoridad nominadora, o director regional de una agencia, departamento, dependencia gubernamental o corporaci\u00f3n p\u00fablica en la Rama Ejecutiva, incluyendo cualquier secretario, asesor o funcionario que ocupe una posici\u00f3n de confianza que formule pol\u00edtica p\u00fablica adscrito a la Oficina del Gobernador, excepto el gobernador, deber\u00e1 presentar su renuncia a dicho cargo 30 d\u00edas antes de presentar su candidatura o la intenci\u00f3n de candidatura a un cargo p\u00fablico electivo\u201d.<\/p>\n<p><b>\u201c\u00c9l lo que tiene que hacer, obviamente, es no hacer campa\u00f1a en horas laborables\u201d<\/b>, replic\u00f3 Vega Borges. <\/p>\n<p>\u201cYo puedo aplicar ese 7.2 (5) (c) cuando sea un representante o senador por distrito, que puedo llenar la vacante dentro de un t\u00e9rmino de 90 d\u00edas\u201d, agreg\u00f3. <\/p>\n<\/div>\n\n    <div class=\"xs_social_share_widget xs_share_url after_content \t\tmain_content  wslu-style-1 wslu-share-box-shaped wslu-fill-colored wslu-none wslu-share-horizontal wslu-theme-font-no wslu-main_content\">\n\n\t\t\n        <ul>\n\t\t\t        <\/ul>\n    <\/div> \n","protected":false},"excerpt":{"rendered":"<p>En anticipo a una posible aspiraci\u00f3n a la alcald\u00eda de Cata\u00f1o , el secretario del Departamento de Asuntos del Consumidor , Hiram Torres Montalvo, cre\u00f3 un comit\u00e9 de campa\u00f1a pol\u00edtica ante la Oficina del Contralor Electoral (OCE). \u201cEl se\u00f1or Hiram Torres Montalvo estableci\u00f3 el Comit\u00e9 Amigos de Hiram Torres y el Nuevo Cata\u00f1o, conforme a<\/p>\n","protected":false},"author":2,"featured_media":30100,"comment_status":"open","ping_status":"open","sticky":false,"template":"","format":"standard","meta":{"om_disable_all_campaigns":false,"_monsterinsights_skip_tracking":false,"footnotes":""},"categories":[6],"tags":[],"class_list":["post-30104","post","type-post","status-publish","format-standard","has-post-thumbnail","hentry","category-politica"],"aioseo_notices":[],"_links":{"self":[{"href":"https:\/\/aleeknews.com\/4l33k5\/wp-json\/wp\/v2\/posts\/30104","targetHints":{"allow":["GET"]}}],"collection":[{"href":"https:\/\/aleeknews.com\/4l33k5\/wp-json\/wp\/v2\/posts"}],"about":[{"href":"https:\/\/aleeknews.com\/4l33k5\/wp-json\/wp\/v2\/types\/post"}],"author":[{"embeddable":true,"href":"https:\/\/aleeknews.com\/4l33k5\/wp-json\/wp\/v2\/users\/2"}],"replies":[{"embeddable":true,"href":"https:\/\/aleeknews.com\/4l33k5\/wp-json\/wp\/v2\/comments?post=30104"}],"version-history":[{"count":0,"href":"https:\/\/aleeknews.com\/4l33k5\/wp-json\/wp\/v2\/posts\/30104\/revisions"}],"wp:featuredmedia":[{"embeddable":true,"href":"https:\/\/aleeknews.com\/4l33k5\/wp-json\/wp\/v2\/media\/30100"}],"wp:attachment":[{"href":"https:\/\/aleeknews.com\/4l33k5\/wp-json\/wp\/v2\/media?parent=30104"}],"wp:term":[{"taxonomy":"category","embeddable":true,"href":"https:\/\/aleeknews.com\/4l33k5\/wp-json\/wp\/v2\/categories?post=30104"},{"taxonomy":"post_tag","embeddable":true,"href":"https:\/\/aleeknews.com\/4l33k5\/wp-json\/wp\/v2\/tags?post=30104"}],"curies":[{"name":"wp","href":"https:\/\/api.w.org\/{rel}","templated":true}]}}