{"id":30102,"date":"2026-08-31T16:42:27","date_gmt":"2026-08-31T20:42:27","guid":{"rendered":"https:\/\/aleeknews.com\/4l33k5\/2026\/08\/31\/hiram-torres-montalvo-para-la-alcaldia-de-catano-esto-dijo-el-actual-secretario-del-daco\/"},"modified":"2026-08-31T16:42:27","modified_gmt":"2026-08-31T20:42:27","slug":"hiram-torres-montalvo-para-la-alcaldia-de-catano-esto-dijo-el-actual-secretario-del-daco","status":"publish","type":"post","link":"https:\/\/aleeknews.com\/4l33k5\/2026\/08\/31\/hiram-torres-montalvo-para-la-alcaldia-de-catano-esto-dijo-el-actual-secretario-del-daco\/","title":{"rendered":"\u00bfHiram Torres Montalvo para la alcald\u00eda de Cata\u00f1o? Esto dijo el actual secretario del DACO"},"content":{"rendered":"<div>\n<p>Sin titubeos, el secretario del <a href=\"https:\/\/www.elnuevodia.com\/topicos\/daco\/\" target=\"_self\" rel title=\"https:\/\/www.elnuevodia.com\/topicos\/daco\/\"><b>Departamento de Asuntos del Consumidor<\/b><\/a> (DACO), <b>Hiram Torres Montalvo<\/b>, dijo este martes que <b>no descarta una aspiraci\u00f3n a la alcald\u00eda de <\/b><a href=\"https:\/\/www.elnuevodia.com\/topicos\/catano\/\" target=\"_self\" rel title=\"https:\/\/www.elnuevodia.com\/topicos\/catano\/\"><b>Cata\u00f1o<\/b><\/a>, pero pidi\u00f3 tiempo para evaluarlo, una vez se abra el proceso para sustituir a <a href=\"https:\/\/www.elnuevodia.com\/topicos\/julio-alicea-vasallo\" target=\"_self\" rel title=\"https:\/\/www.elnuevodia.com\/topicos\/julio-alicea-vasallo\"><b>Julio Alicea Vasallo<\/b><\/a>, quien falleci\u00f3 hace menos de una semana.<\/p>\n<p>\u201cTodav\u00eda, ahora mismo, estamos pasando por un proceso de duelo en todo el Municipio de Cata\u00f1o. Yo conoc\u00eda muy bien al alcalde Julio Alicea Vasallo, que en paz descanse. Tuve la oportunidad de trabajar con \u00e9l durante unos a\u00f1os, all\u00e1 en el Municipio. Est\u00e1 perdida fue muy dolorosa para todos en el Municipio, la alcald\u00eda, el personal que all\u00ed trabaja\u201d, dijo Torres Montalvo, luego que la prensa le preguntara sobre una posible aspiraci\u00f3n. <\/p>\n<p>\u201cNo te puedo negar que s\u00ed he recibido acercamientos, muestras de cari\u00f1o de excompa\u00f1eros de trabajo en la alcald\u00eda y dem\u00e1s. <b>Yo, ahora mismo, no descarto nada. Yo creo que hay que guardar el respeto por el se\u00f1or alcalde que concluya este proceso y, en su momento, cuando se formalice alg\u00fan proceso de selecci\u00f3n, pues, entonces, uno lo evaluar\u00e1&#8230; <\/b>o cualquier otra cosa. Pero, en estos momentos, no quiero entrar en m\u00e1s detalle ni descartar nada al respecto\u201d, a\u00f1adi\u00f3.<\/p>\n<p>Alicea Vasallo muri\u00f3 el jueves de la semana pasada y ayer, lunes, comenzaron los actos f\u00fanebres, que concluyeron con su sepelio hoy en la tarde. <\/p>\n<p>El esca\u00f1o de Alicea Vasallo le corresponde al <a href=\"https:\/\/www.elnuevodia.com\/topicos\/pnp\/\" target=\"_self\" rel title=\"https:\/\/www.elnuevodia.com\/topicos\/pnp\/\"><b>Partido Nuevo Progresista<\/b><\/a>, que ha anticipado que, para llenar la vacante, habr\u00e1 una elecci\u00f3n especial. <\/p>\n<p>Adem\u00e1s de Torres Montalvo, se ha mencionado que la hija del alcalde, <b>Julybeth Alicea<\/b>, puede estar interesada en la poltrona municipal. Pero Alicea no reside en Cata\u00f1o, sino San Juan. <\/p>\n<div>\n<p><b>1 \/ 15 | <\/b><span> En im\u00e1genes: Cata\u00f1o rinde homenaje p\u00f3stumo al alcalde Julio Alicea Vasallo. Decenas de personas se dieron cita este martes, 18 de agosto, para dar un \u00faltimo adi\u00f3s al fenecido alcalde de Cata\u00f1o, Julio Alicea Vasallo.<\/span><i> &#8211; Carlos Rivera Giusti\/GFR Media<\/i><\/p>\n<\/div>\n<p><h4><b>Sobre aumento al precio del caf\u00e9<\/b><\/h4>\n<\/p>\n<p>De otra parte, Torres Montalvo dijo que no ha tomado una decisi\u00f3n, mediante el insumo de un comit\u00e9 especial, sobre una posible alza en el precio del caf\u00e9 semitostado. <\/p>\n<p>\u201cEl comit\u00e9 funciona adscrito al Departamento, pero el secretario, este servidor, no es parte de ese comit\u00e9. <b>Ellos se re\u00fanen, presentan un informe con unos hallazgos, unas conclusiones, recomendaciones que se tienen que hacer y, en base a eso, pues, entonces, yo puedo actuar, pero todav\u00eda ese informe no es final ni firme<\/b>. Est\u00e1n en proceso de reuniones y di\u00e1logos\u201d, dijo Torres Montalvo.<\/p>\n<p>La propuesta que est\u00e1 sobre la mesa es para aumentar de $18 a $23 el precio m\u00ednimo del caf\u00e9 para los caficultores por cada almud de caf\u00e9 puertorrique\u00f1o. <\/p>\n<\/div>\n\n    <div class=\"xs_social_share_widget xs_share_url after_content \t\tmain_content  wslu-style-1 wslu-share-box-shaped wslu-fill-colored wslu-none wslu-share-horizontal wslu-theme-font-no wslu-main_content\">\n\n\t\t\n        <ul>\n\t\t\t        <\/ul>\n    <\/div> \n","protected":false},"excerpt":{"rendered":"<p>Sin titubeos, el secretario del Departamento de Asuntos del Consumidor (DACO), Hiram Torres Montalvo, dijo este martes que no descarta una aspiraci\u00f3n a la alcald\u00eda de Cata\u00f1o , pero pidi\u00f3 tiempo para evaluarlo, una vez se abra el proceso para sustituir a Julio Alicea Vasallo , quien falleci\u00f3 hace menos de una semana. \u201cTodav\u00eda, ahora<\/p>\n","protected":false},"author":2,"featured_media":30103,"comment_status":"open","ping_status":"open","sticky":false,"template":"","format":"standard","meta":{"om_disable_all_campaigns":false,"_monsterinsights_skip_tracking":false,"footnotes":""},"categories":[6],"tags":[],"class_list":["post-30102","post","type-post","status-publish","format-standard","has-post-thumbnail","hentry","category-politica"],"aioseo_notices":[],"_links":{"self":[{"href":"https:\/\/aleeknews.com\/4l33k5\/wp-json\/wp\/v2\/posts\/30102","targetHints":{"allow":["GET"]}}],"collection":[{"href":"https:\/\/aleeknews.com\/4l33k5\/wp-json\/wp\/v2\/posts"}],"about":[{"href":"https:\/\/aleeknews.com\/4l33k5\/wp-json\/wp\/v2\/types\/post"}],"author":[{"embeddable":true,"href":"https:\/\/aleeknews.com\/4l33k5\/wp-json\/wp\/v2\/users\/2"}],"replies":[{"embeddable":true,"href":"https:\/\/aleeknews.com\/4l33k5\/wp-json\/wp\/v2\/comments?post=30102"}],"version-history":[{"count":0,"href":"https:\/\/aleeknews.com\/4l33k5\/wp-json\/wp\/v2\/posts\/30102\/revisions"}],"wp:featuredmedia":[{"embeddable":true,"href":"https:\/\/aleeknews.com\/4l33k5\/wp-json\/wp\/v2\/media\/30103"}],"wp:attachment":[{"href":"https:\/\/aleeknews.com\/4l33k5\/wp-json\/wp\/v2\/media?parent=30102"}],"wp:term":[{"taxonomy":"category","embeddable":true,"href":"https:\/\/aleeknews.com\/4l33k5\/wp-json\/wp\/v2\/categories?post=30102"},{"taxonomy":"post_tag","embeddable":true,"href":"https:\/\/aleeknews.com\/4l33k5\/wp-json\/wp\/v2\/tags?post=30102"}],"curies":[{"name":"wp","href":"https:\/\/api.w.org\/{rel}","templated":true}]}}