{"id":30098,"date":"2026-08-31T16:42:30","date_gmt":"2026-08-31T20:42:30","guid":{"rendered":"https:\/\/aleeknews.com\/4l33k5\/2026\/08\/31\/es-oficial-hiram-torres-montalvo-presento-su-candidatura-para-la-alcaldia-de-catano\/"},"modified":"2026-08-31T16:42:30","modified_gmt":"2026-08-31T20:42:30","slug":"es-oficial-hiram-torres-montalvo-presento-su-candidatura-para-la-alcaldia-de-catano","status":"publish","type":"post","link":"https:\/\/aleeknews.com\/4l33k5\/2026\/08\/31\/es-oficial-hiram-torres-montalvo-presento-su-candidatura-para-la-alcaldia-de-catano\/","title":{"rendered":"Es oficial: Hiram Torres Montalvo present\u00f3 su candidatura para la alcald\u00eda de Cata\u00f1o"},"content":{"rendered":"<div>\n<div>\n<p>El actual secretario del <a href=\"https:\/\/www.elnuevodia.com\/topicos\/daco\/\" rel>Departamento de Asuntos del Consumidor (DACO)<\/a>, <a href=\"https:\/\/www.elnuevodia.com\/autor\/hiram-torres-montalvo\/\" target=\"_blank\" rel=\"noreferrer\" title=\"https:\/\/www.elnuevodia.com\/autor\/hiram-torres-montalvo\/\"><b>Hiram Torres Montalvo<\/b><\/a>, formaliz\u00f3 este lunes su candidatura a la alcald\u00eda de ese municipio, mientras se defendi\u00f3 de una querella presentada en su contra ante la <a href=\"https:\/\/www.elnuevodia.com\/topicos\/oficina-de-etica-gubernamental\/\" rel>Oficina de \u00c9tica Gubernamental<\/a> (OEG).<\/p>\n<\/div>\n<p>Torres Montalvo anunci\u00f3 su aspiraci\u00f3n tras el fallecimiento de <a href=\"https:\/\/www.elnuevodia.com\/topicos\/julio-alicea-vasallo\/\" rel>Julio Alicea Vasallo<\/a><\/p>\n<p><b>\u201cCon mucha humildad, pero con la determinaci\u00f3n y la seguridad de quien sabe que est\u00e1 preparado para enfrentar un reto, anuncio oficialmente mi aspiraci\u00f3n para ser el pr\u00f3ximo alcalde de Cata\u00f1o\u201d, expres\u00f3 Torres Montalvo durante una conferencia de prensa en un restaurante contiguo al ayuntamiento del pueblo.<\/b><\/p>\n<p>Durante el anuncio, sostuvo que su plan de gobierno municipal est\u00e1 encabezado por un plan de reclasificaci\u00f3n y retribuci\u00f3n de empleados municipales, aludiendo a los que tienen un salario por debajo del m\u00ednimo federal.<\/p>\n<div>\n<figure><picture><source media=\"(max-width: 375px)\" ><source media=\"(max-width: 767px)\" ><source media=\"(max-width: 1023px)\" ><source ><img src=\"https:\/\/www.elnuevodia.com\/resizer\/v2\/OOCDQUV56ZBQ5N27PKEPITFCWI.JPG?auth=6ef971eb4d82301184f257bd26ede0f569d27a46639209bc2734a4c99bacc5af&#038;quality=75&#038;width=829&#038;smart=true\" alt=\"El secretario del DACO, Hiram Torres Montalvo, durante la conferencia de prensa para anunciar su aspiraci\u00f3n a la alcald\u00eda de Cata\u00f1o.\" loading=\"eager\" fetchpriority=\"high\" decoding=\"sync\"><\/picture><figcaption>El secretario del DACO, Hiram Torres Montalvo, durante la conferencia de prensa para anunciar su aspiraci\u00f3n a la alcald\u00eda de Cata\u00f1o. (alexis.cedeno)<\/figcaption><\/figure>\n<\/div>\n<p>Agreg\u00f3 que su programa incluye iniciativas de desarrollo econ\u00f3mico para comerciantes actuales y nuevos, as\u00ed como mayores oportunidades para el turismo, tomando en cuenta la posici\u00f3n geogr\u00e1fica del municipio. Adem\u00e1s, no descart\u00f3 revivir la idea de que Cata\u00f1o sea la sede de la estatua de Col\u00f3n, que actualmente se encuentra en Arecibo.<\/p>\n<p><b>Asimismo, habl\u00f3 de ofrecer m\u00e1s \u201cherramientas\u201d para los servicios de educaci\u00f3n y de establecer medidas de incentivos para que m\u00e1s personas quieran vivir, visitar y hacer negocios en Cata\u00f1o, \u201csin desplazar ni expropiar a nadie\u201d.<\/b><\/p>\n<p>El anuncio de hoy se anticipaba desde que la semana pasada abri\u00f3 un comit\u00e9 de campa\u00f1a ante la Oficina del Contralor Electoral bajo el nombre de <a href=\"https:\/\/www.elnuevodia.com\/noticias\/politica\/notas\/secretario-del-daco-crea-comite-de-campana-politica-en-anticipo-a-posible-aspiracion-a-la-alcaldia-de-catano\/\" rel title=\"https:\/\/www.elnuevodia.com\/noticias\/politica\/notas\/secretario-del-daco-crea-comite-de-campana-politica-en-anticipo-a-posible-aspiracion-a-la-alcaldia-de-catano\/\">\u201cComit\u00e9 Amigos Hiram Torres y el Nuevo Cata\u00f1o\u201d<\/a>. <\/p>\n<p>La convocatoria para radicar las candidaturas para la elecci\u00f3n especial de la poltrona municipal abri\u00f3 hoy a las 8:00 a.m. y cierra el 4 de septiembre al mediod\u00eda.<\/p>\n<div>\n<p><b>1 \/ 15 | <\/b><span> En im\u00e1genes: Cata\u00f1o rinde homenaje p\u00f3stumo al alcalde Julio Alicea Vasallo. Decenas de personas se dieron cita este martes, 18 de agosto, para dar un \u00faltimo adi\u00f3s al fenecido alcalde de Cata\u00f1o, Julio Alicea Vasallo.<\/span><i> &#8211; Carlos Rivera Giusti\/GFR Media<\/i><\/p>\n<\/div>\n<p>Mientras, en horas de la ma\u00f1ana, previo a la presentaci\u00f3n, la OEG recibi\u00f3 una querella an\u00f3nima contra Torres Montalvo.<\/p>\n<p><b>\u201cEl planteamiento ser\u00e1 evaluado por los abogados de la OEG, conforme a los procesos establecidos por el \u00c1rea de Investigaciones y Procesamiento Administrativo de la Oficina\u201d, indic\u00f3 la OEG al confirmar el recibo de la querella.<\/b><\/p>\n<p>La denuncia se\u00f1ala que, el 24 de agosto, Torres Montalvo llev\u00f3 a cabo una \u201creuni\u00f3n con integrantes de su comit\u00e9 de campa\u00f1a dirigida a organizar y adelantar su aspiraci\u00f3n a la alcald\u00eda de Cata\u00f1o\u201d.<\/p>\n<p>La querella a\u00f1ade que \u201cdurante horas laborables se han realizado llamadas telef\u00f3nicas dirigidas a solicitar donativos para la campa\u00f1a\u201d.<\/p>\n<p>Tambi\u00e9n aleg\u00f3 que para esas gestiones ha usado recursos y personal de DACO, incluyendo al licenciado Gabriel Sicard\u00f3, quien labora en esa agencia como secretario auxiliar de asuntos legales en el DACO.<\/p>\n<p><b>Por su parte, Torres Montalvo asegur\u00f3 que desconoc\u00eda el contenido de la querella, neg\u00f3 las alegaciones y dijo que esperaba este tipo de se\u00f1alamientos, que catalog\u00f3 como \u201cataques naturales en este proceso pol\u00edtico\u201d.<\/b><\/p>\n<p>\u201cLlevo m\u00e1s de 20 a\u00f1os entre el servicio p\u00fablico y la empresa privada, y nunca he tenido un se\u00f1alamiento. Esta vez no ser\u00e1 la excepci\u00f3n\u201d, expres\u00f3.<\/p>\n<div>\n<figure><picture><source media=\"(max-width: 375px)\" ><source media=\"(max-width: 767px)\" ><source media=\"(max-width: 1023px)\" ><source ><img src=\"https:\/\/www.elnuevodia.com\/resizer\/v2\/SB7U2F3XLJHPFC7VOGDWL55XTY.JPG?auth=a64ff228c454236d80601ff2104ef34207b9c0b59c2605875aca7d0243d3d54a&#038;quality=75&#038;width=829&#038;smart=true\" alt=\"Agosto 31, 2026 - MCD -El secretario del DACO, Hiram Torres Montalvo, ofrece conferencia de prensa para hablar de su aspiraci\u00f3n a la alcald\u00eda de Cata\u00f1o.\n\nLugar: Sal\u00f3n Rebeca\u2019s, Cata\u00f1o.\n\nEn la foto: Hiram Torres Montalvo junto a su esposa.\n\nFoto por alexis.cedeno@gfrmedia.com\n\n(TAGS) - alcalde, elecci\u00f3n, especial, Cata\u00f1o, aspiraci\u00f3n\" loading=\"eager\" fetchpriority=\"high\" decoding=\"sync\"><\/picture><figcaption>Agosto 31, 2026 &#8211; MCD -El secretario del DACO, Hiram Torres Montalvo, ofrece conferencia de prensa para hablar de su aspiraci\u00f3n a la alcald\u00eda de Cata\u00f1o.<\/p>\n<p>Lugar: Sal\u00f3n Rebeca\u2019s, Cata\u00f1o.<\/p>\n<p>En la foto: Hiram Torres Montalvo junto a su esposa.<\/p>\n<p>Foto por alexis.cedeno@gfrmedia.com<\/p>\n<p>(TAGS) &#8211; alcalde, elecci\u00f3n, especial, Cata\u00f1o, aspiraci\u00f3n (alexis.cedeno)<\/figcaption><\/figure>\n<\/div>\n<p>\u201cPara eso tenemos nuestro equipo legal y abogados. Estaremos evaluando cualquier presentaci\u00f3n de argumentos\u201d, dijo. \u201cEs parte de estos procesos. No me quita el sue\u00f1o en esta aspiraci\u00f3n\u201d.<\/p>\n<p>Destac\u00f3 que, para el evento de hoy, los participantes estaban fuera de sus funciones oficiales mediante una licencia de vacaciones.<\/p>\n<p><b>\u201cNo s\u00e9 qui\u00e9n suscribe la querella\u201d, coment\u00f3 Torres Montalvo, quien asegur\u00f3 que, en la reuni\u00f3n mencionada, utilizaba su veh\u00edculo personal. \u201cHab\u00eda informaci\u00f3n a mis o\u00eddos de que s\u00ed, de que iban a amenazar con esto\u201d.<\/b><\/p>\n<p>\u201cMe puedo imaginar qui\u00e9n la hizo. Creo que hasta lo salud\u00e9 cuando pas\u00f3 a sacarnos la foto\u201d, a\u00f1adi\u00f3 el funcionario, sin querer identificar a la persona.<\/p>\n<p><b>Por otro lado, Torres Montalvo dijo que no renunciar\u00e1 a su posici\u00f3n como secretario del DACO al iniciar la campa\u00f1a para la elecci\u00f3n especial, pautada para el 27 de septiembre.<\/b><\/p>\n<p>Coment\u00f3 que trabajar\u00e1 \u201chasta el \u00faltimo d\u00eda h\u00e1bil\u201d y asegur\u00f3 que est\u00e1 elaborando un \u201cplan de trabajo\u201d para las funciones de fiscalizaci\u00f3n de los inspectores, que implementar\u00eda una vez tenga que salir del DACO, hasta por lo menos el viernes de las Ventas del Madrugador, \u201cen lo que la gobernadora designa qui\u00e9n me estar\u00eda sustituyendo en esta posici\u00f3n\u201d.<\/p>\n<p>En una entrevista previa con <b>El Nuevo D\u00eda<\/b>, el comisionado electoral del <a href=\"https:\/\/www.elnuevodia.com\/topicos\/pnp-partido-nuevo-progresista\/\" rel title=\"https:\/\/www.elnuevodia.com\/topicos\/pnp-partido-nuevo-progresista\/\">Partido Nuevo Progresista<\/a> (PNP), <b>An\u00edbal Vega Borges<\/b>, indic\u00f3 que Torres Montalvo no tiene que renunciar a la jefatura del DACO por entender que el Art\u00edculo 7.2 (5) (c) del C\u00f3digo Electoral debe interpretarse como que solo deben dimitir funcionarios que aspiran a cargos que deben llenarse en un t\u00e9rmino mayor de 30 d\u00edas.<\/p>\n<div>\n<p><b>1 \/ 18 | <\/b><span> En fotos: la trayectoria de Julio Alicea Vasallo al frente de Cata\u00f1o. Julio Alicea Vasallo trabaj\u00f3 en el Municipio de Cata\u00f1o entre el 1985 y 1992, bajo las administraciones de Jos\u00e9 \u201cPepe\u201d \u00c1lvarez y su hija, Lupe \u00c1lvarez.<\/span><\/p>\n<\/div>\n<p>Durante la conferencia de prensa, el licenciado Francisco Gonz\u00e1lez, de la campa\u00f1a de Torres Montalvo, sostuvo que existen dos razones por las que no le aplican las disposiciones del C\u00f3digo Electoral que establecen que tendr\u00eda que renunciar.<\/p>\n<p><b>Seg\u00fan Gonz\u00e1lez, hay una distinci\u00f3n debido a que los 30 d\u00edas aplican para elecciones generales y primarias, contrario a una elecci\u00f3n especial, \u201cque se atiende en otro art\u00edculo de la ley\u201d.<\/b><\/p>\n<p>\u201cEl segundo punto es de razonabilidad, de practicalidad\u201d, manifest\u00f3 Gonz\u00e1lez, al resaltar que hace 30 d\u00edas no exist\u00eda la vacante.<\/p>\n<p>Torres Montalvo tambi\u00e9n descart\u00f3 cualquier cuestionamiento sobre el requisito de residencia: reconoci\u00f3 que viv\u00eda en San Juan cuando aspir\u00f3 a la Legislatura Municipal de San Juan con Jorge Santini, pero asegur\u00f3 que, poco despu\u00e9s, se mud\u00f3 a Cata\u00f1o.<\/p>\n<p>Por otro lado, Torres Montalvo sostuvo que podr\u00e1 distanciar su candidatura de la imagen del exalcalde de Cata\u00f1o, <a href=\"https:\/\/www.elnuevodia.com\/topicos\/felix-el-cano-delgado\/\" rel><b>F\u00e9lix \u201cCano\u201d Delgado<\/b><\/a>, quien dej\u00f3 el puesto tras admitir ante las autoridades federales haber participado en un esquema de corrupci\u00f3n. <b>El tesorero de su campa\u00f1a es el licenciado Sicard\u00f3, quien anteriormente se desempe\u00f1\u00f3 como director legal en Cata\u00f1o durante la administraci\u00f3n de Delgado.<\/b><\/p>\n<p><b>\u201cRecay\u00f3 en su persona asumir las riendas del municipio en ese proceso de transici\u00f3n, tras el arresto y acusaci\u00f3n de F\u00e9lix \u2018Cano\u2019 Delgado. Por eso, algunas salpicaron su buena reputaci\u00f3n, porque le toc\u00f3 contestar preguntas cuando pasamos por ese momento tan oscuro\u201d, apunt\u00f3. \u201cNunca ha sido investigado, acusado ni nada por el estilo\u201d.<\/b><\/p>\n<p>\u201cLa decisi\u00f3n final la tomar\u00e1 nuestro pueblo el 27 de septiembre. Lo que s\u00ed es que presentar\u00e9 una campa\u00f1a de propuestas e ideas concretas. No me ver\u00e1n nunca lanzando ataques ni campa\u00f1a sucia\u201d, afirm\u00f3.<\/p>\n<p>En tanto, seg\u00fan Vega Borges, otras personas tambi\u00e9n han mostrado inter\u00e9s en el puesto o han recogido documentos para aspirar a la alcald\u00eda de Cata\u00f1o.<\/p>\n<p>Entre esas personas, indic\u00f3, figuran <a href=\"https:\/\/www.elnuevodia.com\/noticias\/locales\/notas\/bethzaida-rodriguez-esposa-del-fallecido-alcalde-de-catano-anuncia-su-aspiracion-a-la-alcaldia\/\" target=\"_self\" rel title=\"https:\/\/www.elnuevodia.com\/noticias\/locales\/notas\/bethzaida-rodriguez-esposa-del-fallecido-alcalde-de-catano-anuncia-su-aspiracion-a-la-alcaldia\/\"><b>Bethzaida Rodr\u00edguez Torres<\/b> (viuda de Alicea Vasallo)<\/a>, quien tambi\u00e9n oficializ\u00f3 su aspiraci\u00f3n a la silla municipal, <b>F\u00e9lix Mat\u00edas Rodr\u00edguez<\/b>, <b>Fernando Cintr\u00f3n Mercado<\/b> y <b>Rafael Canino Torres<\/b>. A\u00f1adi\u00f3 que, el viernes, <b>Jos\u00e9 Rodr\u00edguez Oca\u00f1a<\/b> tambi\u00e9n estuvo manejando documentos relacionados con la aspiraci\u00f3n.<\/p>\n<p><b>En horas de la tarde, Canino Torres inform\u00f3 que durante esta semana formalizar\u00e1 su candidatura para la alcald\u00eda de Cata\u00f1o. <\/b><\/p>\n<p>\u201cToda mi vida he caminado nuestras calles. Son cuatro d\u00e9cadas sirviendo desde distintas facetas, escuchando a mi gente, compartiendo con los j\u00f3venes deportistas y conociendo de primera mano lo que necesita nuestro pueblo\u201d, expres\u00f3 Canino Torres en declaraciones escritas.<\/p>\n<\/div>\n\n    <div class=\"xs_social_share_widget xs_share_url after_content \t\tmain_content  wslu-style-1 wslu-share-box-shaped wslu-fill-colored wslu-none wslu-share-horizontal wslu-theme-font-no wslu-main_content\">\n\n\t\t\n        <ul>\n\t\t\t        <\/ul>\n    <\/div> \n","protected":false},"excerpt":{"rendered":"<p>El actual secretario del Departamento de Asuntos del Consumidor (DACO), Hiram Torres Montalvo , formaliz\u00f3 este lunes su candidatura a la alcald\u00eda de ese municipio, mientras se defendi\u00f3 de una querella presentada en su contra ante la Oficina de \u00c9tica Gubernamental (OEG). Torres Montalvo anunci\u00f3 su aspiraci\u00f3n tras el fallecimiento de Julio Alicea Vasallo \u201cCon<\/p>\n","protected":false},"author":2,"featured_media":0,"comment_status":"open","ping_status":"open","sticky":false,"template":"","format":"standard","meta":{"om_disable_all_campaigns":false,"_monsterinsights_skip_tracking":false,"footnotes":""},"categories":[6],"tags":[],"class_list":["post-30098","post","type-post","status-publish","format-standard","hentry","category-politica"],"aioseo_notices":[],"_links":{"self":[{"href":"https:\/\/aleeknews.com\/4l33k5\/wp-json\/wp\/v2\/posts\/30098","targetHints":{"allow":["GET"]}}],"collection":[{"href":"https:\/\/aleeknews.com\/4l33k5\/wp-json\/wp\/v2\/posts"}],"about":[{"href":"https:\/\/aleeknews.com\/4l33k5\/wp-json\/wp\/v2\/types\/post"}],"author":[{"embeddable":true,"href":"https:\/\/aleeknews.com\/4l33k5\/wp-json\/wp\/v2\/users\/2"}],"replies":[{"embeddable":true,"href":"https:\/\/aleeknews.com\/4l33k5\/wp-json\/wp\/v2\/comments?post=30098"}],"version-history":[{"count":0,"href":"https:\/\/aleeknews.com\/4l33k5\/wp-json\/wp\/v2\/posts\/30098\/revisions"}],"wp:attachment":[{"href":"https:\/\/aleeknews.com\/4l33k5\/wp-json\/wp\/v2\/media?parent=30098"}],"wp:term":[{"taxonomy":"category","embeddable":true,"href":"https:\/\/aleeknews.com\/4l33k5\/wp-json\/wp\/v2\/categories?post=30098"},{"taxonomy":"post_tag","embeddable":true,"href":"https:\/\/aleeknews.com\/4l33k5\/wp-json\/wp\/v2\/tags?post=30098"}],"curies":[{"name":"wp","href":"https:\/\/api.w.org\/{rel}","templated":true}]}}