{"id":30095,"date":"2026-08-31T15:44:24","date_gmt":"2026-08-31T19:44:24","guid":{"rendered":"https:\/\/aleeknews.com\/4l33k5\/2026\/08\/31\/el-mensaje-de-milei-por-el-retiro-de-messi-de-la-seleccion-argentina\/"},"modified":"2026-08-31T15:44:24","modified_gmt":"2026-08-31T19:44:24","slug":"el-mensaje-de-milei-por-el-retiro-de-messi-de-la-seleccion-argentina","status":"publish","type":"post","link":"https:\/\/aleeknews.com\/4l33k5\/2026\/08\/31\/el-mensaje-de-milei-por-el-retiro-de-messi-de-la-seleccion-argentina\/","title":{"rendered":"El mensaje de Milei por el retiro de Messi de la selecci\u00f3n argentina"},"content":{"rendered":"<div>\n<p>El presidente <a href=\"https:\/\/www.elnuevodia.com\/topicos\/javier-milei\/\" target=\"_self\" rel title=\"https:\/\/www.elnuevodia.com\/topicos\/javier-milei\/\">Javier Milei <\/a>comparti\u00f3 un breve mensaje en Instagram luego de conocerse este lunes el anuncio del retiro de <a href=\"https:\/\/www.elnuevodia.com\/topicos\/lionel-messi\/\" target=\"_self\" rel title=\"https:\/\/www.elnuevodia.com\/topicos\/lionel-messi\/\">Lionel Messi<\/a> de la selecci\u00f3n argentina.<\/p>\n<p><b>\u201cMuchas gracias HOMBRE IMPOSIBLE&#8230;!!!\u201d<\/b>, escribi\u00f3 el presidente, acompa\u00f1ado de una foto de Messi de espaldas con la camiseta argentina.<\/p>\n<p>\u201cFue una decisi\u00f3n que doli\u00f3 y duele en el alma, pero entiendo que es el momento\u201d, escribi\u00f3 el 10 en su <a href=\"https:\/\/www.instagram.com\/leomessi\/\" target=\"_self\" rel title=\"https:\/\/www.instagram.com\/leomessi\/\">cuenta de Instagram<\/a> con una foto de las tres p\u00e1ginas escritas a mano.<\/p>\n<div>\n<figure><picture><source media=\"(max-width: 375px)\" ><source media=\"(max-width: 767px)\" ><source media=\"(max-width: 1023px)\" ><source ><img src=\"https:\/\/www.elnuevodia.com\/resizer\/v2\/6K6WSOP7JFBMLFHKDQ6JLJKCHE.jpg?auth=a9ec2e6965049baec8bff7f01bd12ecab2ec16d2a5354d8ede1945b6d2e506a5&#038;quality=75&#038;width=829&#038;smart=true\" alt=\"Messi llora en la final del \u00faltimo mundial.\" loading=\"eager\" fetchpriority=\"high\" decoding=\"sync\"><\/picture><figcaption>Messi llora en la final del \u00faltimo mundial. (The Associated Press)<\/figcaption><\/figure>\n<\/div>\n<p>Messi \u200canunci\u00f3 este lunes \u200csu \u2060retiro del seleccionado de Argentina tras dos d\u00e9cadas de carrera en las que logr\u00f3 un campeonato mundial y un reciente \u200bsubcampeonato.<\/p>\n<p>El delantero \u2060de \u206039 a\u00f1os disput\u00f3 207 partidos y anot\u00f3 125 goles con el \u200bseleccionado argentino desde su debut en 2005, cifras que lo convirtieron \u200cen el futbolista con m\u00e1s presencias \u200by tantos con la \u201calbiceleste\u201d.<\/p>\n<p><b>\u201cQuiero comunicarles a \u200btodos que me retiro de la Selecci\u00f3n. Fue una decisi\u00f3n que doli\u00f3 y duele en el alma, pero entiendo que es el momento\u201d<\/b>, dijo Messi en su cuenta oficial de Instagram.<\/p>\n<p>\u201c<b>Me vaci\u00e9, ya no tengo m\u00e1s para \u200bdar<\/b> y aparte vienen chicos muy grandes atr\u00e1s que merecen estar\u201d, a\u00f1adi\u00f3.<\/p>\n<div>\n<figure><picture><source media=\"(max-width: 375px)\" ><source media=\"(max-width: 767px)\" ><source media=\"(max-width: 1023px)\" ><source ><img src=\"https:\/\/www.elnuevodia.com\/resizer\/v2\/HIKYY3D2GFFWVHEZEQNMPIA3R4.jpg?auth=a75458d56e04523c92c9251c939bc1bd6233763025da79e497aea11d158d1f85&#038;quality=75&#038;width=829&#038;smart=true\" alt=\"Lionel Messi celebra tras anotar el segundo gol de Argentina en la victoria 3-2 ante Egipto en los octavos de final del Mundial 2026.\" loading=\"eager\" fetchpriority=\"high\" decoding=\"sync\"><\/picture><figcaption>Lionel Messi celebra tras anotar el segundo gol de Argentina en la victoria 3-2 ante Egipto en los octavos de final del Mundial 2026. (The Associated Press)<\/figcaption><\/figure>\n<\/div>\n<p>Messi indic\u00f3 adem\u00e1s que \u201cqueda \u2060poco\u201d de su carrera y que \u201cse van cerrando etapas\u201d, aunque tiene contrato con Inter \u200cMiami de la MLS de Estados Unidos hasta 2028.<\/p>\n<p>Luego de varias frustraciones, Messi gan\u00f3 seis t\u00edtulos con Argentina, entre la Copa del Mundo de 2022, dos Copas Am\u00e9rica y la Final\u00edssima, adem\u00e1s de una medalla de oro en los Juegos Ol\u00edmpicos de 2008 y un campeonato mundial Sub-20.<\/p>\n<p>En junio \u200cy julio, Messi maravill\u00f3 una vez m\u00e1s al mundo con su actuaci\u00f3n \u2060en el Mundial de Estados Unidos, M\u00e9xico y Canad\u00e1, en el \u200cque anot\u00f3 ocho goles y alcanz\u00f3 la final \u2060ante Espa\u00f1a.<\/p>\n<p>\u201c<b>Me voy con la tranquilidad y \u2060el orgullo de haberles regalado, juntos con mis compa\u00f1eros, momentos so\u00f1ados. <\/b>Fue una locura haberlo vivido con ustedes. \u00a1Los quiero!\u201d, dijo Messi en el mensaje destinado a los aficionados.<\/p>\n<p>La Pulga aclar\u00f3 que estas palabras las escribi\u00f3 el \u200c21 de julio, dos d\u00edas despu\u00e9s \u200bde la final. \u201cHoy, despu\u00e9s de lo de mi pap\u00e1, estoy m\u00e1s convencido que antes\u201d, cerr\u00f3.<\/p>\n<p>Jorge Messi falleci\u00f3 semanas atr\u00e1s, a los 68 a\u00f1os, luego de atravesar una larga enfermedad.<\/p>\n<div>\n<p><b>1 \/ 10 | <\/b><span> \ud83d\udcf7 En im\u00e1genes: Jorge Messi, el padre que acompa\u00f1\u00f3 a Lionel hasta la cima. Lionel Messi posa para los medios junto a su padre, Jorge, con el trofeo EFE al mejor futbolista iberoamericano de la temporada 2006-07 de la Liga espa\u00f1ola.<\/span><i> &#8211; Andreu Dalmau<\/i><\/p>\n<\/div>\n<\/div>\n\n    <div class=\"xs_social_share_widget xs_share_url after_content \t\tmain_content  wslu-style-1 wslu-share-box-shaped wslu-fill-colored wslu-none wslu-share-horizontal wslu-theme-font-no wslu-main_content\">\n\n\t\t\n        <ul>\n\t\t\t        <\/ul>\n    <\/div> \n","protected":false},"excerpt":{"rendered":"<p>El presidente Javier Milei comparti\u00f3 un breve mensaje en Instagram luego de conocerse este lunes el anuncio del retiro de Lionel Messi de la selecci\u00f3n argentina. \u201cMuchas gracias HOMBRE IMPOSIBLE&#8230;!!!\u201d, escribi\u00f3 el presidente, acompa\u00f1ado de una foto de Messi de espaldas con la camiseta argentina. \u201cFue una decisi\u00f3n que doli\u00f3 y duele en el alma<\/p>\n","protected":false},"author":2,"featured_media":30096,"comment_status":"open","ping_status":"open","sticky":false,"template":"","format":"standard","meta":{"om_disable_all_campaigns":false,"_monsterinsights_skip_tracking":false,"footnotes":""},"categories":[10],"tags":[],"class_list":["post-30095","post","type-post","status-publish","format-standard","has-post-thumbnail","hentry","category-mundo"],"aioseo_notices":[],"_links":{"self":[{"href":"https:\/\/aleeknews.com\/4l33k5\/wp-json\/wp\/v2\/posts\/30095","targetHints":{"allow":["GET"]}}],"collection":[{"href":"https:\/\/aleeknews.com\/4l33k5\/wp-json\/wp\/v2\/posts"}],"about":[{"href":"https:\/\/aleeknews.com\/4l33k5\/wp-json\/wp\/v2\/types\/post"}],"author":[{"embeddable":true,"href":"https:\/\/aleeknews.com\/4l33k5\/wp-json\/wp\/v2\/users\/2"}],"replies":[{"embeddable":true,"href":"https:\/\/aleeknews.com\/4l33k5\/wp-json\/wp\/v2\/comments?post=30095"}],"version-history":[{"count":0,"href":"https:\/\/aleeknews.com\/4l33k5\/wp-json\/wp\/v2\/posts\/30095\/revisions"}],"wp:featuredmedia":[{"embeddable":true,"href":"https:\/\/aleeknews.com\/4l33k5\/wp-json\/wp\/v2\/media\/30096"}],"wp:attachment":[{"href":"https:\/\/aleeknews.com\/4l33k5\/wp-json\/wp\/v2\/media?parent=30095"}],"wp:term":[{"taxonomy":"category","embeddable":true,"href":"https:\/\/aleeknews.com\/4l33k5\/wp-json\/wp\/v2\/categories?post=30095"},{"taxonomy":"post_tag","embeddable":true,"href":"https:\/\/aleeknews.com\/4l33k5\/wp-json\/wp\/v2\/tags?post=30095"}],"curies":[{"name":"wp","href":"https:\/\/api.w.org\/{rel}","templated":true}]}}