{"id":30089,"date":"2026-08-31T12:43:12","date_gmt":"2026-08-31T16:43:12","guid":{"rendered":"https:\/\/aleeknews.com\/4l33k5\/2026\/08\/31\/fue-bonito-mientras-duro-lionel-messi-anuncia-su-retiro-de-argentina\/"},"modified":"2026-08-31T12:43:12","modified_gmt":"2026-08-31T16:43:12","slug":"fue-bonito-mientras-duro-lionel-messi-anuncia-su-retiro-de-argentina","status":"publish","type":"post","link":"https:\/\/aleeknews.com\/4l33k5\/2026\/08\/31\/fue-bonito-mientras-duro-lionel-messi-anuncia-su-retiro-de-argentina\/","title":{"rendered":"Fue bonito mientras dur\u00f3: Lionel Messi anuncia su retiro de Argentina"},"content":{"rendered":"<div>\n<p><b>Buenos Aires<\/b> &#8211; El astro <a href=\"https:\/\/www.elnuevodia.com\/topicos\/lionel-messi\/\" target=\"_blank\" rel=\"noreferrer\" title=\"https:\/\/www.elnuevodia.com\/topicos\/lionel-messi\/\"><b>Lionel Messi<\/b><\/a> ha decidido poner punto final a su etapa como jugador de la selecci\u00f3n de <a href=\"https:\/\/www.elnuevodia.com\/topicos\/argentina\/\" target=\"_blank\" rel=\"noreferrer\" title=\"https:\/\/www.elnuevodia.com\/topicos\/argentina\/\"><b>Argentina<\/b><\/a> a los 39 a\u00f1os, despu\u00e9s de casi dos d\u00e9cadas defendiendo la camiseta albiceleste.<\/p>\n<p>\u201cDespu\u00e9s de este tiempo que pas\u00f3 desde la final, pens\u00e1ndolo mucho, quiero comunicarles a todos que me retiro de la selecci\u00f3n\u201d, dijo el capit\u00e1n del seleccionado en una carta publicada el lunes en <a href=\"https:\/\/www.elnuevodia.com\/topicos\/instagram\/\" target=\"_blank\" rel=\"noreferrer\" title=\"https:\/\/www.elnuevodia.com\/topicos\/instagram\/\"><i><b>Instagram<\/b><\/i><\/a>.<\/p>\n<p>El anuncio se produce a casi dos meses de la <a href=\"https:\/\/www.elnuevodia.com\/deportes\/futbol\/fotogalerias\/en-imagenes-espana-campeona-del-mundo\/\" target=\"_blank\" rel=\"noreferrer\" title=\"https:\/\/www.elnuevodia.com\/deportes\/futbol\/fotogalerias\/en-imagenes-espana-campeona-del-mundo\/\"><b>derrota de Argentina<\/b><\/a> en la final del \u00faltimo Mundial y a pocas semanas del fallecimiento del padre y representante del astro, <a href=\"https:\/\/www.elnuevodia.com\/deportes\/futbol\/notas\/de-que-murio-jorge-messi-el-padre-del-futbolista-argentino\/\" target=\"_blank\" rel=\"noreferrer\" title=\"https:\/\/www.elnuevodia.com\/deportes\/futbol\/notas\/de-que-murio-jorge-messi-el-padre-del-futbolista-argentino\/\"><b>Jorge Messi<\/b><\/a>.<\/p>\n<div>\n<p><b>1 \/ 10 | <\/b><span> \ud83d\udcf7 En im\u00e1genes: Jorge Messi, el padre que acompa\u00f1\u00f3 a Lionel hasta la cima. Lionel Messi posa para los medios junto a su padre, Jorge, con el trofeo EFE al mejor futbolista iberoamericano de la temporada 2006-07 de la Liga espa\u00f1ola.<\/span><i> &#8211; Andreu Dalmau<\/i><\/p>\n<\/div>\n<p>\u201cFue una decisi\u00f3n que doli\u00f3 y duele en el alma, pero entiendo que es el momento\u201d, manifest\u00f3 Messi. \u201c<b>Les juro que siempre dej\u00e9 todo<\/b>\u201d.<\/p>\n<p>Messi debut\u00f3 con la selecci\u00f3n mayor en 2006, pero su recorrido estuvo plagado de frustraciones hasta que en 2022 <a href=\"https:\/\/www.elnuevodia.com\/deportes\/futbol\/fotogalerias\/en-fotos-lionel-messi-y-la-albiceleste-vencen-a-francia-y-son-los-campeones-del-mundo\/\" target=\"_blank\" rel=\"noreferrer\" title=\"https:\/\/www.elnuevodia.com\/deportes\/futbol\/fotogalerias\/en-fotos-lionel-messi-y-la-albiceleste-vencen-a-francia-y-son-los-campeones-del-mundo\/\"><b>logr\u00f3 levantar<\/b><\/a> la Copa del Mundo en Catar.<\/p>\n<div>\n<p><b>1 \/ 11 | <\/b><span> En im\u00e1genes: el simb\u00f3lico abrazo entre Lionel Messi y Lamine Yamal. Lamine Yamal se abraza con Lionel Messi al concluir el encuentro.<\/span><i> &#8211; Seth Wenig<\/i><\/p>\n<\/div>\n<p>En la carta, el actual capit\u00e1n del <a href=\"https:\/\/www.elnuevodia.com\/topicos\/inter-miami\/\" target=\"_blank\" rel=\"noreferrer\" title=\"https:\/\/www.elnuevodia.com\/topicos\/inter-miami\/\"><b>Inter Miami<\/b><\/a> no revel\u00f3 hasta cu\u00e1ndo continuar\u00e1 jugando al f\u00fatbol profesional.<\/p>\n<\/div>\n\n    <div class=\"xs_social_share_widget xs_share_url after_content \t\tmain_content  wslu-style-1 wslu-share-box-shaped wslu-fill-colored wslu-none wslu-share-horizontal wslu-theme-font-no wslu-main_content\">\n\n\t\t\n        <ul>\n\t\t\t        <\/ul>\n    <\/div> \n","protected":false},"excerpt":{"rendered":"<p>Buenos Aires &#8211; El astro Lionel Messi ha decidido poner punto final a su etapa como jugador de la selecci\u00f3n de Argentina a los 39 a\u00f1os, despu\u00e9s de casi dos d\u00e9cadas defendiendo la camiseta albiceleste. \u201cDespu\u00e9s de este tiempo que pas\u00f3 desde la final, pens\u00e1ndolo mucho, quiero comunicarles a todos que me retiro de la<\/p>\n","protected":false},"author":2,"featured_media":30090,"comment_status":"open","ping_status":"open","sticky":false,"template":"","format":"standard","meta":{"om_disable_all_campaigns":false,"_monsterinsights_skip_tracking":false,"footnotes":""},"categories":[7],"tags":[],"class_list":["post-30089","post","type-post","status-publish","format-standard","has-post-thumbnail","hentry","category-deportes"],"aioseo_notices":[],"_links":{"self":[{"href":"https:\/\/aleeknews.com\/4l33k5\/wp-json\/wp\/v2\/posts\/30089","targetHints":{"allow":["GET"]}}],"collection":[{"href":"https:\/\/aleeknews.com\/4l33k5\/wp-json\/wp\/v2\/posts"}],"about":[{"href":"https:\/\/aleeknews.com\/4l33k5\/wp-json\/wp\/v2\/types\/post"}],"author":[{"embeddable":true,"href":"https:\/\/aleeknews.com\/4l33k5\/wp-json\/wp\/v2\/users\/2"}],"replies":[{"embeddable":true,"href":"https:\/\/aleeknews.com\/4l33k5\/wp-json\/wp\/v2\/comments?post=30089"}],"version-history":[{"count":0,"href":"https:\/\/aleeknews.com\/4l33k5\/wp-json\/wp\/v2\/posts\/30089\/revisions"}],"wp:featuredmedia":[{"embeddable":true,"href":"https:\/\/aleeknews.com\/4l33k5\/wp-json\/wp\/v2\/media\/30090"}],"wp:attachment":[{"href":"https:\/\/aleeknews.com\/4l33k5\/wp-json\/wp\/v2\/media?parent=30089"}],"wp:term":[{"taxonomy":"category","embeddable":true,"href":"https:\/\/aleeknews.com\/4l33k5\/wp-json\/wp\/v2\/categories?post=30089"},{"taxonomy":"post_tag","embeddable":true,"href":"https:\/\/aleeknews.com\/4l33k5\/wp-json\/wp\/v2\/tags?post=30089"}],"curies":[{"name":"wp","href":"https:\/\/api.w.org\/{rel}","templated":true}]}}