{"id":30081,"date":"2026-08-30T18:43:24","date_gmt":"2026-08-30T22:43:24","guid":{"rendered":"https:\/\/aleeknews.com\/4l33k5\/2026\/08\/30\/junte-de-karol-g-y-bruno-mars-desata-rumores-de-posible-romance\/"},"modified":"2026-08-30T18:43:24","modified_gmt":"2026-08-30T22:43:24","slug":"junte-de-karol-g-y-bruno-mars-desata-rumores-de-posible-romance","status":"publish","type":"post","link":"https:\/\/aleeknews.com\/4l33k5\/2026\/08\/30\/junte-de-karol-g-y-bruno-mars-desata-rumores-de-posible-romance\/","title":{"rendered":"Junte de Karol G y Bruno Mars desata rumores de posible romance"},"content":{"rendered":"<div>\n<p>Fans de los cantantes<a href=\"https:\/\/www.elnuevodia.com\/topicos\/karol-g\/\" target=\"_self\" rel title=\"https:\/\/www.elnuevodia.com\/topicos\/karol-g\/\"> <b>Karol G <\/b><\/a>y<a href=\"https:\/\/www.elnuevodia.com\/topicos\/bruno-mars\/\" target=\"_self\" rel title=\"https:\/\/www.elnuevodia.com\/topicos\/bruno-mars\/\"><b> Bruno Mars <\/b><\/a>especulan sobre una <b>relaci\u00f3n amorosa <\/b>entre ellos. <\/p>\n<p>Esta idea naci\u00f3 a partir de varias fotograf\u00edas compartidas a trav\u00e9s del perfil oficial de Instagram de la colombiana, donde se observa a <b>ambos artistas disfrutando de un pastel que rinde homenaje al \u00faltimo tour de la cantante<\/b>, as\u00ed como compartiendo escenario cantando, hasta disfrutando de una botella de champagne.<\/p>\n<p>Las recientes publicaciones desataron los rumores sobre un posible romance, aunque diversos seguidores sugieren que podr\u00eda tratarse de una estrategia comercial para impulsar sus pr\u00f3ximos trabajos juntos.<\/p>\n<p>Tras la reciente colaboraci\u00f3n que ambos cantantes lanzaron el pasado mes de julio con el tema \u201cStill\u201d, sencillo perteneciente a<a href=\"https:\/\/www.elnuevodia.com\/entretenimiento\/musica\/notas\/karol-g-sorprende-con-anuncio-de-nuevo-disco-no-me-arrepiento-de-sentir-tanto\/\" target=\"_self\" rel title=\"https:\/\/www.elnuevodia.com\/entretenimiento\/musica\/notas\/karol-g-sorprende-con-anuncio-de-nuevo-disco-no-me-arrepiento-de-sentir-tanto\/\"><b> \u201cNo Me Arrepiento De Sentir Tanto\u201d,<\/b> <\/a>el sexto \u00e1lbum de estudio de la int\u00e9rprete.<\/p>\n<p><b>La amistad y complicidad es evidente, es por eso que cientos de usuarios sospechan que la qu\u00edmica traspas\u00f3 el \u00e1mbito profesional.<\/b><\/p>\n<p>Adem\u00e1s, por parte del cantante estadounidense en sus redes sociales, comparti\u00f3 en su cuenta de Instagram un video ambientado con la<b> canci\u00f3n \u201cStill\u201d,<\/b> acompa\u00f1ado por una frase que sus seguidores vincularon directamente con la colombiana:<\/p>\n<p><b>\u201cCuando todo lo que quieres es paz, pero te est\u00e1s enamorando de una latina\u201d, <\/b>coloc\u00f3 Bruno Mars en una publicaci\u00f3n en su Instagram.<\/p>\n<p>A pesar de que el artista no etiquet\u00f3 ni nombr\u00f3 a Karol G en la publicaci\u00f3n, la alusi\u00f3n directa a su colaboraci\u00f3n musical y al origen de la cantante fue interpretada como una indirecta.<\/p>\n<p>Las publicaciones de ambas estrellas contin\u00faan acumulando millones de interacciones.<\/p>\n<\/div>\n\n    <div class=\"xs_social_share_widget xs_share_url after_content \t\tmain_content  wslu-style-1 wslu-share-box-shaped wslu-fill-colored wslu-none wslu-share-horizontal wslu-theme-font-no wslu-main_content\">\n\n\t\t\n        <ul>\n\t\t\t        <\/ul>\n    <\/div> \n","protected":false},"excerpt":{"rendered":"<p>Fans de los cantantes Karol G y Bruno Mars especulan sobre una relaci\u00f3n amorosa entre ellos. Esta idea naci\u00f3 a partir de varias fotograf\u00edas compartidas a trav\u00e9s del perfil oficial de Instagram de la colombiana, donde se observa a ambos artistas disfrutando de un pastel que rinde homenaje al \u00faltimo tour de la cantante, as\u00ed<\/p>\n","protected":false},"author":2,"featured_media":30082,"comment_status":"open","ping_status":"open","sticky":false,"template":"","format":"standard","meta":{"om_disable_all_campaigns":false,"_monsterinsights_skip_tracking":false,"footnotes":""},"categories":[47],"tags":[],"class_list":["post-30081","post","type-post","status-publish","format-standard","has-post-thumbnail","hentry","category-farandula"],"aioseo_notices":[],"_links":{"self":[{"href":"https:\/\/aleeknews.com\/4l33k5\/wp-json\/wp\/v2\/posts\/30081","targetHints":{"allow":["GET"]}}],"collection":[{"href":"https:\/\/aleeknews.com\/4l33k5\/wp-json\/wp\/v2\/posts"}],"about":[{"href":"https:\/\/aleeknews.com\/4l33k5\/wp-json\/wp\/v2\/types\/post"}],"author":[{"embeddable":true,"href":"https:\/\/aleeknews.com\/4l33k5\/wp-json\/wp\/v2\/users\/2"}],"replies":[{"embeddable":true,"href":"https:\/\/aleeknews.com\/4l33k5\/wp-json\/wp\/v2\/comments?post=30081"}],"version-history":[{"count":0,"href":"https:\/\/aleeknews.com\/4l33k5\/wp-json\/wp\/v2\/posts\/30081\/revisions"}],"wp:featuredmedia":[{"embeddable":true,"href":"https:\/\/aleeknews.com\/4l33k5\/wp-json\/wp\/v2\/media\/30082"}],"wp:attachment":[{"href":"https:\/\/aleeknews.com\/4l33k5\/wp-json\/wp\/v2\/media?parent=30081"}],"wp:term":[{"taxonomy":"category","embeddable":true,"href":"https:\/\/aleeknews.com\/4l33k5\/wp-json\/wp\/v2\/categories?post=30081"},{"taxonomy":"post_tag","embeddable":true,"href":"https:\/\/aleeknews.com\/4l33k5\/wp-json\/wp\/v2\/tags?post=30081"}],"curies":[{"name":"wp","href":"https:\/\/api.w.org\/{rel}","templated":true}]}}