{"id":30069,"date":"2026-08-30T16:45:30","date_gmt":"2026-08-30T20:45:30","guid":{"rendered":"https:\/\/aleeknews.com\/4l33k5\/2026\/08\/30\/bacardi-mantiene-sus-niveles-de-produccion-en-puerto-rico-aunque-el-consumo-de-alcohol-a-nivel-global-ha-disminuido\/"},"modified":"2026-08-30T16:45:30","modified_gmt":"2026-08-30T20:45:30","slug":"bacardi-mantiene-sus-niveles-de-produccion-en-puerto-rico-aunque-el-consumo-de-alcohol-a-nivel-global-ha-disminuido","status":"publish","type":"post","link":"https:\/\/aleeknews.com\/4l33k5\/2026\/08\/30\/bacardi-mantiene-sus-niveles-de-produccion-en-puerto-rico-aunque-el-consumo-de-alcohol-a-nivel-global-ha-disminuido\/","title":{"rendered":"Bacard\u00ed mantiene sus niveles de producci\u00f3n en Puerto Rico aunque el consumo de alcohol a nivel global ha disminuido"},"content":{"rendered":"<div>\n<div data-fusion-lazy-id=\"f0f5G41E11Y61Ck\">\n<div data-testid=\"global-header-test\">\n<hr>\n<p><span>Bolsa de valores <b>08:32 PM<\/b><\/span><\/p>\n<\/div>\n<div data-testid=\"test-post-copy\">\n<div>\n<p>S&#038;P 500 &#8211; (CFD)<\/p>\n<p>7572.40<\/p>\n<p>0.38%<\/p>\n<\/div>\n<p><span> \u00b7 <\/span><\/p>\n<p><span> \u00b7 <\/span><\/p>\n<\/div>\n<\/div>\n<div>\n<div data-fusion-lazy-id=\"f0f9tfiOw0362nv\">\n<div class>\n<p><a href=\"https:\/\/thetrustproject.org\/\"><img decoding=\"async\" src=\"https:\/\/www.elnuevodia.com\/pf\/resources\/v2\/icons\/trust-icon.svg?d=247\"><\/a><\/p>\n<div>\n<p>Noticia<\/p>\n<div>\n<p>Basado en hechos que el periodista haya observado y verificado de primera mano, o en informaci\u00f3n verificada que proviene de fuentes bien informadas.<\/p>\n<\/div>\n<\/div>\n<\/div>\n<div>\n<h2>Edwin Zayas, director senior de cadena de suministros para Bacard\u00ed en Puerto Rico y Jacksonville, asegura que \u201cla industria de licores est\u00e1 pasando por un momento complicado\u201d, pero en Bacard\u00ed sigue n\u00famero uno en el mundo <\/h2>\n<div>\n<p>30 de agosto de 2026 &#8211; 11:10 PM<\/p>\n<\/div>\n<\/div>\n<\/div>\n<div data-fusion-lazy-id=\"f0f8wxHIPTYNet\">\n<div><picture><source media=\"(max-width: 375px)\" ><source media=\"(max-width: 767px)\" ><source media=\"(max-width: 1023px)\" ><source ><\/picture><figcaption>Seg\u00fan Zayas, la producci\u00f3n en Bacard\u00ed se ha mantenido en los 25 millones de litros. <span>(Robert Alvarez)<\/span><\/figcaption><\/div>\n<div>\n<p><img decoding=\"async\" alt=\"Maricarmen Rivera S\u00e1nchez\" src=\"https:\/\/www.elnuevodia.com\/resizer\/v2\/https%3A%2F%2Fauthor-service-images-prod-us-east-1.publishing.aws.arc.pub%2Fgfrmedia%2Fd7e09b7c-e3ac-42d9-9b55-fd4ec60fdd8e.png?auth=473195d231d90ef88f73011702b0a9dfb1fd392b4b707b9f977bd57796ae2b6e&#038;quality=75&#038;smart=true&#038;width=170&#038;height=147\"><\/p>\n<\/div>\n<div>\n<p>Bacard\u00ed no ha sentido el efecto de la reducci\u00f3n en el consumo de alcohol que se experimenta a nivel global, por lo que mantienen una producci\u00f3n significativa de sus productos tanto en Puerto Rico como en Florida. <\/p>\n<\/div>\n<div>\n<p><a href=\"https:\/\/www.elnuevodia.com\/correcciones\/\"><b>Correcciones y Aclaraciones<\/b><\/a><\/p>\n<p>La nota fue editada para aclarar el puesto de Edwin Zayas, director s\u00e9nior de la cadena de suministros para Bacard\u00ed en Puerto Rico y la embotelladora en Florida. Y para establecer que la producci\u00f3n de 25 millones de litros corresponde a la planta en Cata\u00f1o.<\/p>\n<\/div>\n<\/div>\n<section>\n<header><span>Popular en la Comunidad<\/span><\/header>\n<\/section>\n<\/div>\n<\/div>\n\n    <div class=\"xs_social_share_widget xs_share_url after_content \t\tmain_content  wslu-style-1 wslu-share-box-shaped wslu-fill-colored wslu-none wslu-share-horizontal wslu-theme-font-no wslu-main_content\">\n\n\t\t\n        <ul>\n\t\t\t        <\/ul>\n    <\/div> \n","protected":false},"excerpt":{"rendered":"<p>Bolsa de valores 08:32 PM S&amp;P 500 &#8211; (CFD) 7572.40 0.38% \u00b7 \u00b7 Noticia Basado en hechos que el periodista haya observado y verificado de primera mano, o en informaci\u00f3n verificada que proviene de fuentes bien informadas. Edwin Zayas, director senior de cadena de suministros para Bacard\u00ed en Puerto Rico y Jacksonville, asegura que \u201cla<\/p>\n","protected":false},"author":2,"featured_media":30070,"comment_status":"open","ping_status":"open","sticky":false,"template":"","format":"standard","meta":{"om_disable_all_campaigns":false,"_monsterinsights_skip_tracking":false,"footnotes":""},"categories":[5],"tags":[],"class_list":["post-30069","post","type-post","status-publish","format-standard","has-post-thumbnail","hentry","category-negocios"],"aioseo_notices":[],"_links":{"self":[{"href":"https:\/\/aleeknews.com\/4l33k5\/wp-json\/wp\/v2\/posts\/30069","targetHints":{"allow":["GET"]}}],"collection":[{"href":"https:\/\/aleeknews.com\/4l33k5\/wp-json\/wp\/v2\/posts"}],"about":[{"href":"https:\/\/aleeknews.com\/4l33k5\/wp-json\/wp\/v2\/types\/post"}],"author":[{"embeddable":true,"href":"https:\/\/aleeknews.com\/4l33k5\/wp-json\/wp\/v2\/users\/2"}],"replies":[{"embeddable":true,"href":"https:\/\/aleeknews.com\/4l33k5\/wp-json\/wp\/v2\/comments?post=30069"}],"version-history":[{"count":0,"href":"https:\/\/aleeknews.com\/4l33k5\/wp-json\/wp\/v2\/posts\/30069\/revisions"}],"wp:featuredmedia":[{"embeddable":true,"href":"https:\/\/aleeknews.com\/4l33k5\/wp-json\/wp\/v2\/media\/30070"}],"wp:attachment":[{"href":"https:\/\/aleeknews.com\/4l33k5\/wp-json\/wp\/v2\/media?parent=30069"}],"wp:term":[{"taxonomy":"category","embeddable":true,"href":"https:\/\/aleeknews.com\/4l33k5\/wp-json\/wp\/v2\/categories?post=30069"},{"taxonomy":"post_tag","embeddable":true,"href":"https:\/\/aleeknews.com\/4l33k5\/wp-json\/wp\/v2\/tags?post=30069"}],"curies":[{"name":"wp","href":"https:\/\/api.w.org\/{rel}","templated":true}]}}