{"id":30066,"date":"2026-08-30T15:42:32","date_gmt":"2026-08-30T19:42:32","guid":{"rendered":"https:\/\/aleeknews.com\/4l33k5\/2026\/08\/30\/escandalo-en-islandia-funcionaria-renuncia-por-tener-un-hijo-con-un-adolescente-hace-30-anos-2\/"},"modified":"2026-08-30T15:42:32","modified_gmt":"2026-08-30T19:42:32","slug":"escandalo-en-islandia-funcionaria-renuncia-por-tener-un-hijo-con-un-adolescente-hace-30-anos-2","status":"publish","type":"post","link":"https:\/\/aleeknews.com\/4l33k5\/2026\/08\/30\/escandalo-en-islandia-funcionaria-renuncia-por-tener-un-hijo-con-un-adolescente-hace-30-anos-2\/","title":{"rendered":"Esc\u00e1ndalo en Islandia: funcionaria renuncia por tener un hijo con un adolescente hace 30 a\u00f1os"},"content":{"rendered":"<div>\n<div data-fusion-lazy-id=\"f0fQYcNoHQKSGL\">\n<div class>\n<p><a href=\"https:\/\/thetrustproject.org\/\"><img decoding=\"async\" src=\"https:\/\/www.elnuevodia.com\/pf\/resources\/v2\/icons\/trust-icon.svg?d=247\"><\/a><\/p>\n<div>\n<p>Servicio de noticias<\/p>\n<div>\n<p>Producido externamente por una organizaci\u00f3n que confiamos cumple con las normas period\u00edsticas.<\/p>\n<\/div>\n<\/div>\n<\/div>\n<div>\n<h2>\u00c1sthildur L\u00f3a Th\u00f3rsd\u00f3ttir, ministra de la infancia, ten\u00eda 23 a\u00f1os, mientras que el padre del beb\u00e9 ten\u00eda 16<\/h2>\n<div>\n<p>23 de marzo de 2025 &#8211; 2:10 PM<\/p>\n<\/div>\n<div>\n<p><b>Archivo<\/b><\/p>\n<p>Esta historia fue publicada hace m\u00e1s de 1 a\u00f1o.<\/p>\n<\/div>\n<\/div>\n<\/div>\n<div data-fusion-lazy-id=\"f0fIYaQF9GLV14D\">\n<div><picture><source media=\"(max-width: 375px)\" ><source media=\"(max-width: 767px)\" ><source media=\"(max-width: 1023px)\" ><source ><\/picture><figcaption>La sede del parlamento de Islandia, en Reikiavik. <span>(Brynjar Gauti)<\/span><\/figcaption><\/div>\n<div>\n<p><span>Por <b><\/b><b>The Associated Press<\/b><\/span><\/p>\n<p><span>Agencia de noticias<\/span><\/p>\n<\/div>\n<div>\n<p>LONDRES \u2014 La presidenta de <a href=\"https:\/\/www.elnuevodia.com\/topicos\/islandia\/\" target=\"_blank\">Islandia<\/a> acept\u00f3 el domingo la renuncia de la ministra de la infancia de la naci\u00f3n insular del Atl\u00e1ntico Norte, <b>quien dej\u00f3 el gobierno debido a una relaci\u00f3n que tuvo con un adolescente hace m\u00e1s de tres d\u00e9cadas.<\/b><\/p>\n<\/div>\n<\/div>\n<section>\n<header><span>Popular en la Comunidad<\/span><\/header>\n<\/section>\n<\/div>\n\n    <div class=\"xs_social_share_widget xs_share_url after_content \t\tmain_content  wslu-style-1 wslu-share-box-shaped wslu-fill-colored wslu-none wslu-share-horizontal wslu-theme-font-no wslu-main_content\">\n\n\t\t\n        <ul>\n\t\t\t        <\/ul>\n    <\/div> \n","protected":false},"excerpt":{"rendered":"<p>Servicio de noticias Producido externamente por una organizaci\u00f3n que confiamos cumple con las normas period\u00edsticas. \u00c1sthildur L\u00f3a Th\u00f3rsd\u00f3ttir, ministra de la infancia, ten\u00eda 23 a\u00f1os, mientras que el padre del beb\u00e9 ten\u00eda 16 23 de marzo de 2025 &#8211; 2:10 PM Archivo Esta historia fue publicada hace m\u00e1s de 1 a\u00f1o. La sede del parlamento<\/p>\n","protected":false},"author":2,"featured_media":30058,"comment_status":"open","ping_status":"open","sticky":false,"template":"","format":"standard","meta":{"om_disable_all_campaigns":false,"_monsterinsights_skip_tracking":false,"footnotes":""},"categories":[10],"tags":[],"class_list":["post-30066","post","type-post","status-publish","format-standard","has-post-thumbnail","hentry","category-mundo"],"aioseo_notices":[],"_links":{"self":[{"href":"https:\/\/aleeknews.com\/4l33k5\/wp-json\/wp\/v2\/posts\/30066","targetHints":{"allow":["GET"]}}],"collection":[{"href":"https:\/\/aleeknews.com\/4l33k5\/wp-json\/wp\/v2\/posts"}],"about":[{"href":"https:\/\/aleeknews.com\/4l33k5\/wp-json\/wp\/v2\/types\/post"}],"author":[{"embeddable":true,"href":"https:\/\/aleeknews.com\/4l33k5\/wp-json\/wp\/v2\/users\/2"}],"replies":[{"embeddable":true,"href":"https:\/\/aleeknews.com\/4l33k5\/wp-json\/wp\/v2\/comments?post=30066"}],"version-history":[{"count":0,"href":"https:\/\/aleeknews.com\/4l33k5\/wp-json\/wp\/v2\/posts\/30066\/revisions"}],"wp:featuredmedia":[{"embeddable":true,"href":"https:\/\/aleeknews.com\/4l33k5\/wp-json\/wp\/v2\/media\/30058"}],"wp:attachment":[{"href":"https:\/\/aleeknews.com\/4l33k5\/wp-json\/wp\/v2\/media?parent=30066"}],"wp:term":[{"taxonomy":"category","embeddable":true,"href":"https:\/\/aleeknews.com\/4l33k5\/wp-json\/wp\/v2\/categories?post=30066"},{"taxonomy":"post_tag","embeddable":true,"href":"https:\/\/aleeknews.com\/4l33k5\/wp-json\/wp\/v2\/tags?post=30066"}],"curies":[{"name":"wp","href":"https:\/\/api.w.org\/{rel}","templated":true}]}}