{"id":30045,"date":"2026-08-29T19:42:46","date_gmt":"2026-08-29T23:42:46","guid":{"rendered":"https:\/\/aleeknews.com\/4l33k5\/2026\/08\/29\/sin-bandera-conquista-puerto-rico-con-una-noche-cargada-de-nostalgia-romanticismo-y-grandes-exitos\/"},"modified":"2026-08-29T19:42:46","modified_gmt":"2026-08-29T23:42:46","slug":"sin-bandera-conquista-puerto-rico-con-una-noche-cargada-de-nostalgia-romanticismo-y-grandes-exitos","status":"publish","type":"post","link":"https:\/\/aleeknews.com\/4l33k5\/2026\/08\/29\/sin-bandera-conquista-puerto-rico-con-una-noche-cargada-de-nostalgia-romanticismo-y-grandes-exitos\/","title":{"rendered":"Sin Bandera conquista Puerto Rico con una noche cargada de nostalgia, romanticismo y grandes \u00e9xitos"},"content":{"rendered":"<div>\n<p>El legendario d\u00fao <a href=\"https:\/\/www.elnuevodia.com\/topicos\/sin-bandera\/\" target=\"_self\" rel title=\"https:\/\/www.elnuevodia.com\/topicos\/sin-bandera\/\"><b>Sin Bandera<\/b> <\/a>logr\u00f3 que el p\u00fablico puertorrique\u00f1o disfrutara de una velada rom\u00e1ntica memorable con la presentaci\u00f3n de <b>\u201cEscenas Tour\u201d. <\/b>El espect\u00e1culo inici\u00f3 con la proyecci\u00f3n en tiempo real, en las pantallas gigantes, del recorrido de <a href=\"https:\/\/www.instagram.com\/leoelleon\/\" target=\"_self\" rel title=\"https:\/\/www.instagram.com\/leoelleon\/\"><b>Leonel Garc\u00eda<\/b><\/a><b> y<\/b><a href=\"https:\/\/www.elnuevodia.com\/topicos\/noel-schajris\/\" target=\"_self\" rel title=\"https:\/\/www.elnuevodia.com\/topicos\/noel-schajris\/\"><b> Noel Schajris<\/b><\/a><b> <\/b>tras bastidores hasta llegar al escenario donde provocaron la ovaci\u00f3n del p\u00fablico antes de subir al escenario del <a href=\"https:\/\/www.elnuevodia.com\/topicos\/coliseo-de-puerto-rico-jose-miguel-agrelot\/\" target=\"_self\" rel title=\"https:\/\/www.elnuevodia.com\/topicos\/coliseo-de-puerto-rico-jose-miguel-agrelot\/\"><b>Coliseo de Puerto Rico Jos\u00e9 Miguel Agrelot<\/b>.<\/a> <\/p>\n<p>Con m\u00e1s de dos d\u00e9cadas de trayectoria, Sin Bandera logr\u00f3 cautivar al p\u00fablico con un emotivo \u201cshow\u201d que revivi\u00f3 la nostalgia de los asistentes con un repertorio que incluy\u00f3 los \u00e9xitos que han trascendido generaciones y los temas de su m\u00e1s reciente \u00e1lbum \u201cEscenas\u201d. <\/p>\n<p>Cada <a href=\"https:\/\/www.elnuevodia.com\/topicos\/concierto\/\" target=\"_self\" rel title=\"https:\/\/www.elnuevodia.com\/topicos\/concierto\/\"><b>concierto <\/b><\/a>de la gira es sin duda, una experiencia diferente, ya que el ic\u00f3nico d\u00fao integr\u00f3 diversos elementos culturales a trav\u00e9s del espect\u00e1culo. <b>As\u00ed, lograron logrando que el p\u00fablico confimara que son muy queridos en la isla. <\/b><\/p>\n<p>El recorrido \u00edntimo comenz\u00f3 con los temas \u201cDe viaje\u201d, \u201cY m\u00e1s te amo\u201d, \u201cT\u00f3came\u201d y \u201cPero no\u201d. Luego de dirigirse al p\u00fablico y provocar risas con su particular humor, anticiparon que continuaban con las canciones terap\u00e9uticas y bromearon con el p\u00fablico para que sacaran los pa\u00f1uelos. <\/p>\n<p>Uno de los momentos memorables de la velada musical fue cuando Schajaris present\u00f3 al joven violinista Razil Rosado, ganador de la Beca Noel Schajris 2026. <b>El puertorrique\u00f1o de 17 a\u00f1os demostr\u00f3 su talento con un impecable solo de viol\u00edn, para luego unirse al d\u00fao en el tema \u201cSuelta mi mano\u201d. <\/b>Luego del concierto, viajar\u00e1 a <a href=\"https:\/\/www.elnuevodia.com\/topicos\/boston\/\" target=\"_self\" rel title=\"https:\/\/www.elnuevodia.com\/topicos\/boston\/\"><b>Boston <\/b><\/a>para comenzar su carrera en el prestigioso <a href=\"https:\/\/www.elnuevodia.com\/topicos\/berklee-college-of-music\/\" target=\"_self\" rel title=\"https:\/\/www.elnuevodia.com\/topicos\/berklee-college-of-music\/\"><b>Berklee College of Music<\/b><\/a>. <\/p>\n<p>El espect\u00e1culo continu\u00f3 con los \u00e9xitos \u201cDime que s\u00ed\u201d, \u201cABC\u201d, \u201cAmor real\u201d, \u201cAhora s\u00e9\u201d, \u201cY llegaste t\u00fa\u201d y \u201cA ti\u201d. Los int\u00e9rpretes demostraron por qu\u00e9 se han consolidado como uno de los d\u00faos m\u00e1s influyentes del pop latino e hicieron despliegue de su talento con la guitarra y el piano, as\u00ed como de un registro vocal excepcional logrando de cada interpretaci\u00f3n una especial y \u00fanica. Adem\u00e1s, Schajris hizo un recorrido por el p\u00fablico, con el que pudo interactuar de cerca con sus seguidores. <\/p>\n<p>El cantante relat\u00f3 el d\u00eda cuando conoci\u00f3 a Garc\u00eda, reci\u00e9n se hab\u00eda mudado de <a href=\"https:\/\/www.elnuevodia.com\/topicos\/buenos-aires\/\" target=\"_self\" rel title=\"https:\/\/www.elnuevodia.com\/topicos\/buenos-aires\/\"><b>Buenos Aires<\/b><\/a> a <a href=\"https:\/\/www.elnuevodia.com\/topicos\/mexico\/\" target=\"_self\" rel title=\"https:\/\/www.elnuevodia.com\/topicos\/mexico\/\"><b>M\u00e9xico<\/b><\/a> y se citaron para componer una canci\u00f3n, y en hora y media compusieron \u201cLlegaste t\u00fa\u201d, al d\u00eda siguiente hicieron \u201cKil\u00f3metros\u201d y \u201cEntra en mi vida\u201d, la qu\u00edmica fue tan excepcional que compusieron alrededor de 40 canciones en mes y medio. De esta manera, dio inicio la aventura musical del ic\u00f3nico d\u00fao rom\u00e1ntico. <\/p>\n<p>\u201cHoy estamos 26 a\u00f1os despu\u00e9s en Puerto Rico, gracias a ustedes\u201d, dijo. \u201cEs el honor de mi vida, mi compa\u00f1ero, compositor impresionante, guitarrista, cantante, todo lo hace bien\u201d, agreg\u00f3. <\/p>\n<p>De la misma manera, Garc\u00eda expres\u00f3 su admiraci\u00f3n por Schajris: \u201cno podr\u00eda tener mejor c\u00f3mplice que alguien que sali\u00f3 de su tierra buscando sus sue\u00f1os, es un hombre que nunca deja de luchar y buscar lo que quiere, y lo que quiere es hacer arte en la vida, as\u00ed que, para m\u00ed ha sido una suerte encontrarlo, poder compartir con \u00e9l, su talento, su arte, su voz, su instrumento, su piano, su composici\u00f3n, su energ\u00eda\u201d. <\/p>\n<p>De su m\u00e1s reciente producci\u00f3n presentaron los temas \u201cNunca\u201d y \u201cQu\u00e9 culpa tiene ella\u201d. La velada continu\u00f3 con \u201cSi t\u00fa no est\u00e1s aqu\u00ed\u201d, \u201cVes\u201d, y presentaron a la banda de 8 m\u00fasicos y 2 coristas que los acompa\u00f1an en la gira. El p\u00fablico se puso de pie con el tema \u201cSirena\u201d, y corearon los \u00e9xitos \u201cKil\u00f3metros\u201d, \u201cQue lloro\u201d, \u201cMientes tan bien\u201d, \u201cEn esta no\u201d, \u201cQue me alcance la vida\u201d y \u201cTe vi venir\u201d. El espect\u00e1culo que cont\u00f3 con el equipo de producci\u00f3n de <b>R&#038;M Entertainment<\/b> culmin\u00f3 con \u201cEntra en mi vida\u201d. <\/p>\n<\/div>\n\n    <div class=\"xs_social_share_widget xs_share_url after_content \t\tmain_content  wslu-style-1 wslu-share-box-shaped wslu-fill-colored wslu-none wslu-share-horizontal wslu-theme-font-no wslu-main_content\">\n\n\t\t\n        <ul>\n\t\t\t        <\/ul>\n    <\/div> \n","protected":false},"excerpt":{"rendered":"<p>El legendario d\u00fao Sin Bandera logr\u00f3 que el p\u00fablico puertorrique\u00f1o disfrutara de una velada rom\u00e1ntica memorable con la presentaci\u00f3n de \u201cEscenas Tour\u201d. El espect\u00e1culo inici\u00f3 con la proyecci\u00f3n en tiempo real, en las pantallas gigantes, del recorrido de Leonel Garc\u00eda y Noel Schajris tras bastidores hasta llegar al escenario donde provocaron la ovaci\u00f3n del p\u00fablico<\/p>\n","protected":false},"author":1,"featured_media":30046,"comment_status":"open","ping_status":"open","sticky":false,"template":"","format":"standard","meta":{"om_disable_all_campaigns":false,"_monsterinsights_skip_tracking":false,"footnotes":""},"categories":[61],"tags":[],"class_list":["post-30045","post","type-post","status-publish","format-standard","has-post-thumbnail","hentry","category-musica"],"aioseo_notices":[],"_links":{"self":[{"href":"https:\/\/aleeknews.com\/4l33k5\/wp-json\/wp\/v2\/posts\/30045","targetHints":{"allow":["GET"]}}],"collection":[{"href":"https:\/\/aleeknews.com\/4l33k5\/wp-json\/wp\/v2\/posts"}],"about":[{"href":"https:\/\/aleeknews.com\/4l33k5\/wp-json\/wp\/v2\/types\/post"}],"author":[{"embeddable":true,"href":"https:\/\/aleeknews.com\/4l33k5\/wp-json\/wp\/v2\/users\/1"}],"replies":[{"embeddable":true,"href":"https:\/\/aleeknews.com\/4l33k5\/wp-json\/wp\/v2\/comments?post=30045"}],"version-history":[{"count":0,"href":"https:\/\/aleeknews.com\/4l33k5\/wp-json\/wp\/v2\/posts\/30045\/revisions"}],"wp:featuredmedia":[{"embeddable":true,"href":"https:\/\/aleeknews.com\/4l33k5\/wp-json\/wp\/v2\/media\/30046"}],"wp:attachment":[{"href":"https:\/\/aleeknews.com\/4l33k5\/wp-json\/wp\/v2\/media?parent=30045"}],"wp:term":[{"taxonomy":"category","embeddable":true,"href":"https:\/\/aleeknews.com\/4l33k5\/wp-json\/wp\/v2\/categories?post=30045"},{"taxonomy":"post_tag","embeddable":true,"href":"https:\/\/aleeknews.com\/4l33k5\/wp-json\/wp\/v2\/tags?post=30045"}],"curies":[{"name":"wp","href":"https:\/\/api.w.org\/{rel}","templated":true}]}}