{"id":28752,"date":"2026-08-02T07:44:50","date_gmt":"2026-08-02T11:44:50","guid":{"rendered":"https:\/\/aleeknews.com\/4l33k5\/2026\/08\/02\/powell-permanecera-en-la-junta-de-la-reserva-federal\/"},"modified":"2026-08-02T07:44:50","modified_gmt":"2026-08-02T11:44:50","slug":"powell-permanecera-en-la-junta-de-la-reserva-federal","status":"publish","type":"post","link":"https:\/\/aleeknews.com\/4l33k5\/2026\/08\/02\/powell-permanecera-en-la-junta-de-la-reserva-federal\/","title":{"rendered":"Powell permanecer\u00e1 en la junta de la Reserva Federal"},"content":{"rendered":"<div>\n<div data-fusion-lazy-id=\"f0f5G41E11Y61Ck\">\n<div data-testid=\"global-header-test\">\n<hr>\n<p><span>Bolsa de valores <b>11:44 AM<\/b><\/span><\/p>\n<\/div>\n<div data-testid=\"test-post-copy\">\n<div>\n<p>S&#038;P 500 &#8211; (CFD)<\/p>\n<p>7572.40<\/p>\n<p>0.38%<\/p>\n<\/div>\n<p><span> \u00b7 <\/span><\/p>\n<p><span> \u00b7 <\/span><\/p>\n<\/div>\n<\/div>\n<div>\n<div data-fusion-lazy-id=\"f0f9tfiOw0362nv\">\n<div class>\n<p><a href=\"https:\/\/thetrustproject.org\/\"><img decoding=\"async\" src=\"https:\/\/www.elnuevodia.com\/pf\/resources\/v2\/icons\/trust-icon.svg?d=242\"><\/a><\/p>\n<div>\n<p>Noticia<\/p>\n<div>\n<p>Basado en hechos que el periodista haya observado y verificado de primera mano, o en informaci\u00f3n verificada que proviene de fuentes bien informadas.<\/p>\n<\/div>\n<\/div>\n<\/div>\n<div>\n<h2>El presidente termina su presidencia el pr\u00f3ximo 15 de mayo dejando sin cambios la tasa de inter\u00e9s, pero continuar\u00e1 como gobernador  <\/h2>\n<div>\n<p>29 de abril de 2026 &#8211; 2:44 PM<\/p>\n<\/div>\n<div>\n<p><b>Archivo<\/b><\/p>\n<p>Esta historia fue publicada hace m\u00e1s de 3 meses.<\/p>\n<\/div>\n<\/div>\n<\/div>\n<div data-fusion-lazy-id=\"f0f8wxHIPTYNet\">\n<div><picture><source media=\"(max-width: 375px)\" ><source media=\"(max-width: 767px)\" ><source media=\"(max-width: 1023px)\" ><source ><\/picture><figcaption>Jerome Powell, presidente de la Reserva Federal. <span>(Charles Krupa)<\/span><\/figcaption><\/div>\n<div>\n<p><span>Por <b><\/b><b>The Associated Press<\/b><\/span><\/p>\n<p><span>Agencia de noticias<\/span><\/p>\n<\/div>\n<div>\n<p>El <a href=\"https:\/\/www.elnuevodia.com\/topicos\/banco-de-la-reserva-federal\/\" target=\"_blank\" rel=\"noreferrer\" title=\"https:\/\/www.elnuevodia.com\/topicos\/banco-de-la-reserva-federal\/\">Banco de la Reserva Federal<\/a> dej\u00f3 sin cambios su tasa de inter\u00e9s de referencia por tercera reuni\u00f3n consecutiva, pero se\u00f1al\u00f3 que a\u00fan podr\u00eda recortar las tasas en los pr\u00f3ximos meses, decisiones que atrajeron la mayor cantidad de disensos desde octubre de 1992.<\/p>\n<\/div>\n<\/div>\n<section>\n<header><span>Popular en la Comunidad<\/span><\/header>\n<\/section>\n<\/div>\n<\/div>\n\n    <div class=\"xs_social_share_widget xs_share_url after_content \t\tmain_content  wslu-style-1 wslu-share-box-shaped wslu-fill-colored wslu-none wslu-share-horizontal wslu-theme-font-no wslu-main_content\">\n\n\t\t\n        <ul>\n\t\t\t        <\/ul>\n    <\/div> \n","protected":false},"excerpt":{"rendered":"<p>Bolsa de valores 11:44 AM S&amp;P 500 &#8211; (CFD) 7572.40 0.38% \u00b7 \u00b7 Noticia Basado en hechos que el periodista haya observado y verificado de primera mano, o en informaci\u00f3n verificada que proviene de fuentes bien informadas. El presidente termina su presidencia el pr\u00f3ximo 15 de mayo dejando sin cambios la tasa de inter\u00e9s, pero<\/p>\n","protected":false},"author":2,"featured_media":28753,"comment_status":"open","ping_status":"open","sticky":false,"template":"","format":"standard","meta":{"om_disable_all_campaigns":false,"_monsterinsights_skip_tracking":false,"footnotes":""},"categories":[5],"tags":[],"class_list":["post-28752","post","type-post","status-publish","format-standard","has-post-thumbnail","hentry","category-negocios"],"aioseo_notices":[],"_links":{"self":[{"href":"https:\/\/aleeknews.com\/4l33k5\/wp-json\/wp\/v2\/posts\/28752","targetHints":{"allow":["GET"]}}],"collection":[{"href":"https:\/\/aleeknews.com\/4l33k5\/wp-json\/wp\/v2\/posts"}],"about":[{"href":"https:\/\/aleeknews.com\/4l33k5\/wp-json\/wp\/v2\/types\/post"}],"author":[{"embeddable":true,"href":"https:\/\/aleeknews.com\/4l33k5\/wp-json\/wp\/v2\/users\/2"}],"replies":[{"embeddable":true,"href":"https:\/\/aleeknews.com\/4l33k5\/wp-json\/wp\/v2\/comments?post=28752"}],"version-history":[{"count":0,"href":"https:\/\/aleeknews.com\/4l33k5\/wp-json\/wp\/v2\/posts\/28752\/revisions"}],"wp:featuredmedia":[{"embeddable":true,"href":"https:\/\/aleeknews.com\/4l33k5\/wp-json\/wp\/v2\/media\/28753"}],"wp:attachment":[{"href":"https:\/\/aleeknews.com\/4l33k5\/wp-json\/wp\/v2\/media?parent=28752"}],"wp:term":[{"taxonomy":"category","embeddable":true,"href":"https:\/\/aleeknews.com\/4l33k5\/wp-json\/wp\/v2\/categories?post=28752"},{"taxonomy":"post_tag","embeddable":true,"href":"https:\/\/aleeknews.com\/4l33k5\/wp-json\/wp\/v2\/tags?post=28752"}],"curies":[{"name":"wp","href":"https:\/\/api.w.org\/{rel}","templated":true}]}}