{"id":24484,"date":"2026-05-03T09:45:51","date_gmt":"2026-05-03T13:45:51","guid":{"rendered":"https:\/\/aleeknews.com\/4l33k5\/2026\/05\/03\/8-consejos-para-prevenir-la-gastritis\/"},"modified":"2026-05-03T09:45:51","modified_gmt":"2026-05-03T13:45:51","slug":"8-consejos-para-prevenir-la-gastritis","status":"publish","type":"post","link":"https:\/\/aleeknews.com\/4l33k5\/2026\/05\/03\/8-consejos-para-prevenir-la-gastritis\/","title":{"rendered":"8 consejos para prevenir la gastritis"},"content":{"rendered":"<div>\n<div data-fusion-lazy-id=\"f0fQYcNoHQKSGL\">\n<div class>\n<p><a href=\"https:\/\/thetrustproject.org\/\"><img decoding=\"async\" src=\"https:\/\/www.elnuevodia.com\/pf\/resources\/v2\/icons\/trust-icon.svg?d=229\"><\/a><\/p>\n<div>\n<p>Se adhiere a los criterios de The Trust Project<\/p>\n<\/div>\n<\/div>\n<div>\n<h2>Conoce m\u00e1s sobre las causas de la gastritis y c\u00f3mo prevenirla<\/h2>\n<div>\n<p>20 de julio de 2019 &#8211; 7:00 AM<\/p>\n<\/div>\n<div>\n<p><b>Archivo<\/b><\/p>\n<p>Esta historia fue publicada hace m\u00e1s de 6 a\u00f1os.<\/p>\n<\/div>\n<\/div>\n<\/div>\n<div data-fusion-lazy-id=\"f0fIYaQF9GLV14D\">\n<div><picture><source media=\"(max-width: 375px)\" ><source media=\"(max-width: 767px)\" ><source media=\"(max-width: 1023px)\" ><source ><\/picture><figcaption>Come despacio, tomate tu tiempo para masticar tranquilo. (Pixabay) <\/figcaption><\/div>\n<div>\n<p><span>Por <b><\/b><b>El Comercio \/ GDA<\/b><\/span><\/p>\n<p><span>Peri\u00f3dico miembro del Grupo de Diarios Am\u00e9rica<\/span><\/p>\n<\/div>\n<div>\n<p><strong>La gastritis es una de las principales causas del estr\u00e9s generado, a su vez, por la combinaci\u00f3n de circunstancias y experiencias agotadoras, como la falta de sue\u00f1o, la mala alimentaci\u00f3n, el uso y abuso de alcohol y el exceso de labores.\u00a0<\/strong><\/p>\n<\/div>\n<\/div>\n<section>\n<header><span>Popular en la Comunidad<\/span><\/header>\n<\/section>\n<\/div>\n\n    <div class=\"xs_social_share_widget xs_share_url after_content \t\tmain_content  wslu-style-1 wslu-share-box-shaped wslu-fill-colored wslu-none wslu-share-horizontal wslu-theme-font-no wslu-main_content\">\n\n\t\t\n        <ul>\n\t\t\t        <\/ul>\n    <\/div> \n","protected":false},"excerpt":{"rendered":"<p>Se adhiere a los criterios de The Trust Project Conoce m\u00e1s sobre las causas de la gastritis y c\u00f3mo prevenirla 20 de julio de 2019 &#8211; 7:00 AM Archivo Esta historia fue publicada hace m\u00e1s de 6 a\u00f1os. Come despacio, tomate tu tiempo para masticar tranquilo. (Pixabay) Por El Comercio \/ GDA Peri\u00f3dico miembro del<\/p>\n","protected":false},"author":2,"featured_media":24485,"comment_status":"open","ping_status":"open","sticky":false,"template":"","format":"standard","meta":{"om_disable_all_campaigns":false,"_monsterinsights_skip_tracking":false,"_monsterinsights_sitenote_active":false,"_monsterinsights_sitenote_note":"","_monsterinsights_sitenote_category":0,"footnotes":""},"categories":[8],"tags":[],"class_list":["post-24484","post","type-post","status-publish","format-standard","has-post-thumbnail","hentry","category-salud"],"aioseo_notices":[],"_links":{"self":[{"href":"https:\/\/aleeknews.com\/4l33k5\/wp-json\/wp\/v2\/posts\/24484","targetHints":{"allow":["GET"]}}],"collection":[{"href":"https:\/\/aleeknews.com\/4l33k5\/wp-json\/wp\/v2\/posts"}],"about":[{"href":"https:\/\/aleeknews.com\/4l33k5\/wp-json\/wp\/v2\/types\/post"}],"author":[{"embeddable":true,"href":"https:\/\/aleeknews.com\/4l33k5\/wp-json\/wp\/v2\/users\/2"}],"replies":[{"embeddable":true,"href":"https:\/\/aleeknews.com\/4l33k5\/wp-json\/wp\/v2\/comments?post=24484"}],"version-history":[{"count":0,"href":"https:\/\/aleeknews.com\/4l33k5\/wp-json\/wp\/v2\/posts\/24484\/revisions"}],"wp:featuredmedia":[{"embeddable":true,"href":"https:\/\/aleeknews.com\/4l33k5\/wp-json\/wp\/v2\/media\/24485"}],"wp:attachment":[{"href":"https:\/\/aleeknews.com\/4l33k5\/wp-json\/wp\/v2\/media?parent=24484"}],"wp:term":[{"taxonomy":"category","embeddable":true,"href":"https:\/\/aleeknews.com\/4l33k5\/wp-json\/wp\/v2\/categories?post=24484"},{"taxonomy":"post_tag","embeddable":true,"href":"https:\/\/aleeknews.com\/4l33k5\/wp-json\/wp\/v2\/tags?post=24484"}],"curies":[{"name":"wp","href":"https:\/\/api.w.org\/{rel}","templated":true}]}}