{"id":24483,"date":"2026-05-03T09:43:43","date_gmt":"2026-05-03T13:43:43","guid":{"rendered":"https:\/\/aleeknews.com\/4l33k5\/2026\/05\/03\/vivi-lagrimas-los-pasos-de-pepe-calderon-mientras-levanta-su-voz-ante-la-necesidad-de-erradicar-la-violencia-de-genero\/"},"modified":"2026-05-03T09:43:43","modified_gmt":"2026-05-03T13:43:43","slug":"vivi-lagrimas-los-pasos-de-pepe-calderon-mientras-levanta-su-voz-ante-la-necesidad-de-erradicar-la-violencia-de-genero","status":"publish","type":"post","link":"https:\/\/aleeknews.com\/4l33k5\/2026\/05\/03\/vivi-lagrimas-los-pasos-de-pepe-calderon-mientras-levanta-su-voz-ante-la-necesidad-de-erradicar-la-violencia-de-genero\/","title":{"rendered":"\u201cViv\u00ed l\u00e1grimas\u201d: Los pasos de Pepe Calder\u00f3n mientras levanta su voz ante la necesidad de erradicar la violencia de g\u00e9nero"},"content":{"rendered":"<div>\n<div data-fusion-lazy-id=\"f0fQYcNoHQKSGL\">\n<div class>\n<p><a href=\"https:\/\/thetrustproject.org\/\"><img decoding=\"async\" src=\"https:\/\/www.elnuevodia.com\/pf\/resources\/v2\/icons\/trust-icon.svg?d=229\"><\/a><\/p>\n<div>\n<p>Noticia<\/p>\n<div>\n<p>Basado en hechos que el periodista haya observado y verificado de primera mano, o en informaci\u00f3n verificada que proviene de fuentes bien informadas.<\/p>\n<\/div>\n<\/div>\n<\/div>\n<div>\n<h2>El carism\u00e1tico presentador de televisi\u00f3n ser\u00e1 uno de los embajadores del movimiento Kil\u00f3metros de Cambio<\/h2>\n<div>\n<p>3 de mayo de 2026 &#8211; 11:10 PM<\/p>\n<\/div>\n<\/div>\n<\/div>\n<div data-fusion-lazy-id=\"f0fIYaQF9GLV14D\">\n<div><picture><source media=\"(max-width: 375px)\" ><source media=\"(max-width: 767px)\" ><source media=\"(max-width: 1023px)\" ><source ><\/picture><figcaption>Desde el Parque Luis Mu\u00f1oz Rivera, en San Juan, el presentador Pepe Calder\u00f3n detalla lo que implica ser uno de los embajadores de Kil\u00f3metros de Cambio.<\/p>\n<p>EN LA FOTO:<br \/>\n&#8211; Jos\u00e9 &#8220;Pepe&#8221; Calder\u00f3n<\/p>\n<p>FOTO POR: Pablo.martinez@gfrmedia.com<br \/>\nPablo Mart\u00ednez Rodr\u00edguez<\/p>\n<p>Kil\u00f3metros de Cambio, Violencia de g\u00e9nero, Maltrato, Movimiento social-deportivo,  KdC2026, Carrera, 5k, Pepe Calder\u00f3n, Animador, Embajador <span>(Pablo Mart\u00ednez Rodr\u00edguez)<\/span><\/figcaption><\/div>\n<div>\n<p><img decoding=\"async\" alt=\"Shakira Vargas Rodr\u00edguez\" src=\"https:\/\/www.elnuevodia.com\/resizer\/v2\/https%3A%2F%2Fs3.amazonaws.com%2Farc-authors%2Fgfrmedia%2Fee0dad8a-5507-41fa-980f-90ebba42359c.png?auth=aea4c68e30aa21d75182b660078ecb411cca95c066f2f67eba719f36f77612a1&#038;quality=75&#038;smart=true&#038;width=170&#038;height=147\"><\/p>\n<\/div>\n<div>\n<p>Para el presentador de televisi\u00f3n <a href=\"https:\/\/www.elnuevodia.com\/topicos\/pepe-calderon\/\" target=\"_blank\" rel=\"noreferrer\" title=\"https:\/\/www.elnuevodia.com\/topicos\/pepe-calderon\/\"><b>Pepe Calder\u00f3n<\/b><\/a> no hay figura en el mundo m\u00e1s importante que la de una mujer. Anhela que los hogares de las familias puertorrique\u00f1as irradien de felicidad, respeto, empat\u00eda y apoyo.<\/p>\n<\/div>\n<\/div>\n<section>\n<header><span>Popular en la Comunidad<\/span><\/header>\n<\/section>\n<\/div>\n\n    <div class=\"xs_social_share_widget xs_share_url after_content \t\tmain_content  wslu-style-1 wslu-share-box-shaped wslu-fill-colored wslu-none wslu-share-horizontal wslu-theme-font-no wslu-main_content\">\n\n\t\t\n        <ul>\n\t\t\t        <\/ul>\n    <\/div> \n","protected":false},"excerpt":{"rendered":"<p>Noticia Basado en hechos que el periodista haya observado y verificado de primera mano, o en informaci\u00f3n verificada que proviene de fuentes bien informadas. El carism\u00e1tico presentador de televisi\u00f3n ser\u00e1 uno de los embajadores del movimiento Kil\u00f3metros de Cambio 3 de mayo de 2026 &#8211; 11:10 PM Desde el Parque Luis Mu\u00f1oz Rivera, en San<\/p>\n","protected":false},"author":2,"featured_media":0,"comment_status":"open","ping_status":"open","sticky":false,"template":"","format":"standard","meta":{"om_disable_all_campaigns":false,"_monsterinsights_skip_tracking":false,"_monsterinsights_sitenote_active":false,"_monsterinsights_sitenote_note":"","_monsterinsights_sitenote_category":0,"footnotes":""},"categories":[38],"tags":[],"class_list":["post-24483","post","type-post","status-publish","format-standard","hentry","category-estilo-de-vida"],"aioseo_notices":[],"_links":{"self":[{"href":"https:\/\/aleeknews.com\/4l33k5\/wp-json\/wp\/v2\/posts\/24483","targetHints":{"allow":["GET"]}}],"collection":[{"href":"https:\/\/aleeknews.com\/4l33k5\/wp-json\/wp\/v2\/posts"}],"about":[{"href":"https:\/\/aleeknews.com\/4l33k5\/wp-json\/wp\/v2\/types\/post"}],"author":[{"embeddable":true,"href":"https:\/\/aleeknews.com\/4l33k5\/wp-json\/wp\/v2\/users\/2"}],"replies":[{"embeddable":true,"href":"https:\/\/aleeknews.com\/4l33k5\/wp-json\/wp\/v2\/comments?post=24483"}],"version-history":[{"count":0,"href":"https:\/\/aleeknews.com\/4l33k5\/wp-json\/wp\/v2\/posts\/24483\/revisions"}],"wp:attachment":[{"href":"https:\/\/aleeknews.com\/4l33k5\/wp-json\/wp\/v2\/media?parent=24483"}],"wp:term":[{"taxonomy":"category","embeddable":true,"href":"https:\/\/aleeknews.com\/4l33k5\/wp-json\/wp\/v2\/categories?post=24483"},{"taxonomy":"post_tag","embeddable":true,"href":"https:\/\/aleeknews.com\/4l33k5\/wp-json\/wp\/v2\/tags?post=24483"}],"curies":[{"name":"wp","href":"https:\/\/api.w.org\/{rel}","templated":true}]}}