{"id":24467,"date":"2026-05-03T06:43:47","date_gmt":"2026-05-03T10:43:47","guid":{"rendered":"https:\/\/aleeknews.com\/4l33k5\/2026\/05\/03\/pablo-jose-hernandez-afirma-que-justicia-debe-investigar-si-trasciende-alguna-irregularidad-en-interpelacion-de-francisco-domenech-2\/"},"modified":"2026-05-03T06:43:47","modified_gmt":"2026-05-03T10:43:47","slug":"pablo-jose-hernandez-afirma-que-justicia-debe-investigar-si-trasciende-alguna-irregularidad-en-interpelacion-de-francisco-domenech-2","status":"publish","type":"post","link":"https:\/\/aleeknews.com\/4l33k5\/2026\/05\/03\/pablo-jose-hernandez-afirma-que-justicia-debe-investigar-si-trasciende-alguna-irregularidad-en-interpelacion-de-francisco-domenech-2\/","title":{"rendered":"Pablo Jos\u00e9 Hern\u00e1ndez afirma que Justicia debe investigar si trasciende alguna \u201cirregularidad\u201d en interpelaci\u00f3n de Francisco Domenech"},"content":{"rendered":"<div>\n<div data-fusion-lazy-id=\"f0fQYcNoHQKSGL\">\n<div class>\n<p><a href=\"https:\/\/thetrustproject.org\/\"><img decoding=\"async\" src=\"https:\/\/www.elnuevodia.com\/pf\/resources\/v2\/icons\/trust-icon.svg?d=229\"><\/a><\/p>\n<div>\n<p>Noticia<\/p>\n<div>\n<p>Basado en hechos que el periodista haya observado y verificado de primera mano, o en informaci\u00f3n verificada que proviene de fuentes bien informadas.<\/p>\n<\/div>\n<\/div>\n<\/div>\n<div>\n<h2>El presidente del PPD critic\u00f3 la \u201cpelea interna\u201d entre Thomas Rivera Schatz y la gobernadora Jenniffer Gonz\u00e1lez <\/h2>\n<div>\n<p>20 de marzo de 2026 &#8211; 3:29 PM<\/p>\n<\/div>\n<div>\n<p><b>Archivo<\/b><\/p>\n<p>Esta historia fue publicada hace m\u00e1s de 1 mes.<\/p>\n<\/div>\n<\/div>\n<\/div>\n<div data-fusion-lazy-id=\"f0fIYaQF9GLV14D\">\n<div><picture><source media=\"(max-width: 375px)\" ><source media=\"(max-width: 767px)\" ><source media=\"(max-width: 1023px)\" ><source ><\/picture><figcaption>Pablo Jos\u00e9 Hern\u00e1ndez Rivera, comisionado residente en Washington y presidente del PPD. <span>(alexis.cedeno)<\/span><\/figcaption><\/div>\n<div>\n<p><img decoding=\"async\" alt=\"Redacci\u00f3n El Nuevo D\u00eda\" src=\"https:\/\/www.elnuevodia.com\/resizer\/v2\/https%3A%2F%2Fs3.amazonaws.com%2Farc-authors%2Fgfrmedia%2F145c9c5d-db09-4b86-9ff1-e79fe50922de.png?auth=2373579377c73cdf235cc102f3fb85f18894a8e29945292302694e43fc083cf4&#038;quality=75&#038;smart=true&#038;width=170&#038;height=147\"><\/p>\n<p><span>Por <b><\/b><b>Redacci\u00f3n El Nuevo D\u00eda<\/b><\/span><\/p>\n<\/div>\n<div>\n<p>El presidente del <a href=\"https:\/\/elnuevodia.com\/topicos\/ppd\/\" target=\"_self\" rel title=\"https:\/\/elnuevodia.com\/topicos\/ppd\/\"><b>Partido Popular Democr\u00e1tico<\/b><\/a> (PPD), <a href=\"https:\/\/elnuevodia.com\/topicos\/pablo-jose-hernandez-rivera\/\" target=\"_self\" rel title=\"https:\/\/elnuevodia.com\/topicos\/pablo-jose-hernandez-rivera\/\"><b>Pablo Jos\u00e9 Hern\u00e1ndez Rivera<\/b><\/a>, opin\u00f3 este viernes que las autoridades estatales y federales deber\u00edan investigar en caso de que se revele alguna irregularidad durante la vista de interpelaci\u00f3n al secretario de la Gobernaci\u00f3n, <a href=\"https:\/\/elnuevodia.com\/topicos\/francisco-domenech\/\" target=\"_blank\" rel=\"noreferrer\" title=\"https:\/\/elnuevodia.com\/topicos\/francisco-domenech\/\"><b>Francisco Domenech<\/b><\/a>.<\/p>\n<\/div>\n<\/div>\n<section>\n<header><span>Popular en la Comunidad<\/span><\/header>\n<\/section>\n<\/div>\n\n    <div class=\"xs_social_share_widget xs_share_url after_content \t\tmain_content  wslu-style-1 wslu-share-box-shaped wslu-fill-colored wslu-none wslu-share-horizontal wslu-theme-font-no wslu-main_content\">\n\n\t\t\n        <ul>\n\t\t\t        <\/ul>\n    <\/div> \n","protected":false},"excerpt":{"rendered":"<p>Noticia Basado en hechos que el periodista haya observado y verificado de primera mano, o en informaci\u00f3n verificada que proviene de fuentes bien informadas. El presidente del PPD critic\u00f3 la \u201cpelea interna\u201d entre Thomas Rivera Schatz y la gobernadora Jenniffer Gonz\u00e1lez 20 de marzo de 2026 &#8211; 3:29 PM Archivo Esta historia fue publicada hace<\/p>\n","protected":false},"author":2,"featured_media":0,"comment_status":"open","ping_status":"open","sticky":false,"template":"","format":"standard","meta":{"om_disable_all_campaigns":false,"_monsterinsights_skip_tracking":false,"_monsterinsights_sitenote_active":false,"_monsterinsights_sitenote_note":"","_monsterinsights_sitenote_category":0,"footnotes":""},"categories":[6],"tags":[],"class_list":["post-24467","post","type-post","status-publish","format-standard","hentry","category-politica"],"aioseo_notices":[],"_links":{"self":[{"href":"https:\/\/aleeknews.com\/4l33k5\/wp-json\/wp\/v2\/posts\/24467","targetHints":{"allow":["GET"]}}],"collection":[{"href":"https:\/\/aleeknews.com\/4l33k5\/wp-json\/wp\/v2\/posts"}],"about":[{"href":"https:\/\/aleeknews.com\/4l33k5\/wp-json\/wp\/v2\/types\/post"}],"author":[{"embeddable":true,"href":"https:\/\/aleeknews.com\/4l33k5\/wp-json\/wp\/v2\/users\/2"}],"replies":[{"embeddable":true,"href":"https:\/\/aleeknews.com\/4l33k5\/wp-json\/wp\/v2\/comments?post=24467"}],"version-history":[{"count":0,"href":"https:\/\/aleeknews.com\/4l33k5\/wp-json\/wp\/v2\/posts\/24467\/revisions"}],"wp:attachment":[{"href":"https:\/\/aleeknews.com\/4l33k5\/wp-json\/wp\/v2\/media?parent=24467"}],"wp:term":[{"taxonomy":"category","embeddable":true,"href":"https:\/\/aleeknews.com\/4l33k5\/wp-json\/wp\/v2\/categories?post=24467"},{"taxonomy":"post_tag","embeddable":true,"href":"https:\/\/aleeknews.com\/4l33k5\/wp-json\/wp\/v2\/tags?post=24467"}],"curies":[{"name":"wp","href":"https:\/\/api.w.org\/{rel}","templated":true}]}}