{"id":24458,"date":"2026-05-03T06:43:09","date_gmt":"2026-05-03T10:43:09","guid":{"rendered":"https:\/\/aleeknews.com\/4l33k5\/2026\/05\/03\/crece-la-tension-entre-espana-e-israel-tras-detencion-de-flotilla-de-activistas-2\/"},"modified":"2026-05-03T06:43:09","modified_gmt":"2026-05-03T10:43:09","slug":"crece-la-tension-entre-espana-e-israel-tras-detencion-de-flotilla-de-activistas-2","status":"publish","type":"post","link":"https:\/\/aleeknews.com\/4l33k5\/2026\/05\/03\/crece-la-tension-entre-espana-e-israel-tras-detencion-de-flotilla-de-activistas-2\/","title":{"rendered":"Crece la tensi\u00f3n entre Espa\u00f1a e Israel tras detenci\u00f3n de flotilla de activistas"},"content":{"rendered":"<div>\n<p><b>Solares, Espa\u00f1a-<\/b> El ministro de Asuntos Exteriores de <a href=\"https:\/\/www.elnuevodia.com\/topicos\/espana\/\" target=\"_blank\" rel=\"noreferrer\" title=\"https:\/\/www.elnuevodia.com\/topicos\/espana\/\"><b>Espa\u00f1a<\/b><\/a>, Jos\u00e9 Manuel Albares, pidi\u00f3 el s\u00e1bado la liberaci\u00f3n inmediata de un activista detenido por <a href=\"https:\/\/www.elnuevodia.com\/topicos\/israel\/\" target=\"_blank\" rel=\"noreferrer\" title=\"https:\/\/www.elnuevodia.com\/topicos\/israel\/\"><b>Israel<\/b><\/a> despu\u00e9s de que la Armada israel\u00ed interceptara en aguas internacionales una flotilla de ayuda que se dirig\u00eda a <a href=\"https:\/\/www.elnuevodia.com\/topicos\/franja-de-gaza\/\" target=\"_blank\" rel=\"noreferrer\" title=\"https:\/\/www.elnuevodia.com\/topicos\/franja-de-gaza\/\"><b>Gaza<\/b><\/a>.<\/p>\n<p>Saif Abukeshek, de origen palestino y con doble nacionalidad espa\u00f1ola y sueca, fue detenido para ser interrogado en Israel el s\u00e1bado junto con Thiago \u00c1vila, de Brasil. Un grupo de asistencia jur\u00eddica indic\u00f3 que ambos hombres hab\u00edan iniciado una huelga de hambre.<\/p>\n<p><b>La guardia costera griega recogi\u00f3 a decenas de otros activistas tras la acci\u00f3n israel\u00ed y fueron trasladados a la isla de Creta.<\/b><\/p>\n<div>\n<figure><picture><source media=\"(max-width: 375px)\" ><source media=\"(max-width: 767px)\" ><source media=\"(max-width: 1023px)\" ><source ><img src=\"https:\/\/www.elnuevodia.com\/resizer\/v2\/WSDCQ7MP2NBRXAGK5PFKBSGDLM.jpg?auth=2421b06048ffc9764c22387b0b104c88e780711ba75a2ea39208ca76dbedbcd8&#038;quality=75&#038;width=829&#038;smart=true\" alt=\"Un hombre sostiene una bandera palestina durante una manifestaci\u00f3n en solidaridad con la Flotilla Global Sumud, de ayuda humanitaria para Gaza, el mi\u00e9rcoles 2 de octubre de 2025, en R\u00edo de Janeiro. (AP Foto\/Bruna Prado)\" loading=\"eager\" fetchpriority=\"high\" decoding=\"sync\"><\/picture><figcaption>Un hombre sostiene una bandera palestina durante una manifestaci\u00f3n en solidaridad con la Flotilla Global Sumud, de ayuda humanitaria para Gaza, el mi\u00e9rcoles 2 de octubre de 2025, en R\u00edo de Janeiro. (AP Foto\/Bruna Prado) (Bruna Prado)<\/figcaption><\/figure>\n<\/div>\n<p>\u201cAqu\u00ed estamos ante una detenci\u00f3n ilegal que se ha producido en aguas internacionales, fuera de cualquier jurisdicci\u00f3n de las autoridades israel\u00edes, y as\u00ed lo he hecho saber a mi hom\u00f3logo israel\u00ed\u201d, declar\u00f3 Albares en una entrevista con la radio p\u00fablica.<\/p>\n<p>Un grupo de defensa jur\u00eddica con sede en Israel, el Centro Legal para los Derechos de la Minor\u00eda \u00c1rabe en Israel, o Adalah, se\u00f1al\u00f3 que hab\u00eda visitado a los dos hombres en un centro de detenci\u00f3n en la ciudad portuaria israel\u00ed de Ashkelon. Indic\u00f3 que ambos dijeron estar en huelga de hambre despu\u00e9s de que, presuntamente, fueran golpeados repetidamente mientras estaban bajo custodia.<\/p>\n<p>\u201cAdalah sostiene que el trato a los dos activistas, incluido el uso de aislamiento, el vendaje prolongado de los ojos y las palizas, constituye una grave violaci\u00f3n del derecho internacional\u201d, expres\u00f3 el grupo.<\/p>\n<p><b>En una publicaci\u00f3n en internet, el Ministerio de Asuntos Exteriores de Israel indic\u00f3 que Abukeshek y \u00c1vila estaban siendo interrogados por posibles v\u00ednculos con el grupo armado <\/b><a href=\"https:\/\/www.elnuevodia.com\/topicos\/hamas\/\" target=\"_blank\" rel=\"noreferrer\" title=\"https:\/\/www.elnuevodia.com\/topicos\/hamas\/\"><b>Hamas<\/b><\/a><b>. <\/b>Dijo tambi\u00e9n que a los dos hombres se les hab\u00edan concedido visitas consulares.<\/p>\n<p>La detenci\u00f3n de Abukeshek ha tensado a\u00fan m\u00e1s las relaciones entre Israel y Espa\u00f1a, que ha criticado abiertamente la <a href=\"https:\/\/www.elnuevodia.com\/topicos\/conflicto-palestino-israeli\/\" target=\"_blank\" rel=\"noreferrer\" title=\"https:\/\/www.elnuevodia.com\/topicos\/conflicto-palestino-israeli\/\"><b>guerra en Gaza<\/b><\/a> y en 2024 reconoci\u00f3 formalmente la condici\u00f3n de Estado palestino.<\/p>\n<p>El viernes, el presidente del gobierno espa\u00f1ol, Pedro S\u00e1nchez, arremeti\u00f3 contra su hom\u00f3logo israel\u00ed, <a href=\"https:\/\/www.elnuevodia.com\/topicos\/benjamin-netanyahu\/\" target=\"_blank\" rel=\"noreferrer\" title=\"https:\/\/www.elnuevodia.com\/topicos\/benjamin-netanyahu\/\"><b>Benjamin Netanyahu<\/b><\/a>, al hablar en un acto de campa\u00f1a de cara a las pr\u00f3ximas elecciones regionales en el sur de Espa\u00f1a.<\/p>\n<div>\n<figure><picture><source media=\"(max-width: 375px)\" ><source media=\"(max-width: 767px)\" ><source media=\"(max-width: 1023px)\" ><source ><img src=\"https:\/\/www.elnuevodia.com\/resizer\/v2\/M43CTRHXIZDL3CJ3MNSO5PWVMA.jpg?auth=1d45277860d1851293ef20af04986177863e256336327ff36a4dd3ce289d634e&#038;quality=75&#038;width=829&#038;smart=true\" alt=\"Una multitud protesta despu\u00e9s de que activistas que intentan romper el bloqueo mar\u00edtimo israel\u00ed de Gaza afirmaran que Israel intercept\u00f3 su \"Flotilla Global Sumud\" cerca de la isla griega de Creta, el jueves 30 de abril de 2026, en Roma. (AP Foto\/Andrew Medichini)\" loading=\"eager\" fetchpriority=\"high\" decoding=\"sync\"><\/picture><figcaption>Una multitud protesta despu\u00e9s de que activistas que intentan romper el bloqueo mar\u00edtimo israel\u00ed de Gaza afirmaran que Israel intercept\u00f3 su &#8220;Flotilla Global Sumud&#8221; cerca de la isla griega de Creta, el jueves 30 de abril de 2026, en Roma. (AP Foto\/Andrew Medichini) (Andrew Medichini)<\/figcaption><\/figure>\n<\/div>\n<p>\u201cY ahora, que hemos visto que&#8230; Netanyahu ha hecho eso, secuestrar a ciudadanos extranjeros -uno de ellos es espa\u00f1ol- y llevarlo a Israel, yo le digo varias cosas al primer ministro Netanyahu\u201d, declar\u00f3 S\u00e1nchez entre aplausos de simpatizantes de su Partido Socialista Obrero Espa\u00f1ol.<\/p>\n<p>\u201cLa primera es que Espa\u00f1a siempre va a proteger a sus ciudadanos. La segunda es que siempre vamos a defender el derecho internacional, y esta es una nueva violaci\u00f3n del derecho internacional. Y la tercera es que queremos la libertad del ciudadano espa\u00f1ol que ha sido secuestrado ilegalmente por parte del gobierno de Netanyahu\u201d, exigi\u00f3.<\/p>\n<\/div>\n\n    <div class=\"xs_social_share_widget xs_share_url after_content \t\tmain_content  wslu-style-1 wslu-share-box-shaped wslu-fill-colored wslu-none wslu-share-horizontal wslu-theme-font-no wslu-main_content\">\n\n\t\t\n        <ul>\n\t\t\t        <\/ul>\n    <\/div> \n","protected":false},"excerpt":{"rendered":"<p>Solares, Espa\u00f1a- El ministro de Asuntos Exteriores de Espa\u00f1a , Jos\u00e9 Manuel Albares, pidi\u00f3 el s\u00e1bado la liberaci\u00f3n inmediata de un activista detenido por Israel despu\u00e9s de que la Armada israel\u00ed interceptara en aguas internacionales una flotilla de ayuda que se dirig\u00eda a Gaza . Saif Abukeshek, de origen palestino y con doble nacionalidad espa\u00f1ola<\/p>\n","protected":false},"author":2,"featured_media":24456,"comment_status":"open","ping_status":"open","sticky":false,"template":"","format":"standard","meta":{"om_disable_all_campaigns":false,"_monsterinsights_skip_tracking":false,"_monsterinsights_sitenote_active":false,"_monsterinsights_sitenote_note":"","_monsterinsights_sitenote_category":0,"footnotes":""},"categories":[10],"tags":[],"class_list":["post-24458","post","type-post","status-publish","format-standard","has-post-thumbnail","hentry","category-mundo"],"aioseo_notices":[],"_links":{"self":[{"href":"https:\/\/aleeknews.com\/4l33k5\/wp-json\/wp\/v2\/posts\/24458","targetHints":{"allow":["GET"]}}],"collection":[{"href":"https:\/\/aleeknews.com\/4l33k5\/wp-json\/wp\/v2\/posts"}],"about":[{"href":"https:\/\/aleeknews.com\/4l33k5\/wp-json\/wp\/v2\/types\/post"}],"author":[{"embeddable":true,"href":"https:\/\/aleeknews.com\/4l33k5\/wp-json\/wp\/v2\/users\/2"}],"replies":[{"embeddable":true,"href":"https:\/\/aleeknews.com\/4l33k5\/wp-json\/wp\/v2\/comments?post=24458"}],"version-history":[{"count":0,"href":"https:\/\/aleeknews.com\/4l33k5\/wp-json\/wp\/v2\/posts\/24458\/revisions"}],"wp:featuredmedia":[{"embeddable":true,"href":"https:\/\/aleeknews.com\/4l33k5\/wp-json\/wp\/v2\/media\/24456"}],"wp:attachment":[{"href":"https:\/\/aleeknews.com\/4l33k5\/wp-json\/wp\/v2\/media?parent=24458"}],"wp:term":[{"taxonomy":"category","embeddable":true,"href":"https:\/\/aleeknews.com\/4l33k5\/wp-json\/wp\/v2\/categories?post=24458"},{"taxonomy":"post_tag","embeddable":true,"href":"https:\/\/aleeknews.com\/4l33k5\/wp-json\/wp\/v2\/tags?post=24458"}],"curies":[{"name":"wp","href":"https:\/\/api.w.org\/{rel}","templated":true}]}}