{"id":24457,"date":"2026-05-03T06:43:10","date_gmt":"2026-05-03T10:43:10","guid":{"rendered":"https:\/\/aleeknews.com\/4l33k5\/2026\/05\/03\/anuncio-de-retirada-de-tropas-estadounidenses-de-alemania-aumenta-la-friccion-entre-europa-y-donald-trump-2\/"},"modified":"2026-05-03T06:43:10","modified_gmt":"2026-05-03T10:43:10","slug":"anuncio-de-retirada-de-tropas-estadounidenses-de-alemania-aumenta-la-friccion-entre-europa-y-donald-trump-2","status":"publish","type":"post","link":"https:\/\/aleeknews.com\/4l33k5\/2026\/05\/03\/anuncio-de-retirada-de-tropas-estadounidenses-de-alemania-aumenta-la-friccion-entre-europa-y-donald-trump-2\/","title":{"rendered":"Anuncio de retirada de tropas estadounidenses de Alemania aumenta la fricci\u00f3n entre Europa y Donald Trump"},"content":{"rendered":"<div>\n<p><b>Berl\u00edn- <\/b>El ministro de Defensa de <a href=\"https:\/\/www.elnuevodia.com\/topicos\/alemania\/\" target=\"_blank\" rel=\"noreferrer\" title=\"https:\/\/www.elnuevodia.com\/topicos\/alemania\/\"><b>Alemania <\/b><\/a>pareci\u00f3 tomarse con calma el s\u00e1bado el anuncio del <a href=\"https:\/\/www.elnuevodia.com\/topicos\/pentagono\/\" target=\"_blank\" rel=\"noreferrer\" title=\"https:\/\/www.elnuevodia.com\/topicos\/pentagono\/\"><b>Pent\u00e1gono<\/b><\/a> de que Estados Unidos planea retirar del pa\u00eds a unos 5,000 soldados, el m\u00e1s reciente intento del presidente <a href=\"https:\/\/www.elnuevodia.com\/topicos\/donald-trump\/\" target=\"_blank\" rel=\"noreferrer\" title=\"https:\/\/www.elnuevodia.com\/topicos\/donald-trump\/\"><b>Donald Trump <\/b><\/a>de reducir el compromiso de Estados Unidos con la seguridad europea.<\/p>\n<p>Boris Pistorius afirm\u00f3 que la reducci\u00f3n, con la que Trump ha amenazado durante a\u00f1os, era esperada, y se\u00f1al\u00f3 que las naciones europeas necesitaban asumir una mayor responsabilidad por su propia defensa. Pero tambi\u00e9n subray\u00f3 que la cooperaci\u00f3n en materia de seguridad beneficiaba a ambas partes de la asociaci\u00f3n transatl\u00e1ntica.<\/p>\n<p>\u201cLa presencia de soldados estadounidenses en Europa, y especialmente en Alemania, favorece nuestros intereses y los de Estados Unidos\u201d, declar\u00f3 Pistorius a la agencia de noticias alemana dpa.<\/p>\n<p><b>La retirada prevista enfrent\u00f3 una resistencia bipartidista en <\/b><a href=\"https:\/\/www.elnuevodia.com\/corresponsalias\/washington-dc\/\" target=\"_blank\" rel=\"noreferrer\" title=\"https:\/\/www.elnuevodia.com\/corresponsalias\/washington-dc\/\"><b>Washington<\/b><\/a><b>, donde las cr\u00edticas de los dem\u00f3cratas no se hicieron esperar, mientras que los republicanos externaban su preocupaci\u00f3n de que ello enviar\u00eda la \u201cse\u00f1al equivocada\u201d al presidente ruso <\/b><a href=\"https:\/\/www.elnuevodia.com\/topicos\/vladimir-putin\/\" target=\"_blank\" rel=\"noreferrer\" title=\"https:\/\/www.elnuevodia.com\/topicos\/vladimir-putin\/\"><b>Vlad\u00edmir Putin<\/b><\/a><b>, cuya invasi\u00f3n a gran escala de Ucrania entr\u00f3 recientemente en su quinto a\u00f1o.<\/b><\/p>\n<p>La decisi\u00f3n de Trump se produce mientras arremete contra los aliados europeos por su falta de disposici\u00f3n a sumarse a la <a href=\"https:\/\/www.elnuevodia.com\/topicos\/conflicto-con-iran\/\" target=\"_blank\" rel=\"noreferrer\" title=\"https:\/\/www.elnuevodia.com\/topicos\/conflicto-con-iran\/\"><b>campa\u00f1a de Estados Unidos e Israel contra Ir\u00e1n<\/b><\/a>. Ha criticado a l\u00edderes como el canciller alem\u00e1n Friedrich Merz, el presidente del Gobierno espa\u00f1ol Pedro S\u00e1nchez y el primer ministro brit\u00e1nico Keir Starmer.<\/p>\n<div>\n<p><b>1 \/ 18 | <\/b><span> A casi cuatro meses de que iniciara la movilizaci\u00f3n, as\u00ed se ve la presencia militar en Puerto Rico y el Caribe. El despliegue militar en la regi\u00f3n del Caribe contin\u00faa con distintas unidades llevando a cabo distintas operaciones. En esta foto se observa efectivos de la Guardia Nacional y T\u00e9cnicos de la Unidad de Disposici\u00f3n de Explosivos de la Marina al lanzarse por una soga desde un helic\u00f3ptero MH-60S Sea Hawk sobre la cubierta del USS Gerald R. Ford, considerado el portaaviones m\u00e1s grande del mundo.<\/span><i> &#8211; DVIDS<\/i><\/p>\n<\/div>\n<p>Merz critic\u00f3 la semana pasada la guerra en Ir\u00e1n, al afirmar que Estados Unidos est\u00e1 siendo \u201chumillado\u201d por el liderazgo iran\u00ed y al reprochar la falta de estrategia de Washington.<\/p>\n<p>En otra se\u00f1al de fricci\u00f3n, Trump acus\u00f3 a la <a href=\"https:\/\/www.elnuevodia.com\/topicos\/union-europea\/\" target=\"_blank\" rel=\"noreferrer\" title=\"https:\/\/www.elnuevodia.com\/topicos\/union-europea\/\"><b>Uni\u00f3n Europea<\/b><\/a> de no cumplir con su acuerdo comercial con Estados Unidos y anunci\u00f3 planes para aumentar al 25% los aranceles a los autom\u00f3viles y camiones producidos en el bloque a partir de la pr\u00f3xima semana, una medida que ser\u00eda particularmente da\u00f1ina para Alemania, un importante fabricante de autom\u00f3viles.<\/p>\n<p>Al menos un legislador de la Uni\u00f3n Europea calific\u00f3 el aumento arancelario de \u201cinaceptable\u201d y acus\u00f3 a Trump de incumplir otro compromiso de Estados Unidos en materia comercial.<\/p>\n<p><h4><b>Envi\u00f3 m\u00e1s soldados tras la invasi\u00f3n rusa de Ucrania<\/b><\/h4>\n<\/p>\n<p>La salida de 5,000 soldados de Alemania equivaldr\u00eda a aproximadamente una s\u00e9ptima parte de los 36,000 militares estadounidenses estacionados en el pa\u00eds. El Pent\u00e1gono ofreci\u00f3 pocos detalles sobre qu\u00e9 tropas u operaciones se ver\u00edan afectadas.<\/p>\n<p>La retirada est\u00e1 programada para los pr\u00f3ximos 6 a 12 meses. <b>Trump hab\u00eda dicho previamente que retirar\u00eda 9,500 soldados de Alemania durante su primer mandato<\/b>, pero no inici\u00f3 el proceso, y el expresidente dem\u00f3crata <a href=\"https:\/\/www.elnuevodia.com\/topicos\/joe-biden\/\" target=\"_blank\" rel=\"noreferrer\" title=\"https:\/\/www.elnuevodia.com\/topicos\/joe-biden\/\"><b>Joe Biden<\/b><\/a> detuvo formalmente la retirada prevista poco despu\u00e9s de asumir el cargo en 2021.<\/p>\n<p>De manera m\u00e1s amplia, entre 80,000 y 100,000 efectivos de Estados Unidos suelen estar desplegados en Europa, dependiendo de operaciones, ejercicios y rotaciones de tropas. Washington increment\u00f3 su despliegue europeo despu\u00e9s de que Rusia iniciara su guerra a gran escala contra Ucrania en febrero de 2022. Aliados de la <a href=\"https:\/\/www.elnuevodia.com\/topicos\/otan\/\" target=\"_blank\" rel=\"noreferrer\" title=\"https:\/\/www.elnuevodia.com\/topicos\/otan\/\"><b>OTAN<\/b><\/a> como Alemania han esperado durante m\u00e1s de un a\u00f1o que esas tropas sean las primeras en marcharse.<\/p>\n<p>\u201cLos europeos debemos asumir m\u00e1s responsabilidad por nuestra seguridad\u201d, sostuvo Pistorius en sus declaraciones a dpa, al tiempo que destac\u00f3 los esfuerzos recientes de Alemania para reforzar sus fuerzas armadas, acelerar las adquisiciones y desarrollar infraestructura.<\/p>\n<p>La portavoz de la OTAN Allison Hart escribi\u00f3 el s\u00e1bado en X que la alianza transatl\u00e1ntica \u201ctrabaja con Estados Unidos para comprender los detalles de su decisi\u00f3n sobre la postura de fuerzas en Alemania\u201d.<\/p>\n<div data-oembed-type=\"twitter\">\n<blockquote>\n<p lang=\"en\" dir=\"ltr\">We are working with the U.S. to understand the details of their decision on force posture in Germany. This adjustment underscores the need for Europe to continue to invest more in defence and take on a greater share of the responsibility for our shared security &#8211; where we\u2019re\u2026<\/p>\n<p>\u2014 NATO Spokesperson (@NATOpress) <a href=\"https:\/\/twitter.com\/NATOpress\/status\/2050498509581828394?ref_src=twsrc%5Etfw\">May 2, 2026<\/a><\/p><\/blockquote>\n<\/div>\n<p>\u201cEste ajuste subraya la necesidad de que Europa siga invirtiendo m\u00e1s en defensa y asuma una mayor parte de la responsabilidad por nuestra seguridad compartida\u201d, a\u00f1adi\u00f3, al se\u00f1alar \u201cavances\u201d hacia un objetivo entre los aliados de la OTAN para que cada uno invierta el 5% de su producci\u00f3n econ\u00f3mica en defensa.<\/p>\n<p><h4><b>\u201cRevisi\u00f3n exhaustiva\u201d impuls\u00f3 la decisi\u00f3n <\/b><\/h4>\n<\/p>\n<p>El portavoz del Pent\u00e1gono, Sean Parnell, indic\u00f3 en un comunicado que la \u201cdecisi\u00f3n se produce tras una revisi\u00f3n exhaustiva de la postura de fuerzas del Departamento en Europa y reconoce los requisitos del escenario y las condiciones sobre el terreno\u201d.<\/p>\n<p>Un funcionario de defensa de Estados Unidos, que habl\u00f3 bajo condici\u00f3n de anonimato para tratar asuntos sensibles, afirm\u00f3 que las ramas de las fuerzas armadas de Estados Unidos no ten\u00edan conocimiento previo de la decisi\u00f3n de reducir en 5.000 las tropas y se enteraron \u201cen tiempo real\u201d.<\/p>\n<p>En respuesta, el Departamento de Defensa reiter\u00f3 el s\u00e1bado que llev\u00f3 a cabo una revisi\u00f3n exhaustiva de su postura de fuerzas en Europa.<\/p>\n<p>\u201cLa decisi\u00f3n de retirar tropas en Alemania sigue un proceso integral y de m\u00faltiples capas que incorpora perspectivas de l\u00edderes clave en EUCOM y a lo largo de la cadena de mando\u201d, escribi\u00f3 en un correo electr\u00f3nico el secretario de prensa interino del Pent\u00e1gono, Joel Valdez, refiri\u00e9ndose por sus siglas en ingl\u00e9s al Comando Europeo de Estados Unidos.<\/p>\n<p>La mayor\u00eda de los militares estadounidenses en Alemania pertenecen al Ej\u00e9rcito y a la Fuerza A\u00e9rea.<\/p>\n<p>Alemania alberga varias instalaciones militares estadounidenses, entre ellas, la sede de los mandos de Estados Unidos para Europa y \u00c1frica, la base a\u00e9rea de Ramstein y un centro m\u00e9dico en Landstuhl, donde se atendi\u00f3 a heridos de las guerras en Afganist\u00e1n e Irak. Tambi\u00e9n hay misiles nucleares estadounidenses estacionados en el pa\u00eds.<\/p>\n<p>La retirada de 5.000 soldados -el tama\u00f1o de un equipo de combate de brigada- de Alemania probablemente tendr\u00eda un impacto limitado en la capacidad de combate, pero \u201cen t\u00e9rminos del mensaje sobre el compromiso de Estados Unidos, es muy diferente\u201d, dijo otro funcionario de defensa de Estados Unidos.<\/p>\n<p>El \u00fanico equipo de combate de brigada permanente en Alemania es el 2do Regimiento de Caballer\u00eda, junto con una brigada de aviaci\u00f3n y otros recursos, cuya funci\u00f3n se considera importante en la capacidad de Estados Unidos -y de la OTAN- para disuadir amenazas.<\/p>\n<div>\n<figure><picture><source media=\"(max-width: 375px)\" ><source media=\"(max-width: 767px)\" ><source media=\"(max-width: 1023px)\" ><source ><img src=\"https:\/\/www.elnuevodia.com\/resizer\/v2\/FAT556UGWFEOTNNLAGZ3VFYNL4.jpg?auth=951cba8b2860a417e4897c5abde6c71f8b54a113b34fcf81510aa5a2890c099c&#038;quality=75&#038;width=829&#038;smart=true\" alt=\"Un caza F-16 de la Fuerza A\u00e9rea de los Estados Unidos despega de la base a\u00e9rea de Spangdahlem, en Spangdahlem, Alemania, el mi\u00e9rcoles 14 de junio de 2023, durante el ejercicio Air Defender 2023. El ejercicio Air Defender 2023 se desarrollar\u00e1 del 12 al 23 de junio, con 10\u00a0000 participantes y 250 aeronaves de 25 naciones que responder\u00e1n a un ataque simulado contra un miembro de la OTAN.\" loading=\"eager\" fetchpriority=\"high\" decoding=\"sync\"><\/picture><figcaption>Un caza F-16 de la Fuerza A\u00e9rea de los Estados Unidos despega de la base a\u00e9rea de Spangdahlem, en Spangdahlem, Alemania, el mi\u00e9rcoles 14 de junio de 2023, durante el ejercicio Air Defender 2023. El ejercicio Air Defender 2023 se desarrollar\u00e1 del 12 al 23 de junio, con 10\u00a0000 participantes y 250 aeronaves de 25 naciones que responder\u00e1n a un ataque simulado contra un miembro de la OTAN. (The Associated Press)<\/figcaption><\/figure>\n<\/div>\n<p><h4><b>Expresan preocupaci\u00f3n por plan de retirada<\/b><\/h4>\n<\/p>\n<p>Tras el r\u00e1pido rechazo de los dem\u00f3cratas el viernes, los l\u00edderes republicanos de ambos comit\u00e9s de servicios armados del Congreso dijeron el s\u00e1bado que estaban \u201cmuy preocupados\u201d por la retirada de tropas.<\/p>\n<p>El senador de Mississippi, Roger Wicker, y el representante de Alabama, Mike Rogers, se\u00f1alaron que la decisi\u00f3n corr\u00eda el riesgo de \u201csocavar la disuasi\u00f3n y enviar la se\u00f1al equivocada a Vlad\u00edmir Putin\u201d.<\/p>\n<p>Tambi\u00e9n afirmaron que el Pent\u00e1gono hab\u00eda decidido cancelar el despliegue previsto del Batall\u00f3n de Fuego de Largo Alcance del Ej\u00e9rcito. Esto no se menciona en el comunicado de Parnell.<\/p>\n<p>Wicker y Rogers indicaron que cualquier cambio significativo en la postura de fuerzas de Estados Unidos en Europa amerita revisi\u00f3n y coordinaci\u00f3n con el Congreso.<\/p>\n<p>\u201cEsperamos que el Departamento participe con sus comit\u00e9s de supervisi\u00f3n en los pr\u00f3ximos d\u00edas y semanas sobre esta decisi\u00f3n y sus implicaciones para la disuasi\u00f3n de Estados Unidos y la seguridad transatl\u00e1ntica\u201d, manifestaron en una declaraci\u00f3n conjunta.<\/p>\n<p><b>Tambi\u00e9n se\u00f1alaron que Alemania ha atendido el llamado de Trump para asumir una mayor parte de la carga del gasto en defensa de Europa, al tiempo que ha dado a las fuerzas de Estados Unidos acceso a sus bases y a su espacio a\u00e9reo en la guerra contra Ir\u00e1n.<\/b><\/p>\n<p>Trump ha reflexionado durante a\u00f1os sobre reducir la presencia militar estadounidense en Alemania, y ha arremetido contra la OTAN por su negativa a ayudar a Washington en la guerra, que comenz\u00f3 el 28 de febrero con ataques de Estados Unidos e Israel contra Ir\u00e1n.<\/p>\n<p>Los aliados estadounidenses en la OTAN se han preparado para una retirada de tropas de Estados Unidos desde que Trump asumi\u00f3 el cargo, ya que Washington ha advertido que Europa tendr\u00eda que ocuparse en el futuro de su propia seguridad, incluida la de Ucrania.<\/p>\n<\/div>\n\n    <div class=\"xs_social_share_widget xs_share_url after_content \t\tmain_content  wslu-style-1 wslu-share-box-shaped wslu-fill-colored wslu-none wslu-share-horizontal wslu-theme-font-no wslu-main_content\">\n\n\t\t\n        <ul>\n\t\t\t        <\/ul>\n    <\/div> \n","protected":false},"excerpt":{"rendered":"<p>Berl\u00edn- El ministro de Defensa de Alemania pareci\u00f3 tomarse con calma el s\u00e1bado el anuncio del Pent\u00e1gono de que Estados Unidos planea retirar del pa\u00eds a unos 5,000 soldados, el m\u00e1s reciente intento del presidente Donald Trump de reducir el compromiso de Estados Unidos con la seguridad europea. Boris Pistorius afirm\u00f3 que la reducci\u00f3n, con<\/p>\n","protected":false},"author":2,"featured_media":24454,"comment_status":"open","ping_status":"open","sticky":false,"template":"","format":"standard","meta":{"om_disable_all_campaigns":false,"_monsterinsights_skip_tracking":false,"_monsterinsights_sitenote_active":false,"_monsterinsights_sitenote_note":"","_monsterinsights_sitenote_category":0,"footnotes":""},"categories":[10],"tags":[],"class_list":["post-24457","post","type-post","status-publish","format-standard","has-post-thumbnail","hentry","category-mundo"],"aioseo_notices":[],"_links":{"self":[{"href":"https:\/\/aleeknews.com\/4l33k5\/wp-json\/wp\/v2\/posts\/24457","targetHints":{"allow":["GET"]}}],"collection":[{"href":"https:\/\/aleeknews.com\/4l33k5\/wp-json\/wp\/v2\/posts"}],"about":[{"href":"https:\/\/aleeknews.com\/4l33k5\/wp-json\/wp\/v2\/types\/post"}],"author":[{"embeddable":true,"href":"https:\/\/aleeknews.com\/4l33k5\/wp-json\/wp\/v2\/users\/2"}],"replies":[{"embeddable":true,"href":"https:\/\/aleeknews.com\/4l33k5\/wp-json\/wp\/v2\/comments?post=24457"}],"version-history":[{"count":0,"href":"https:\/\/aleeknews.com\/4l33k5\/wp-json\/wp\/v2\/posts\/24457\/revisions"}],"wp:featuredmedia":[{"embeddable":true,"href":"https:\/\/aleeknews.com\/4l33k5\/wp-json\/wp\/v2\/media\/24454"}],"wp:attachment":[{"href":"https:\/\/aleeknews.com\/4l33k5\/wp-json\/wp\/v2\/media?parent=24457"}],"wp:term":[{"taxonomy":"category","embeddable":true,"href":"https:\/\/aleeknews.com\/4l33k5\/wp-json\/wp\/v2\/categories?post=24457"},{"taxonomy":"post_tag","embeddable":true,"href":"https:\/\/aleeknews.com\/4l33k5\/wp-json\/wp\/v2\/tags?post=24457"}],"curies":[{"name":"wp","href":"https:\/\/api.w.org\/{rel}","templated":true}]}}