{"id":24420,"date":"2026-05-02T06:43:32","date_gmt":"2026-05-02T10:43:32","guid":{"rendered":"https:\/\/aleeknews.com\/4l33k5\/2026\/05\/02\/conflicto-en-oriente-medio-opaca-agenda-de-reshoring-en-washington-2\/"},"modified":"2026-05-02T06:43:32","modified_gmt":"2026-05-02T10:43:32","slug":"conflicto-en-oriente-medio-opaca-agenda-de-reshoring-en-washington-2","status":"publish","type":"post","link":"https:\/\/aleeknews.com\/4l33k5\/2026\/05\/02\/conflicto-en-oriente-medio-opaca-agenda-de-reshoring-en-washington-2\/","title":{"rendered":"Conflicto en Oriente Medio opaca agenda de \u201creshoring\u201d en Washington"},"content":{"rendered":"<div>\n<p><b>R\u00edo Grande, PR<\/b> &#8211; La estrategia del gobierno de Estados Unidos de acercar y repatriar las empresas responsables de la cadena de producci\u00f3n, mejor conocida como <i>reshoring<\/i>, ha quedado empa\u00f1ada ante el conflicto b\u00e9lico en <a href=\"https:\/\/www.elnuevodia.com\/topicos\/oriente-medio\/\" target=\"_blank\" rel=\"noreferrer\" title=\"https:\/\/www.elnuevodia.com\/topicos\/oriente-medio\/\"><b>Medio Oriente<\/b><\/a>, seg\u00fan <a href=\"https:\/\/www.elnuevodia.com\/autor\/pablo-jose-hernandez\/\" target=\"_blank\" rel=\"noreferrer\" title=\"https:\/\/www.elnuevodia.com\/autor\/pablo-jose-hernandez\/\"><b>Pablo Jos\u00e9 Hern\u00e1ndez Rivera<\/b><\/a>, comisionado residente en Washington.<\/p>\n<p>Hern\u00e1ndez Rivera mencion\u00f3 que, contrario al pasado a\u00f1o, en 2026 poco se ha hablado a nivel federal del <i>reshoring,<\/i> dado que las discusiones han girado en las redadas migratorias y los ataques entre Estados Unidos, Israel e Ir\u00e1n.<\/p>\n<p><b>\u201cMe preocupa que gran parte de la conversaci\u00f3n entorno al reshoring y nearshoring se ha evaporado en los \u00faltimos meses, porque otros temas han ocupado la atenci\u00f3n p\u00fablica. Se habla mucho m\u00e1s ahora de lo que ocurre en Ir\u00e1n, lo que ocurri\u00f3 en Venezuela y el tema de inmigraci\u00f3n\u201d<\/b>, dijo el tambi\u00e9n presidente del Partido Popular Democr\u00e1dico.<\/p>\n<p>Sus expresiones se dieron durante la Convenci\u00f3n Anual 2026 de la <a href=\"https:\/\/www.elnuevodia.com\/suplementos\/asociacion-de-industriales-de-puerto-rico\/\" rel><b>Asociaci\u00f3n de Industriales de Puerto Rico<\/b><\/a>, donde el comisionado respondi\u00f3 preguntas concretas de 15 l\u00edderes del sector privado del pa\u00eds sobre el desarrollo econ\u00f3mico y los asuntos federales que afectan a la isla.<\/p>\n<p><h4><b>Proyectos en el Congreso<\/b><\/h4>\n<\/p>\n<p><b>Hern\u00e1ndez Rivera destac\u00f3 que actualmente hay dos proyectos ante el Congreso estadounidense, uno que le otorgar\u00eda mayores incentivos a Puerto Rico que ha otras jurisdicciones y el otro crear\u00eda un incentivo para farmac\u00e9uticas<\/b>. El comisionado mencion\u00f3 que la gobernadora Jenniffer Gonz\u00e1lez no respalda el primero, pero s\u00ed el incentivo a las farmac\u00e9uticas.<\/p>\n<p>\u201cNinguno de los dos (proyectos) ha generado suficiente tracci\u00f3n. Creo que para que genere esa tracci\u00f3n necesitamos una campa\u00f1a masiva de industriales y del gobierno para que se aprueben estos proyectos\u201d, dijo el funcionario popular.<\/p>\n<p>Asimismo, se\u00f1al\u00f3 que el gobierno de Puerto Rico perdi\u00f3 una oportunidad de impulsar un nuevo incentivo contributivo para la isla cuando se estaba discutiendo el pasado a\u00f1o la legislaci\u00f3n del Big Beautiful Bill.<\/p>\n<p>\u201cCreo que debemos mantener abierta esa posibilidad (del reshoring) y seguir luchando por ella. <b>Lamentablemente, la guerra en Ir\u00e1n y la obsesi\u00f3n de la administraci\u00f3n (del Donald) Trump con el tema de la inmigraci\u00f3n ha distra\u00eddo de las prioridades de desarrollo econ\u00f3mico y estamos viviendo las consecuencias de eso sobre el costo de vida particularmente<\/b>\u201d, indic\u00f3 Hern\u00e1ndez Rivera a preguntas de El Nuevo D\u00eda. <\/p>\n<p><h4><b>Decisiones de expansi\u00f3n e inversi\u00f3n no se toman a nivel local<\/b><\/h4>\n<\/p>\n<p>Al respecto, la vicepresidenta ejecutiva de Industriales, Karen Mojica Franceschi, aclar\u00f3 que las decisiones de expansi\u00f3n e inversi\u00f3n no se toman a nivel local, sino que son determinaciones de los \u201cheadquarters\u201d (sedes) y que, por lo general, toman a\u00f1os.<\/p>\n<p>\u201cCiertamente, hay muchos retos. El tema de la energ\u00eda como el conflicto b\u00e9lico, ahora est\u00e1 afectando m\u00e1s a\u00fan a las jurisdicciones estadounidenses. <b>Si bien es cierto que el tema se ha desviado, todav\u00eda pienso que tenemos la oportunidad de capturar m\u00e1s de esa inversi\u00f3n<\/b>\u201d, dijo Mojica Franceschi.<\/p>\n<p>Por su parte, el comisionado emplaz\u00f3 a los l\u00edderes del sector privado a que lleguen hasta la capital federal con propuestas concretas que detallen no solo el impacto econ\u00f3mcio para Puerto Rico, sino tambi\u00e9n el beneficio para Estados Unidos. <\/p>\n<p>\u201cNecesitamos que la industria se active, necesitamos que la industria vaya a Washington y represente a Puerto Rico. Yo les puedo abrir las puertas, pero cuando yo pido algo all\u00e1 yo soy un pol\u00edtico pidiendo, (pero) cuando ustedes van y piden algo, ustedes son la econom\u00eda puertorrique\u00f1a. Son una voz fuerte y poderosa\u201d, dijo Hern\u00e1ndez Rivera.<\/p>\n<p>Tras la recomendaci\u00f3n, el presidente de la PRMA, Rafael V\u00e9lez Dom\u00ednguez, exhort\u00f3 al sector privado a que tenga mayor participaci\u00f3n en Washington y mentenga vivo el tema del <i>reshoring<\/i>.<\/p>\n<p><b>\u201cNo podemos dejar que el tema de reshoring meramente pase. Tenemos que traerlo de nuevo a la palestra p\u00fablica\u201d<\/b>, subray\u00f3 V\u00e9lez Dom\u00ednguez.<\/p>\n<\/div>\n\n    <div class=\"xs_social_share_widget xs_share_url after_content \t\tmain_content  wslu-style-1 wslu-share-box-shaped wslu-fill-colored wslu-none wslu-share-horizontal wslu-theme-font-no wslu-main_content\">\n\n\t\t\n        <ul>\n\t\t\t        <\/ul>\n    <\/div> \n","protected":false},"excerpt":{"rendered":"<p>R\u00edo Grande, PR &#8211; La estrategia del gobierno de Estados Unidos de acercar y repatriar las empresas responsables de la cadena de producci\u00f3n, mejor conocida como reshoring, ha quedado empa\u00f1ada ante el conflicto b\u00e9lico en Medio Oriente , seg\u00fan Pablo Jos\u00e9 Hern\u00e1ndez Rivera , comisionado residente en Washington. Hern\u00e1ndez Rivera mencion\u00f3 que, contrario al pasado<\/p>\n","protected":false},"author":2,"featured_media":0,"comment_status":"open","ping_status":"open","sticky":false,"template":"","format":"standard","meta":{"om_disable_all_campaigns":false,"_monsterinsights_skip_tracking":false,"_monsterinsights_sitenote_active":false,"_monsterinsights_sitenote_note":"","_monsterinsights_sitenote_category":0,"footnotes":""},"categories":[5],"tags":[],"class_list":["post-24420","post","type-post","status-publish","format-standard","hentry","category-negocios"],"aioseo_notices":[],"_links":{"self":[{"href":"https:\/\/aleeknews.com\/4l33k5\/wp-json\/wp\/v2\/posts\/24420","targetHints":{"allow":["GET"]}}],"collection":[{"href":"https:\/\/aleeknews.com\/4l33k5\/wp-json\/wp\/v2\/posts"}],"about":[{"href":"https:\/\/aleeknews.com\/4l33k5\/wp-json\/wp\/v2\/types\/post"}],"author":[{"embeddable":true,"href":"https:\/\/aleeknews.com\/4l33k5\/wp-json\/wp\/v2\/users\/2"}],"replies":[{"embeddable":true,"href":"https:\/\/aleeknews.com\/4l33k5\/wp-json\/wp\/v2\/comments?post=24420"}],"version-history":[{"count":0,"href":"https:\/\/aleeknews.com\/4l33k5\/wp-json\/wp\/v2\/posts\/24420\/revisions"}],"wp:attachment":[{"href":"https:\/\/aleeknews.com\/4l33k5\/wp-json\/wp\/v2\/media?parent=24420"}],"wp:term":[{"taxonomy":"category","embeddable":true,"href":"https:\/\/aleeknews.com\/4l33k5\/wp-json\/wp\/v2\/categories?post=24420"},{"taxonomy":"post_tag","embeddable":true,"href":"https:\/\/aleeknews.com\/4l33k5\/wp-json\/wp\/v2\/tags?post=24420"}],"curies":[{"name":"wp","href":"https:\/\/api.w.org\/{rel}","templated":true}]}}