{"id":24419,"date":"2026-05-02T06:43:33","date_gmt":"2026-05-02T10:43:33","guid":{"rendered":"https:\/\/aleeknews.com\/4l33k5\/2026\/05\/02\/le-fallaron-a-puerto-rico-pablo-jose-hernandez-arremete-contra-el-pnp\/"},"modified":"2026-05-02T06:43:33","modified_gmt":"2026-05-02T10:43:33","slug":"le-fallaron-a-puerto-rico-pablo-jose-hernandez-arremete-contra-el-pnp","status":"publish","type":"post","link":"https:\/\/aleeknews.com\/4l33k5\/2026\/05\/02\/le-fallaron-a-puerto-rico-pablo-jose-hernandez-arremete-contra-el-pnp\/","title":{"rendered":"\u201cLe fallaron a Puerto Rico\u201d: Pablo Jos\u00e9 Hern\u00e1ndez arremete contra el PNP"},"content":{"rendered":"<div>\n<p><b>R\u00edo Grande<\/b> &#8211; El comisionado residente en Washington, <a href=\"https:\/\/www.elnuevodia.com\/autor\/pablo-jose-hernandez\/\" rel><b>Pablo Jos\u00e9 Hernandez Rivera<\/b><\/a>, responsabiliz\u00f3 este viernes al Partido Nuevo Progresista (<a href=\"https:\/\/www.elnuevodia.com\/topicos\/pnp\/\" rel><b>PNP<\/b><\/a>) de debilitar la gesti\u00f3n de Puerto Rico en la capital federal por sus \u201cpeleas internas\u201d. <\/p>\n<p>A juicio del tambi\u00e9n presidente del <a href=\"https:\/\/www.elnuevodia.com\/topicos\/partido-popular-democratico\/\" rel><b>Partido Popular Democr\u00e1tico<\/b><\/a> (PPD), estas pugnas han retrasado esfuerzos en el Congreso estadounidense para asegurar los fondos de <a href=\"https:\/\/www.elnuevodia.com\/topicos\/medicaid\/\" rel><b>Medicaid<\/b><\/a> que sostienen el Plan Vital. <\/p>\n<p><b>\u201cPor culpa de estas peleas internas, tuvimos al presidente del Senado (Thomas Rivera Schatz) ir por un lado y al gobierno de Puerto Rico ir por otro lado, en vez de ir unido, como deber\u00eda ser\u201d<\/b>, dijo Hern\u00e1ndez Rivera.<\/p>\n<p>Insisti\u00f3, adem\u00e1s, en que, para lograr el desarrollo econ\u00f3mico de la isla, los funcionarios deben enfocarse en gobernar y no en \u201cpeleas chiquitas\u201d. <\/p>\n<p>Por los pasados a\u00f1os, se ha advertido sobre el efecto adverso que tendr\u00eda para la econom\u00eda de Puerto Rico la p\u00e9rdida de fondos federales que se utilizan para financiar el programa Medicaid, un asunto que la <a href=\"https:\/\/www.elnuevodia.com\/topicos\/junta-de-supervision-fiscal\/\" rel><b>Junta de Supervisi\u00f3n Fiscal<\/b><\/a> ha recalcado que se debe atender tanto a nivel local como federal.<\/p>\n<p>Como parte de su alocuci\u00f3n ante cientos de l\u00edderes empresariales en la Convenci\u00f3n Anual 2026 de la <a href=\"https:\/\/www.elnuevodia.com\/suplementos\/asociacion-de-industriales-de-puerto-rico\/\" rel><b>Asociaci\u00f3n de Industriales de Puerto Rico<\/b><\/a>, el comisionado residente mencion\u00f3 que el gobierno federal es consciente de la importancia del tema para Puerto Rico, pero ha pedido informaci\u00f3n que sustente lo que se solicita. <\/p>\n<p>Esta informaci\u00f3n, seg\u00fan Hern\u00e1ndez Rivera, debe ser provista por el <a href=\"https:\/\/www.elnuevodia.com\/topicos\/departamento-de-salud\/\" rel><b>Departamento de Salud<\/b><\/a> y la Administraci\u00f3n de Seguros de Salud (<a href=\"https:\/\/www.elnuevodia.com\/topicos\/ases\/\" rel><b>ASES<\/b><\/a>).<\/p>\n<p><b>\u201cEl gobierno de Puerto Rico tiene que proveer unos datos y rendir un informe que todav\u00eda no se ha rendido. Y yo no dudo que parte de eso sea porque la gobernadora (Jenniffer Gonz\u00e1lez Col\u00f3n), teniendo que estar involucrada en estas peleas, no ha podido darle la atenci\u00f3n que este tema es necesario\u201d, sostuvo el funcionario, en un aparte con la prensa<\/b>.<\/p>\n<p>Asimismo, a preguntas de <b>El Nuevo D\u00eda<\/b>, habl\u00f3 sobre la exclusi\u00f3n de la transici\u00f3n del Programa de Asistencia Nutricional (<a href=\"https:\/\/www.elnuevodia.com\/topicos\/programa-de-asistencia-nutricional-pan\/\" rel><b>PAN<\/b><\/a>) al Programa de Asistencia Nutricional Suplementaria (<b>SNAP, en ingl\u00e9s<\/b>) de un proyecto aprobado por la C\u00e1mara baja federal, donde asegur\u00f3 que el Partido Republicano le fall\u00f3 a Puerto Rico.<\/p>\n<p><b>\u201cLamentablemente, quienes le fallaron a Puerto Rico fueron los congresistas del Partido Republicano, al que pertenece la gobernadora. Personas que se creen que, con poner en el informe que apoyan una transici\u00f3n a largo plazo, pero no legislarla, est\u00e1n ayudando a Puerto Rico. Le fallaron a Puerto Rico\u201d, dijo Hern\u00e1ndez Rivera<\/b>.<\/p>\n<p>Destac\u00f3, a su vez, que est\u00e1 buscando aliados para esa medida en el Senado de Estados Unidos, y asegur\u00f3 que un grupo de senadores del Partido Dem\u00f3crata presentar\u00e1n el tema de la transici\u00f3n de Puerto Rico del PAN al SNAP.<\/p>\n<p><h4><b>El problema en el gabinete es del PNP<\/b><\/h4>\n<\/p>\n<p>Luego de que el portavoz del PPD en el Senado, <a href=\"https:\/\/www.elnuevodia.com\/topicos\/luis-javier-hernandez\/\" rel><b>Luis Javier Hern\u00e1ndez<\/b><\/a>, refiri\u00f3 al Departamento de Justicia y la Oficina de \u00c9tica Gubernamental a la secretaria de la <a href=\"https:\/\/www.elnuevodia.com\/topicos\/departamento-de-la-familia\/\" rel><b>Familia<\/b><\/a>, <a href=\"https:\/\/www.elnuevodia.com\/topicos\/suzanne-roig\/\" rel><b>Suzanne Roig Fuertes<\/b><\/a>, por presunto perjurio y promover un alza en compensaci\u00f3n a un proveedor de servicios, <b>el comisionado residente insisti\u00f3 en que se trata de un problema de la Palma<\/b>.<\/p>\n<p>\u201cEsto no se va a resolver simplemente cambiando de funcionario, sino que ya es un problema que est\u00e1 engranado dentro de la gobernanza del PNP y que la gente debe tomar nota por si ellos deciden hacer lo que han hecho en los \u00faltimos cuatro a\u00f1os, que es cambiar de candidato a mitad del camino\u201d, dijo.<\/p>\n<p>Roig Fuertes fue referida a Justicia, en 2022, por <a href=\"https:\/\/www.elnuevodia.com\/topicos\/carlos-mellado\/\" rel><b>Carlos Mellado<\/b><\/a>,<b> <\/b>exsecretario de Salud, por un presunto v\u00ednculo con la otorgaci\u00f3n de un contrato por $60,000 mensuales al Hogar Hacienda Don Luis para el cuidado de un participante.<\/p>\n<p>\u201cEl problema es el partido y, hasta que no salgamos de ese partido en este gobierno, vamos a seguir viendo situaciones como la de Familia, la de Vivienda, la de Estado y un sinn\u00famero m\u00e1s\u201d, continu\u00f3.<\/p>\n<\/div>\n\n    <div class=\"xs_social_share_widget xs_share_url after_content \t\tmain_content  wslu-style-1 wslu-share-box-shaped wslu-fill-colored wslu-none wslu-share-horizontal wslu-theme-font-no wslu-main_content\">\n\n\t\t\n        <ul>\n\t\t\t        <\/ul>\n    <\/div> \n","protected":false},"excerpt":{"rendered":"<p>R\u00edo Grande &#8211; El comisionado residente en Washington, Pablo Jos\u00e9 Hernandez Rivera , responsabiliz\u00f3 este viernes al Partido Nuevo Progresista ( PNP ) de debilitar la gesti\u00f3n de Puerto Rico en la capital federal por sus \u201cpeleas internas\u201d. A juicio del tambi\u00e9n presidente del Partido Popular Democr\u00e1tico (PPD), estas pugnas han retrasado esfuerzos en el<\/p>\n","protected":false},"author":2,"featured_media":0,"comment_status":"open","ping_status":"open","sticky":false,"template":"","format":"standard","meta":{"om_disable_all_campaigns":false,"_monsterinsights_skip_tracking":false,"_monsterinsights_sitenote_active":false,"_monsterinsights_sitenote_note":"","_monsterinsights_sitenote_category":0,"footnotes":""},"categories":[5],"tags":[],"class_list":["post-24419","post","type-post","status-publish","format-standard","hentry","category-negocios"],"aioseo_notices":[],"_links":{"self":[{"href":"https:\/\/aleeknews.com\/4l33k5\/wp-json\/wp\/v2\/posts\/24419","targetHints":{"allow":["GET"]}}],"collection":[{"href":"https:\/\/aleeknews.com\/4l33k5\/wp-json\/wp\/v2\/posts"}],"about":[{"href":"https:\/\/aleeknews.com\/4l33k5\/wp-json\/wp\/v2\/types\/post"}],"author":[{"embeddable":true,"href":"https:\/\/aleeknews.com\/4l33k5\/wp-json\/wp\/v2\/users\/2"}],"replies":[{"embeddable":true,"href":"https:\/\/aleeknews.com\/4l33k5\/wp-json\/wp\/v2\/comments?post=24419"}],"version-history":[{"count":0,"href":"https:\/\/aleeknews.com\/4l33k5\/wp-json\/wp\/v2\/posts\/24419\/revisions"}],"wp:attachment":[{"href":"https:\/\/aleeknews.com\/4l33k5\/wp-json\/wp\/v2\/media?parent=24419"}],"wp:term":[{"taxonomy":"category","embeddable":true,"href":"https:\/\/aleeknews.com\/4l33k5\/wp-json\/wp\/v2\/categories?post=24419"},{"taxonomy":"post_tag","embeddable":true,"href":"https:\/\/aleeknews.com\/4l33k5\/wp-json\/wp\/v2\/tags?post=24419"}],"curies":[{"name":"wp","href":"https:\/\/api.w.org\/{rel}","templated":true}]}}