{"id":24414,"date":"2026-05-02T06:42:27","date_gmt":"2026-05-02T10:42:27","guid":{"rendered":"https:\/\/aleeknews.com\/4l33k5\/2026\/05\/02\/donald-trump-cumplira-su-amenaza-estados-unidos-retirara-5000-soldados-de-alemania-en-los-proximos-meses-2\/"},"modified":"2026-05-02T06:42:27","modified_gmt":"2026-05-02T10:42:27","slug":"donald-trump-cumplira-su-amenaza-estados-unidos-retirara-5000-soldados-de-alemania-en-los-proximos-meses-2","status":"publish","type":"post","link":"https:\/\/aleeknews.com\/4l33k5\/2026\/05\/02\/donald-trump-cumplira-su-amenaza-estados-unidos-retirara-5000-soldados-de-alemania-en-los-proximos-meses-2\/","title":{"rendered":"Donald Trump cumplir\u00e1 su amenaza: Estados Unidos retirar\u00e1 5,000 soldados de Alemania en los pr\u00f3ximos meses"},"content":{"rendered":"<div>\n<div>\n<p><b>Washington-<\/b> <a href=\"https:\/\/www.elnuevodia.com\/noticias\/estados-unidos\/\" target=\"_blank\" rel=\"noreferrer\" title=\"https:\/\/www.elnuevodia.com\/noticias\/estados-unidos\/\"><b>Estados Unidos<\/b><\/a> retirar\u00e1 unos 5,000 soldados de <a href=\"https:\/\/www.elnuevodia.com\/topicos\/alemania\/\" target=\"_blank\" rel=\"noreferrer\" title=\"https:\/\/www.elnuevodia.com\/topicos\/alemania\/\"><b>Alemania<\/b><\/a> en los pr\u00f3ximos seis a 12 meses, dijo el Pent\u00e1gono el viernes, cumpliendo la amenaza del presidente <a href=\"https:\/\/www.elnuevodia.com\/topicos\/donald-trump\/\" target=\"_blank\" rel=\"noreferrer\" title=\"https:\/\/www.elnuevodia.com\/topicos\/donald-trump\/\"><b>Donald Trump<\/b><\/a> mientras choca con el l\u00edder alem\u00e1n por la <a href=\"https:\/\/www.elnuevodia.com\/topicos\/conflicto-con-iran\/\" target=\"_blank\" rel=\"noreferrer\" title=\"https:\/\/www.elnuevodia.com\/topicos\/conflicto-con-iran\/\"><b>guerra de Estados Unidos con Ir\u00e1n<\/b><\/a>.<\/p>\n<\/div>\n<p><b>Trump hab\u00eda amenazado con retirar algunas tropas del aliado de la <\/b><a href=\"https:\/\/www.elnuevodia.com\/topicos\/otan\/\" target=\"_blank\" rel=\"noreferrer\" title=\"https:\/\/www.elnuevodia.com\/topicos\/otan\/\"><b>OTAN<\/b><\/a><b> a principios de esta semana despu\u00e9s de que el canciller Friedrich Merz dijera que Estados Unidos estaba siendo \u201chumillado\u201d por los l\u00edderes iran\u00edes y criticara la falta de estrategia de Washington en la guerra.<\/b><\/p>\n<p>El portavoz del <a href=\"https:\/\/www.elnuevodia.com\/topicos\/pentagono\/\" target=\"_blank\" rel=\"noreferrer\" title=\"https:\/\/www.elnuevodia.com\/topicos\/pentagono\/\"><b>Pent\u00e1gono<\/b><\/a>, Sean Parnell, dijo en un comunicado que la \u201cdecisi\u00f3n sigue a una revisi\u00f3n exhaustiva de la postura de la fuerza del Departamento en Europa y es en reconocimiento de las necesidades del teatro y las condiciones sobre el terreno.\u201d<\/p>\n<p>Alemania alberga varias instalaciones militares estadounidenses, como los cuarteles generales de sus comandos europeo y africano, la base a\u00e9rea de Ramstein y un centro m\u00e9dico en Landstuhl, donde se trat\u00f3 a bajas de las guerras de <a href=\"https:\/\/www.elnuevodia.com\/topicos\/afganistan\/\" target=\"_blank\" rel=\"noreferrer\" title=\"https:\/\/www.elnuevodia.com\/topicos\/afganistan\/\"><b>Afganist\u00e1n<\/b><\/a> e <a href=\"https:\/\/www.elnuevodia.com\/topicos\/irak\/\" target=\"_blank\" rel=\"noreferrer\" title=\"https:\/\/www.elnuevodia.com\/topicos\/irak\/\"><b>Irak<\/b><\/a>. Tambi\u00e9n hay misiles nucleares estadounidenses estacionados en el pa\u00eds.<\/p>\n<p>El n\u00famero de tropas que abandonar\u00edan Alemania supondr\u00eda el 14% de los 36.000 militares estadounidenses destinados all\u00ed.<\/p>\n<p>La noticia de la retirada de las tropas suscit\u00f3 la r\u00e1pida oposici\u00f3n de los dem\u00f3cratas en el Congreso y de un grupo de expertos de l\u00ednea dura de Washington. Dijeron que la medida beneficiar\u00eda al presidente ruso Vladimir Putin y debilitar\u00eda los intereses de seguridad de Estados Unidos.<\/p>\n<p>La retirada \u201csugiere que los compromisos estadounidenses con nuestros aliados dependen del estado de \u00e1nimo del presidente\u201d, declar\u00f3 el senador Jack Reed, de Rhode Island, dem\u00f3crata de mayor rango en la Comisi\u00f3n de Servicios Armados del Senado.<\/p>\n<div>\n<p><b>1 \/ 25 | <\/b><span> Fotos del Pent\u00e1gono exponen la magnitud del despliegue militar en Puerto Rico. M\u00e1s de un mes despu\u00e9s, el Departamento de Defensa expuso im\u00e1genes que muestran la magnitud de los ejercicios militares en Puerto Rico y el Caribe. En esta imagen, un AV-8B Harrier II lleva a cabo una detonaci\u00f3n tras despegar del buque de guerra USS Iwo Jima.<\/span><i> &#8211; DVIDS<\/i><\/p>\n<\/div>\n<p>\u201cEl presidente debe poner fin inmediatamente a esta acci\u00f3n temeraria antes de que provoque consecuencias irreversibles para nuestras alianzas y nuestra seguridad nacional a largo plazo\u201d, declar\u00f3 Reed.<\/p>\n<p>Bradley Bowman, acad\u00e9mico de la Fundaci\u00f3n para la Defensa de las Democracias, afirm\u00f3 que <b>la presencia militar estadounidense en Alemania y en otros lugares de Europa \u201cno s\u00f3lo refuerza la disuasi\u00f3n frente a nuevas agresiones del Kremlin, sino que tambi\u00e9n facilita la proyecci\u00f3n del poder militar estadounidense en el Mediterr\u00e1neo, <\/b><a href=\"https:\/\/www.elnuevodia.com\/topicos\/oriente-medio\/\" target=\"_blank\" rel=\"noreferrer\" title=\"https:\/\/www.elnuevodia.com\/topicos\/oriente-medio\/\"><b>Oriente Medio<\/b><\/a><b> y \u00c1frica\u201d.<\/b><\/p>\n<p>Trump ignor\u00f3 las preguntas de los periodistas sobre la retirada el viernes mientras abordaba el Air Force One en Ocala, Florida, tras un mitin para promocionar su agenda econ\u00f3mica.<\/p>\n<p>Trump hizo una amenaza similar en su primer mandato, diciendo que retirar\u00eda a unos 9,500 de los aproximadamente 34,500 soldados estadounidenses que entonces estaban estacionados en Alemania, pero no inici\u00f3 el proceso y el presidente dem\u00f3crata <a href=\"https:\/\/www.elnuevodia.com\/topicos\/joe-biden\/\" target=\"_blank\" rel=\"noreferrer\" title=\"https:\/\/www.elnuevodia.com\/topicos\/joe-biden\/\"><b>Joe Biden<\/b><\/a> detuvo formalmente la retirada prevista poco despu\u00e9s de asumir el cargo en 2021.<\/p>\n<p>El mercurial l\u00edder estadounidense lleva a\u00f1os reflexionando sobre la posibilidad de reducir la presencia militar estadounidense en Alemania y ha arremetido contra la OTAN por su negativa a ayudar a Washington en la guerra, que comenz\u00f3 el 28 de febrero con ataques estadounidense-israel\u00edes contra Ir\u00e1n.<\/p>\n<p><b>Trump escribi\u00f3 el mi\u00e9rcoles en las redes sociales que Estados Unidos estaba revisando la posible reducci\u00f3n de tropas en Alemania, y que pronto se tomar\u00eda una \u201cdecisi\u00f3n\u201d.<\/b> El jueves, segu\u00eda pensando en Merz, publicando que el l\u00edder alem\u00e1n deber\u00eda \u201cdedicar m\u00e1s tiempo a poner fin a la guerra con Rusia\/Ucrania\u201d y a \u201carreglar su pa\u00eds roto\u201d que a preocuparse por Ir\u00e1n.<\/p>\n<p>Los aliados estadounidenses en la OTAN se han preparado para una retirada de tropas de Estados Unidos desde que Trump asumi\u00f3 el cargo, con Washington advirtiendo que Europa tendr\u00eda que velar por su propia seguridad, incluida la de Ucrania, en el futuro.<\/p>\n<div>\n<figure><picture><source media=\"(max-width: 375px)\" ><source media=\"(max-width: 767px)\" ><source media=\"(max-width: 1023px)\" ><source ><img src=\"https:\/\/www.elnuevodia.com\/resizer\/v2\/H6ZTT27IIRDY7LBMOIUKCPCI5E.jpg?auth=6d8796b73b6c5e1b392a02891f186fce45ed97bf80d18d862f68af295111b89d&#038;quality=75&#038;width=829&#038;smart=true\" alt=\"La base a\u00e9rea estadounidense Ramstein en Landstuhl, Alemania, el 23 de noviembre del 2025. (Boris Roessler\/dpa via AP)\" loading=\"eager\" fetchpriority=\"high\" decoding=\"sync\"><\/picture><figcaption>La base a\u00e9rea estadounidense Ramstein en Landstuhl, Alemania, el 23 de noviembre del 2025. (Boris Roessler\/dpa via AP) (Boris Roessler)<\/figcaption><\/figure>\n<\/div>\n<p>Dependiendo de las operaciones, ejercicios y rotaciones de tropas, entre 80,000 y 100,000 efectivos estadounidenses suelen estar estacionados en Europa. Los aliados de la OTAN llevan m\u00e1s de un a\u00f1o esperando que las tropas estadounidenses desplegadas despu\u00e9s de que Rusia lanzara su guerra total contra Ucrania en febrero de 2022 fueran las primeras en marcharse.<\/p>\n<p>Ed Arnold, experto en seguridad europea del Royal United Services Institute, o RUSI, de Londres, afirm\u00f3 que Europa est\u00e1 m\u00e1s preocupada por cuestiones como un redespliegue estadounidense de sistemas de misiles Patriot y munici\u00f3n desde Alemania a Oriente Medio.<\/p>\n<p>En octubre, Estados Unidos confirm\u00f3 que reducir\u00eda su presencia de tropas en las fronteras de la OTAN con <a href=\"https:\/\/www.elnuevodia.com\/topicos\/ucrania\/\" target=\"_blank\" rel=\"noreferrer\" title=\"https:\/\/www.elnuevodia.com\/topicos\/ucrania\/\"><b>Ucrania<\/b><\/a>. El recorte de entre 1,500 y 3,000 soldados se produjo con poca antelaci\u00f3n e inquiet\u00f3 al aliado de la OTAN, Ruman\u00eda, donde la organizaci\u00f3n militar tiene una base a\u00e9rea.<\/p>\n<\/div>\n\n    <div class=\"xs_social_share_widget xs_share_url after_content \t\tmain_content  wslu-style-1 wslu-share-box-shaped wslu-fill-colored wslu-none wslu-share-horizontal wslu-theme-font-no wslu-main_content\">\n\n\t\t\n        <ul>\n\t\t\t        <\/ul>\n    <\/div> \n","protected":false},"excerpt":{"rendered":"<p>Washington- Estados Unidos retirar\u00e1 unos 5,000 soldados de Alemania en los pr\u00f3ximos seis a 12 meses, dijo el Pent\u00e1gono el viernes, cumpliendo la amenaza del presidente Donald Trump mientras choca con el l\u00edder alem\u00e1n por la guerra de Estados Unidos con Ir\u00e1n . Trump hab\u00eda amenazado con retirar algunas tropas del aliado de la OTAN<\/p>\n","protected":false},"author":2,"featured_media":24412,"comment_status":"open","ping_status":"open","sticky":false,"template":"","format":"standard","meta":{"om_disable_all_campaigns":false,"_monsterinsights_skip_tracking":false,"_monsterinsights_sitenote_active":false,"_monsterinsights_sitenote_note":"","_monsterinsights_sitenote_category":0,"footnotes":""},"categories":[10],"tags":[],"class_list":["post-24414","post","type-post","status-publish","format-standard","has-post-thumbnail","hentry","category-mundo"],"aioseo_notices":[],"_links":{"self":[{"href":"https:\/\/aleeknews.com\/4l33k5\/wp-json\/wp\/v2\/posts\/24414","targetHints":{"allow":["GET"]}}],"collection":[{"href":"https:\/\/aleeknews.com\/4l33k5\/wp-json\/wp\/v2\/posts"}],"about":[{"href":"https:\/\/aleeknews.com\/4l33k5\/wp-json\/wp\/v2\/types\/post"}],"author":[{"embeddable":true,"href":"https:\/\/aleeknews.com\/4l33k5\/wp-json\/wp\/v2\/users\/2"}],"replies":[{"embeddable":true,"href":"https:\/\/aleeknews.com\/4l33k5\/wp-json\/wp\/v2\/comments?post=24414"}],"version-history":[{"count":0,"href":"https:\/\/aleeknews.com\/4l33k5\/wp-json\/wp\/v2\/posts\/24414\/revisions"}],"wp:featuredmedia":[{"embeddable":true,"href":"https:\/\/aleeknews.com\/4l33k5\/wp-json\/wp\/v2\/media\/24412"}],"wp:attachment":[{"href":"https:\/\/aleeknews.com\/4l33k5\/wp-json\/wp\/v2\/media?parent=24414"}],"wp:term":[{"taxonomy":"category","embeddable":true,"href":"https:\/\/aleeknews.com\/4l33k5\/wp-json\/wp\/v2\/categories?post=24414"},{"taxonomy":"post_tag","embeddable":true,"href":"https:\/\/aleeknews.com\/4l33k5\/wp-json\/wp\/v2\/tags?post=24414"}],"curies":[{"name":"wp","href":"https:\/\/api.w.org\/{rel}","templated":true}]}}