{"id":24409,"date":"2026-05-02T06:42:30","date_gmt":"2026-05-02T10:42:30","guid":{"rendered":"https:\/\/aleeknews.com\/4l33k5\/2026\/05\/02\/donald-trump-no-esta-satisfecho-con-propuesta-de-iran-para-acabar-con-la-guerra\/"},"modified":"2026-05-02T06:42:30","modified_gmt":"2026-05-02T10:42:30","slug":"donald-trump-no-esta-satisfecho-con-propuesta-de-iran-para-acabar-con-la-guerra","status":"publish","type":"post","link":"https:\/\/aleeknews.com\/4l33k5\/2026\/05\/02\/donald-trump-no-esta-satisfecho-con-propuesta-de-iran-para-acabar-con-la-guerra\/","title":{"rendered":"Donald Trump \u201cno est\u00e1 satisfecho\u201d con propuesta de Ir\u00e1n para acabar con la guerra"},"content":{"rendered":"<div>\n<p><b>Islamabad-<\/b> El presidente de Estados Unidos, <a href=\"https:\/\/www.elnuevodia.com\/topicos\/donald-trump\/\" target=\"_blank\" rel=\"noreferrer\" title=\"https:\/\/www.elnuevodia.com\/topicos\/donald-trump\/\"><b>Donald Trump<\/b><\/a>, <b>rechaz\u00f3 la \u00faltima propuesta de Ir\u00e1n para poner fin a la guerra entre los pa\u00edses<\/b>, diciendo el viernes que todav\u00eda no estaba satisfecho mientras culpaba al liderazgo \u201cfracturado\u201d de <a href=\"https:\/\/www.elnuevodia.com\/topicos\/iran\/\" target=\"_blank\" rel=\"noreferrer\" title=\"https:\/\/www.elnuevodia.com\/topicos\/iran\/\"><b>Ir\u00e1n<\/b><\/a>.<\/p>\n<p>Trump rechaz\u00f3 la \u00faltima propuesta casi tan pronto como le fue entregada. La agencia de noticias estatal iran\u00ed IRNA inform\u00f3 de que Ir\u00e1n entreg\u00f3 su plan a los mediadores en <a href=\"https:\/\/www.elnuevodia.com\/topicos\/pakistan\/\" target=\"_blank\" rel=\"noreferrer\" title=\"https:\/\/www.elnuevodia.com\/topicos\/pakistan\/\"><b>Pakist\u00e1n<\/b><\/a> el jueves por la noche.<\/p>\n<p>\u201cQuieren llegar a un acuerdo, no estoy satisfecho con \u00e9l, as\u00ed que veremos qu\u00e9 pasa\u201d, dijo Trump a los periodistas el viernes en la <a href=\"https:\/\/www.elnuevodia.com\/topicos\/casa-blanca\/\" target=\"_blank\" rel=\"noreferrer\" title=\"https:\/\/www.elnuevodia.com\/topicos\/casa-blanca\/\"><b>Casa Blanca<\/b><\/a>, sin dar m\u00e1s detalles sobre lo que consideraba sus carencias.<\/p>\n<p>El inestable alto el fuego de tres semanas entre Estados Unidos e Ir\u00e1n parece mantenerse, aunque ambos pa\u00edses han intercambiado acusaciones de violaciones.<\/p>\n<p>Aunque el alto el fuego ha detenido en gran medida los combates en Ir\u00e1n, <a href=\"https:\/\/www.elnuevodia.com\/topicos\/conflicto-con-iran\/\" target=\"_blank\" rel=\"noreferrer\" title=\"https:\/\/www.elnuevodia.com\/topicos\/conflicto-con-iran\/\"><b>Estados Unidos e Ir\u00e1n est\u00e1n enfrentados por el estrecho de Ormuz<\/b><\/a>, por el que pasa una quinta parte del petr\u00f3leo y el gas comercializados en el mundo en tiempos de paz. El bloqueo de la marina estadounidense, que impide a los petroleros iran\u00edes salir al mar, ha tambaleado la econom\u00eda iran\u00ed. La econom\u00eda mundial tambi\u00e9n est\u00e1 bajo presi\u00f3n mientras Ir\u00e1n mantiene su asfixia en el estrecho.<\/p>\n<p>Las negociaciones han continuado por tel\u00e9fono despu\u00e9s de que Trump suspendiera el viaje de sus enviados a Pakist\u00e1n la semana pasada, dijo el presidente. Trump propuso esta semana un nuevo plan para reabrir el paso cr\u00edtico utilizado por los aliados estadounidenses del Golfo para exportar su petr\u00f3leo y gas.<\/p>\n<p>El viernes, Trump expres\u00f3 su frustraci\u00f3n con los dirigentes iran\u00edes, calific\u00e1ndolos de fracturados.<\/p>\n<div>\n<figure><picture><source media=\"(max-width: 375px)\" ><source media=\"(max-width: 767px)\" ><source media=\"(max-width: 1023px)\" ><source ><img src=\"https:\/\/www.elnuevodia.com\/resizer\/v2\/UQRCDCFOV5FI5PCMTRJFWJMBBM.jpg?auth=42363993b03ab4aaf04601eff8d16e88a195c7947e53c8e32c33a5262ab05a04&#038;quality=75&#038;width=829&#038;smart=true\" alt=\"Una patrullera emirat\u00ed, a la izquierda, se encuentra cerca de un buque cisterna anclado en el Golfo de Om\u00e1n, cerca del Estrecho de Ormuz, vista desde una carretera costera cerca de Khor Fakkan, Emiratos \u00c1rabes Unidos, el viernes 1 de mayo de 2026. (Foto AP\/Fatima Shbair)\" loading=\"eager\" fetchpriority=\"high\" decoding=\"sync\"><\/picture><figcaption>Una patrullera emirat\u00ed, a la izquierda, se encuentra cerca de un buque cisterna anclado en el Golfo de Om\u00e1n, cerca del Estrecho de Ormuz, vista desde una carretera costera cerca de Khor Fakkan, Emiratos \u00c1rabes Unidos, el viernes 1 de mayo de 2026. (Foto AP\/Fatima Shbair) (Fatima Shbair)<\/figcaption><\/figure>\n<\/div>\n<p>\u201cEs un liderazgo muy desarticulado\u201d, dijo Trump. \u201cTodos quieren llegar a un acuerdo, pero est\u00e1n desunidos\u201d.<\/p>\n<p><b>En una reuni\u00f3n informativa que mantuvo el jueves con el almirante Brad Cooper, jefe del Mando Central estadounidense, el presidente dijo que Estados Unidos s\u00f3lo tiene dos opciones en Ir\u00e1n.<\/b><\/p>\n<p>\u201cQuiero decir, \u00bfqueremos ir y machacarles y acabar con ellos para siempre? \u00bfO queremos intentar llegar a un acuerdo? Esas son las opciones\u201d, dijo Trump.<\/p>\n<p>Trump dijo que cree que los dirigentes iran\u00edes han hecho algunos progresos hacia la unificaci\u00f3n en torno a una resoluci\u00f3n.<\/p>\n<p>\u201cHan hecho progresos, pero no estoy seguro de que lleguen a conseguirlos\u201d, afirm\u00f3. \u201cHay una discordia tremenda, tienen un problema tremendo para llevarse bien en Ir\u00e1n\u201d.<\/p>\n<p><h4><b>Busc\u00f3 apoyo para el plan<\/b><\/h4>\n<\/p>\n<p>El ministro de Asuntos Exteriores de Ir\u00e1n, Abbas Araghchi, mantuvo el viernes una serie de llamadas con muchos de sus hom\u00f3logos regionales, entre ellos de <a href=\"https:\/\/www.elnuevodia.com\/topicos\/turquia\/\" target=\"_blank\" rel=\"noreferrer\" title=\"https:\/\/www.elnuevodia.com\/topicos\/turquia\/\"><b>Turqu\u00eda<\/b><\/a>, <a href=\"https:\/\/www.elnuevodia.com\/topicos\/egipto\/\" target=\"_blank\" rel=\"noreferrer\" title=\"https:\/\/www.elnuevodia.com\/topicos\/egipto\/\"><b>Egipto<\/b><\/a>, Qatar, <a href=\"https:\/\/www.elnuevodia.com\/topicos\/arabia-saudi\/\" target=\"_blank\" rel=\"noreferrer\" title=\"https:\/\/www.elnuevodia.com\/topicos\/arabia-saudi\/\"><b>Arabia Saud\u00ed<\/b><\/a>, <a href=\"https:\/\/www.elnuevodia.com\/topicos\/irak\/\" target=\"_blank\" rel=\"noreferrer\" title=\"https:\/\/www.elnuevodia.com\/topicos\/irak\/\"><b>Irak<\/b><\/a> y Azerbaiy\u00e1n, para informarles de las \u00faltimas iniciativas de su pa\u00eds para poner fin a la guerra, seg\u00fan inform\u00f3 en sus redes sociales.<\/p>\n<div>\n<p><b>1 \/ 20 | <\/b><span> Desde Ormuz al Canal de Panam\u00e1: los puntos mar\u00edtimos m\u00e1s importantes para el comercio mundial. Por siglos, el Estrecho de Ormuz (Hormuz, en ingl\u00e9s), que conecta el Golfo P\u00e9rsico con el Golfo de Om\u00e1n y a su vez, con el Mar de Arabia y el Oc\u00e9ano \u00cdndico, ha jugado un papel cr\u00edtico a nivel comercial. Seg\u00fan la Agencia de Informaci\u00f3n de Energ\u00eda de Estados Unidos (EIA, en ingl\u00e9s), el 21% del crudo que se comercia en todo el mundo pasa por Ormuz. En la foto, una vista desde el espacio tomada en abril de 2021 y divulgada por la Agencia Nacional de Aeron\u00e1utica y Espacio de Estados Unidos. (NASA, https:\/\/www.nasa.gov\/image-article\/strait-of-hormuz\/)<\/span><i> &#8211; Captura<\/i><\/p>\n<\/div>\n<p>El jefe de pol\u00edtica exterior de la <a href=\"https:\/\/www.elnuevodia.com\/topicos\/union-europea\/\" target=\"_blank\" rel=\"noreferrer\" title=\"https:\/\/www.elnuevodia.com\/topicos\/union-europea\/\"><b>Uni\u00f3n Europea<\/b><\/a>, Kaja Kallas, tambi\u00e9n habl\u00f3 por tel\u00e9fono el viernes con Araghchi. Hablaron de los esfuerzos diplom\u00e1ticos en curso para reabrir el estrecho de Ormuz y de los acuerdos de seguridad a largo plazo, seg\u00fan inform\u00f3 la oficina de Kallas en un comunicado. Kallas tambi\u00e9n ha estado en contacto con los socios de la UE en el Golfo.<\/p>\n<p>Funcionarios paquistan\u00edes han declarado que prosiguen los esfuerzos para aliviar las tensiones entre Ir\u00e1n y Estados Unidos.<\/p>\n<p><b>El exembajador de Pakist\u00e1n en Washington, Masood Khan, afirm\u00f3 que el continuo intercambio de propuestas indica que Estados Unidos e Ir\u00e1n siguen comprometidos en la b\u00fasqueda de un punto medio diplom\u00e1tico.<\/b><\/p>\n<p>Las propuestas tambi\u00e9n llegan despu\u00e9s de que los l\u00edderes de ambos pa\u00edses intercambien algunas de sus amenazas m\u00e1s duras, seg\u00fan Khan, lo que alimenta el temor a que las hostilidades militares se reanuden en cualquier momento.<\/p>\n<p><h4><b>Nobel iran\u00ed encarcelado<\/b><\/h4>\n<\/p>\n<p>La <a href=\"https:\/\/www.elnuevodia.com\/topicos\/premio-nobel\/\" target=\"_blank\" rel=\"noreferrer\" title=\"https:\/\/www.elnuevodia.com\/topicos\/premio-nobel\/\"><b>Premio Nobel de la Paz<\/b><\/a>, Narges Mohammadi, encarcelada en Ir\u00e1n, fue trasladada de urgencia de la prisi\u00f3n a un hospital del noroeste del pa\u00eds tras un \u201cdeterioro catastr\u00f3fico\u201d de su salud, inform\u00f3 el viernes su fundaci\u00f3n.<\/p>\n<p>La Fundaci\u00f3n Narges Mohammadi declar\u00f3 que hab\u00eda sufrido dos episodios de p\u00e9rdida total de conciencia y una grave crisis cardiaca. Se cree que sufri\u00f3 un infarto a finales de marzo, seg\u00fan sus abogados, que la visitaron pocos d\u00edas despu\u00e9s del incidente.<\/p>\n<p>El traslado al hospital se produce \u201ctras 140 d\u00edas de negligencia m\u00e9dica sistem\u00e1tica\u201d desde su detenci\u00f3n, seg\u00fan la fundaci\u00f3n.<\/p>\n<p>Mohammadi, de 53 a\u00f1os, abogado defensor de los derechos humanos que gan\u00f3 el Premio Nobel de la Paz en 2023 mientras estaba en prisi\u00f3n, fue detenido en diciembre y condenado a siete a\u00f1os m\u00e1s de c\u00e1rcel.<\/p>\n<div>\n<figure><picture><source media=\"(max-width: 375px)\" ><source media=\"(max-width: 767px)\" ><source media=\"(max-width: 1023px)\" ><source ><img src=\"https:\/\/www.elnuevodia.com\/resizer\/v2\/WZHDGJXO4NAZHERPDVAO6UJ6FA.jpg?auth=662a00982cc482b472d94ea381016336fdeff74d47dd7fb5546f3aeee5f862a5&#038;quality=75&#038;width=829&#038;smart=true\" alt=\"Buques de carga se observan en alta mar cerca del estrecho de Ormuz, vistos desde una costa rocosa cerca de Khor Fakkan, Emiratos \u00c1rabes Unidos, el viernes 1 de mayo de 2026. (Foto AP\/Fatima Shbair)\" loading=\"eager\" fetchpriority=\"high\" decoding=\"sync\"><\/picture><figcaption>Buques de carga se observan en alta mar cerca del estrecho de Ormuz, vistos desde una costa rocosa cerca de Khor Fakkan, Emiratos \u00c1rabes Unidos, el viernes 1 de mayo de 2026. (Foto AP\/Fatima Shbair) (Fatima Shbair)<\/figcaption><\/figure>\n<\/div>\n<p><h4><b>Explosi\u00f3n mata a 14 en Ir\u00e1n<\/b><\/h4>\n<\/p>\n<p>Una explosi\u00f3n de restos de bombas de ataques durante la guerra contra Ir\u00e1n mat\u00f3 a 14 miembros de la Guardia Revolucionaria, informaron el viernes la agencia IRNA y otros medios iran\u00edes.<\/p>\n<p>Un informe del sitio web Nournews, considerado cercano a la seguridad iran\u00ed, afirma que la explosi\u00f3n se produjo cerca de la ciudad septentrional de Zanjan, al noroeste de Teher\u00e1n.<\/p>\n<p>Se trata del mayor n\u00famero de miembros de la Guardia Revolucionaria muertos desde que comenz\u00f3 el alto el fuego el 7 de abril. Seg\u00fan el informe, la munici\u00f3n inclu\u00eda bombas de racimo y minas a\u00e9reas lanzadas durante los combates.<\/p>\n<p><b>Desde el comienzo de la guerra, el 28 de febrero, al menos 3,375 personas han muerto en Ir\u00e1n, y m\u00e1s de 2,600 en L\u00edbano, donde estallaron nuevos combates entre Israel y el grupo militante Hezbol\u00e1, respaldado por Ir\u00e1n, dos d\u00edas despu\u00e9s del inicio de la guerra, seg\u00fan las autoridades.<\/b><\/p>\n<p>Adem\u00e1s, han muerto 24 personas en <a href=\"https:\/\/www.elnuevodia.com\/topicos\/israel\/\" target=\"_blank\" rel=\"noreferrer\" title=\"https:\/\/www.elnuevodia.com\/topicos\/israel\/\"><b>Israel<\/b><\/a> y m\u00e1s de 20 en Estados \u00e1rabes del Golfo. Han muerto 17 soldados israel\u00edes en <a href=\"https:\/\/www.elnuevodia.com\/topicos\/libano\/\" target=\"_blank\" rel=\"noreferrer\" title=\"https:\/\/www.elnuevodia.com\/topicos\/libano\/\"><b>L\u00edbano<\/b><\/a> y 13 miembros de los servicios estadounidenses en toda la regi\u00f3n.<\/p>\n<\/div>\n\n    <div class=\"xs_social_share_widget xs_share_url after_content \t\tmain_content  wslu-style-1 wslu-share-box-shaped wslu-fill-colored wslu-none wslu-share-horizontal wslu-theme-font-no wslu-main_content\">\n\n\t\t\n        <ul>\n\t\t\t        <\/ul>\n    <\/div> \n","protected":false},"excerpt":{"rendered":"<p>Islamabad- El presidente de Estados Unidos, Donald Trump , rechaz\u00f3 la \u00faltima propuesta de Ir\u00e1n para poner fin a la guerra entre los pa\u00edses, diciendo el viernes que todav\u00eda no estaba satisfecho mientras culpaba al liderazgo \u201cfracturado\u201d de Ir\u00e1n . Trump rechaz\u00f3 la \u00faltima propuesta casi tan pronto como le fue entregada. La agencia de<\/p>\n","protected":false},"author":2,"featured_media":24410,"comment_status":"open","ping_status":"open","sticky":false,"template":"","format":"standard","meta":{"om_disable_all_campaigns":false,"_monsterinsights_skip_tracking":false,"_monsterinsights_sitenote_active":false,"_monsterinsights_sitenote_note":"","_monsterinsights_sitenote_category":0,"footnotes":""},"categories":[10],"tags":[],"class_list":["post-24409","post","type-post","status-publish","format-standard","has-post-thumbnail","hentry","category-mundo"],"aioseo_notices":[],"_links":{"self":[{"href":"https:\/\/aleeknews.com\/4l33k5\/wp-json\/wp\/v2\/posts\/24409","targetHints":{"allow":["GET"]}}],"collection":[{"href":"https:\/\/aleeknews.com\/4l33k5\/wp-json\/wp\/v2\/posts"}],"about":[{"href":"https:\/\/aleeknews.com\/4l33k5\/wp-json\/wp\/v2\/types\/post"}],"author":[{"embeddable":true,"href":"https:\/\/aleeknews.com\/4l33k5\/wp-json\/wp\/v2\/users\/2"}],"replies":[{"embeddable":true,"href":"https:\/\/aleeknews.com\/4l33k5\/wp-json\/wp\/v2\/comments?post=24409"}],"version-history":[{"count":0,"href":"https:\/\/aleeknews.com\/4l33k5\/wp-json\/wp\/v2\/posts\/24409\/revisions"}],"wp:featuredmedia":[{"embeddable":true,"href":"https:\/\/aleeknews.com\/4l33k5\/wp-json\/wp\/v2\/media\/24410"}],"wp:attachment":[{"href":"https:\/\/aleeknews.com\/4l33k5\/wp-json\/wp\/v2\/media?parent=24409"}],"wp:term":[{"taxonomy":"category","embeddable":true,"href":"https:\/\/aleeknews.com\/4l33k5\/wp-json\/wp\/v2\/categories?post=24409"},{"taxonomy":"post_tag","embeddable":true,"href":"https:\/\/aleeknews.com\/4l33k5\/wp-json\/wp\/v2\/tags?post=24409"}],"curies":[{"name":"wp","href":"https:\/\/api.w.org\/{rel}","templated":true}]}}