{"id":24407,"date":"2026-05-02T06:42:31","date_gmt":"2026-05-02T10:42:31","guid":{"rendered":"https:\/\/aleeknews.com\/4l33k5\/2026\/05\/02\/mexico-insiste-en-falta-de-pruebas-tras-acusaciones-de-estados-unidos-contra-gobernador-de-sinaloa\/"},"modified":"2026-05-02T06:42:31","modified_gmt":"2026-05-02T10:42:31","slug":"mexico-insiste-en-falta-de-pruebas-tras-acusaciones-de-estados-unidos-contra-gobernador-de-sinaloa","status":"publish","type":"post","link":"https:\/\/aleeknews.com\/4l33k5\/2026\/05\/02\/mexico-insiste-en-falta-de-pruebas-tras-acusaciones-de-estados-unidos-contra-gobernador-de-sinaloa\/","title":{"rendered":"M\u00e9xico insiste en falta de pruebas tras acusaciones de Estados Unidos contra gobernador de Sinaloa"},"content":{"rendered":"<div>\n<p><b>Ciudad de M\u00e9xico- <\/b>La Fiscal\u00eda General de M\u00e9xico descart\u00f3 el viernes la detenci\u00f3n provisional del gobernador oficialista de Sinaloa y otros nueve funcionarios que solicitaron la fiscal\u00eda de <a href=\"https:\/\/www.elnuevodia.com\/topicos\/nueva-york\/\" target=\"_blank\" rel=\"noreferrer\" title=\"https:\/\/www.elnuevodia.com\/topicos\/nueva-york\/\"><b>Nueva York<\/b><\/a> como parte del proceso que les abri\u00f3 por narcotr\u00e1fico y tenencia il\u00edcita de armas.<\/p>\n<p>El titular de la fiscal\u00eda especializada de control competencial, Ra\u00fal Jim\u00e9nez V\u00e1zquez, dijo a la prensa que \u201cno hay ning\u00fan motivo, no hay ning\u00fan fundamento, no hay ninguna evidencia del porqu\u00e9 de la urgencia de la detenci\u00f3n provisional\u201d que solicitaron esta semana las autoridades estadounidenses como parte del proceso para la extradici\u00f3n.<\/p>\n<p><b>La fiscal\u00eda de Nueva York hizo p\u00fablica el mi\u00e9rcoles una acusaci\u00f3n por tr\u00e1fico de drogas y tenencia il\u00edcita de armas contra el gobernador de Sinaloa, Rub\u00e9n Rocha Moya<\/b>, y otros nueve funcionarios mexicanos entre los que se incluyen un alcalde y un congresista del partido gobernante Morena, un fiscal y polic\u00edas activos y retirados.<\/p>\n<p>En la acusaci\u00f3n se se\u00f1ala a los diez funcionarios de desempe\u00f1ar un papel fundamental a la hora de ayudar al <a href=\"https:\/\/www.elnuevodia.com\/topicos\/cartel-de-sinaloa\/\" target=\"_blank\" rel=\"noreferrer\" title=\"https:\/\/www.elnuevodia.com\/topicos\/cartel-de-sinaloa\/\"><b>C\u00e1rtel de Sinaloa<\/b><\/a> a introducir fentanilo, hero\u00edna, coca\u00edna y metanfetamina desde M\u00e9xico a Estados Unidos<\/p>\n<p>Al abundar sobre la decisi\u00f3n, Jim\u00e9nez V\u00e1zquez indic\u00f3 que \u201cno existen pruebas\u201d en los documentos que enviaron las autoridades estadounidenses que acrediten un presunto delito para otorgar la medida de detenci\u00f3n provisional. Tanto la presidenta mexicana <a href=\"https:\/\/www.elnuevodia.com\/topicos\/claudia-sheinbaum\/\" target=\"_blank\" rel=\"noreferrer\" title=\"https:\/\/www.elnuevodia.com\/topicos\/claudia-sheinbaum\/\"><b>Claudia Sheinbaum<\/b><\/a> como la Fiscal\u00eda General han insistido en que Estados Unidos debe enviar pruebas que avalen las acusaciones.<\/p>\n<div>\n<p><b>1 \/ 15 | <\/b><span> Violencia y temor: as\u00ed se ve\u00edan las calles tras el asesinato de \u201cEl Mencho\u201d en M\u00e9xico. La Secretar\u00eda de la Defensa Nacional de M\u00e9xico confirm\u00f3 este domingo que Rub\u00e9n Nemesio Oseguera Cervantes, alias \u2018El Mencho\u2019, l\u00edder del Cartel Jalisco Nueva Generaci\u00f3n (CJNG), fue abatido junto a otros cuatro integrantes de esa organizaci\u00f3n delictiva.<\/span><i> &#8211; Alejandra Leyva<\/i><\/p>\n<\/div>\n<p>En ese sentido, el funcionario anunci\u00f3 que la canciller\u00eda mexicana solicitar\u00e1 a Estados Unidos las pruebas, argumentos, informes y documentos que sean necesarios, por las v\u00edas que garanticen la confidencialidad, y fijar una nueva postura.<\/p>\n<p>Alterno al proceso que llevan las autoridades estadounidenses, la Fiscal\u00eda General de M\u00e9xico tambi\u00e9n adelantando una investigaci\u00f3n del caso.<\/p>\n<p><b>Tanto Rocha Moya, quien gobierna Sinaloa desde 2021, como otros funcionarios han rechazado las acusaciones y han asegurado que el proceso busca atacar a Morena.<\/b><\/p>\n<p>Seg\u00fan la acusaci\u00f3n, algunas de las personas citadas han participado personalmente en la campa\u00f1a de violencia y represalias del c\u00e1rtel de Sinaloa.<\/p>\n<p>La acusaci\u00f3n alega que estaban estrechamente vinculados a la facci\u00f3n de ese c\u00e1rtel conocida como \u201cLos Chapitos\u201d, dirigida por los hijos de <a href=\"https:\/\/www.elnuevodia.com\/topicos\/joaquin-el-chapo-guzman\/\" target=\"_blank\" rel=\"noreferrer\" title=\"https:\/\/www.elnuevodia.com\/topicos\/joaquin-el-chapo-guzman\/\"><b>Joaqu\u00edn \u201cEl Chapo\u201d Guzm\u00e1n<\/b><\/a>, el antiguo l\u00edder del c\u00e1rtel que actualmente cumple cadena perpetua en una prisi\u00f3n estadounidense.<\/p>\n<p>Durante su habitual conferencia matutina, Sheinbaum descart\u00f3 el viernes que enfrente una crisis pol\u00edtica ante el proceso judicial que se inici\u00f3 en Estados Unidos contra Rocha Moya y otros miembros de su partido y asegur\u00f3 que est\u00e1 \u201cfuerte, est\u00e1 s\u00f3lida y muy segura\u201d.<\/p>\n<\/div>\n\n    <div class=\"xs_social_share_widget xs_share_url after_content \t\tmain_content  wslu-style-1 wslu-share-box-shaped wslu-fill-colored wslu-none wslu-share-horizontal wslu-theme-font-no wslu-main_content\">\n\n\t\t\n        <ul>\n\t\t\t        <\/ul>\n    <\/div> \n","protected":false},"excerpt":{"rendered":"<p>Ciudad de M\u00e9xico- La Fiscal\u00eda General de M\u00e9xico descart\u00f3 el viernes la detenci\u00f3n provisional del gobernador oficialista de Sinaloa y otros nueve funcionarios que solicitaron la fiscal\u00eda de Nueva York como parte del proceso que les abri\u00f3 por narcotr\u00e1fico y tenencia il\u00edcita de armas. El titular de la fiscal\u00eda especializada de control competencial, Ra\u00fal Jim\u00e9nez<\/p>\n","protected":false},"author":2,"featured_media":24408,"comment_status":"open","ping_status":"open","sticky":false,"template":"","format":"standard","meta":{"om_disable_all_campaigns":false,"_monsterinsights_skip_tracking":false,"_monsterinsights_sitenote_active":false,"_monsterinsights_sitenote_note":"","_monsterinsights_sitenote_category":0,"footnotes":""},"categories":[10],"tags":[],"class_list":["post-24407","post","type-post","status-publish","format-standard","has-post-thumbnail","hentry","category-mundo"],"aioseo_notices":[],"_links":{"self":[{"href":"https:\/\/aleeknews.com\/4l33k5\/wp-json\/wp\/v2\/posts\/24407","targetHints":{"allow":["GET"]}}],"collection":[{"href":"https:\/\/aleeknews.com\/4l33k5\/wp-json\/wp\/v2\/posts"}],"about":[{"href":"https:\/\/aleeknews.com\/4l33k5\/wp-json\/wp\/v2\/types\/post"}],"author":[{"embeddable":true,"href":"https:\/\/aleeknews.com\/4l33k5\/wp-json\/wp\/v2\/users\/2"}],"replies":[{"embeddable":true,"href":"https:\/\/aleeknews.com\/4l33k5\/wp-json\/wp\/v2\/comments?post=24407"}],"version-history":[{"count":0,"href":"https:\/\/aleeknews.com\/4l33k5\/wp-json\/wp\/v2\/posts\/24407\/revisions"}],"wp:featuredmedia":[{"embeddable":true,"href":"https:\/\/aleeknews.com\/4l33k5\/wp-json\/wp\/v2\/media\/24408"}],"wp:attachment":[{"href":"https:\/\/aleeknews.com\/4l33k5\/wp-json\/wp\/v2\/media?parent=24407"}],"wp:term":[{"taxonomy":"category","embeddable":true,"href":"https:\/\/aleeknews.com\/4l33k5\/wp-json\/wp\/v2\/categories?post=24407"},{"taxonomy":"post_tag","embeddable":true,"href":"https:\/\/aleeknews.com\/4l33k5\/wp-json\/wp\/v2\/tags?post=24407"}],"curies":[{"name":"wp","href":"https:\/\/api.w.org\/{rel}","templated":true}]}}