{"id":24396,"date":"2026-05-01T12:42:19","date_gmt":"2026-05-01T16:42:19","guid":{"rendered":"https:\/\/aleeknews.com\/4l33k5\/2026\/05\/01\/si-ella-no-va-no-va-nadie-raphy-pina-le-responde-a-quienes-critican-que-lleve-a-su-hija-a-premiaciones\/"},"modified":"2026-05-01T12:42:19","modified_gmt":"2026-05-01T16:42:19","slug":"si-ella-no-va-no-va-nadie-raphy-pina-le-responde-a-quienes-critican-que-lleve-a-su-hija-a-premiaciones","status":"publish","type":"post","link":"https:\/\/aleeknews.com\/4l33k5\/2026\/05\/01\/si-ella-no-va-no-va-nadie-raphy-pina-le-responde-a-quienes-critican-que-lleve-a-su-hija-a-premiaciones\/","title":{"rendered":"\u201cSi ella no va, no va nadie\u201d: Raphy Pina le responde a quienes critican que lleve a su hija a premiaciones"},"content":{"rendered":"<div>\n<p>El productor musical <a href=\"https:\/\/www.elnuevodia.com\/topicos\/raphy-pina\/\" target=\"_self\" rel title=\"https:\/\/www.elnuevodia.com\/topicos\/raphy-pina\/\"><b>Raphy Pina<\/b><\/a>, fundador del sello discogr\u00e1fico<b> Pina Records<\/b>, respondi\u00f3 al comentario de una seguidora que cuestion\u00f3 la presencia de su hija <b>Vida Isabelle<\/b>, de 4 a\u00f1os, en las premiaciones.<\/p>\n<p>A trav\u00e9s de su cuenta de Instagram, Pina comparti\u00f3 una resumen de su paso por la gala de <a href=\"https:\/\/www.elnuevodia.com\/entretenimiento\/musica\/fotogalerias\/revive-lo-mejor-de-billboard-mujeres-latinas-en-la-musica\/\" target=\"_self\" rel title=\"https:\/\/www.elnuevodia.com\/entretenimiento\/musica\/fotogalerias\/revive-lo-mejor-de-billboard-mujeres-latinas-en-la-musica\/\"><b>Billboard Mujeres Latinas en la M\u00fasica 2026 <\/b><\/a>junto a su prometida, la cantante dominicana<b> Natti Natasha<\/b>, y la ni\u00f1a de ambos, quien tambi\u00e9n los acompa\u00f1\u00f3 a la pasada edici\u00f3n de Premio Lo Nuestro en febrero y Premios Juventud en septiembre de 2025. <\/p>\n<div>\n<p><b>1 \/ 27 | <\/b><span> Revive lo mejor de Billboard Mujeres Latinas en la M\u00fasica. Carlota Vizmanos subi\u00f3 al escenario para presentar y entregar el prestigioso galard\u00f3n de Mujer del A\u00f1o a la estrella global Rosal\u00eda.<\/span><i> &#8211; Telemundo<\/i><\/p>\n<\/div>\n<p>\u201c\u00bfPor qu\u00e9 llevan ni\u00f1os a esos eventos? Eso no es para ni\u00f1os\u201d, escribi\u00f3 la usuaria de la red social. A esto, el empresario coment\u00f3: <b>\u201cPorque si ella no va, no va nadie. As\u00ed de simple\u201d.<\/b><\/p>\n<p>En la m\u00e1s reciente entrega de Billboard Mujeres Latinas en la M\u00fasica, la int\u00e9rprete de \u201cQui\u00e9reme menos\u201d entreg\u00f3 el premio Impacto Global a su amiga y colega<b> Becky G<\/b>, con quien ha grabado \u00e9xitos como \u201cSin pijama\u201d y \u201cRam pam pam\u201d, adem\u00e1s de \u201cDura remix\u201d junto a <b>Bad Bunny<\/b> y<b> Daddy Yankee<\/b>. <\/p>\n<div>\n<p><b>1 \/ 17 | <\/b><span> As\u00ed se vivi\u00f3 la alfombra rosa de Billboard Mujeres Latinas en la M\u00fasica. Becky G recibir\u00e1 el premio Impacto Global por su carrera multifac\u00e9tica.<\/span><i> &#8211; Telemundo<\/i><\/p>\n<\/div>\n<\/div>\n\n    <div class=\"xs_social_share_widget xs_share_url after_content \t\tmain_content  wslu-style-1 wslu-share-box-shaped wslu-fill-colored wslu-none wslu-share-horizontal wslu-theme-font-no wslu-main_content\">\n\n\t\t\n        <ul>\n\t\t\t        <\/ul>\n    <\/div> \n","protected":false},"excerpt":{"rendered":"<p>El productor musical Raphy Pina , fundador del sello discogr\u00e1fico Pina Records, respondi\u00f3 al comentario de una seguidora que cuestion\u00f3 la presencia de su hija Vida Isabelle, de 4 a\u00f1os, en las premiaciones. A trav\u00e9s de su cuenta de Instagram, Pina comparti\u00f3 una resumen de su paso por la gala de Billboard Mujeres Latinas en<\/p>\n","protected":false},"author":2,"featured_media":24397,"comment_status":"open","ping_status":"open","sticky":false,"template":"","format":"standard","meta":{"om_disable_all_campaigns":false,"_monsterinsights_skip_tracking":false,"_monsterinsights_sitenote_active":false,"_monsterinsights_sitenote_note":"","_monsterinsights_sitenote_category":0,"footnotes":""},"categories":[47],"tags":[],"class_list":["post-24396","post","type-post","status-publish","format-standard","has-post-thumbnail","hentry","category-farandula"],"aioseo_notices":[],"_links":{"self":[{"href":"https:\/\/aleeknews.com\/4l33k5\/wp-json\/wp\/v2\/posts\/24396","targetHints":{"allow":["GET"]}}],"collection":[{"href":"https:\/\/aleeknews.com\/4l33k5\/wp-json\/wp\/v2\/posts"}],"about":[{"href":"https:\/\/aleeknews.com\/4l33k5\/wp-json\/wp\/v2\/types\/post"}],"author":[{"embeddable":true,"href":"https:\/\/aleeknews.com\/4l33k5\/wp-json\/wp\/v2\/users\/2"}],"replies":[{"embeddable":true,"href":"https:\/\/aleeknews.com\/4l33k5\/wp-json\/wp\/v2\/comments?post=24396"}],"version-history":[{"count":0,"href":"https:\/\/aleeknews.com\/4l33k5\/wp-json\/wp\/v2\/posts\/24396\/revisions"}],"wp:featuredmedia":[{"embeddable":true,"href":"https:\/\/aleeknews.com\/4l33k5\/wp-json\/wp\/v2\/media\/24397"}],"wp:attachment":[{"href":"https:\/\/aleeknews.com\/4l33k5\/wp-json\/wp\/v2\/media?parent=24396"}],"wp:term":[{"taxonomy":"category","embeddable":true,"href":"https:\/\/aleeknews.com\/4l33k5\/wp-json\/wp\/v2\/categories?post=24396"},{"taxonomy":"post_tag","embeddable":true,"href":"https:\/\/aleeknews.com\/4l33k5\/wp-json\/wp\/v2\/tags?post=24396"}],"curies":[{"name":"wp","href":"https:\/\/api.w.org\/{rel}","templated":true}]}}