{"id":24385,"date":"2026-05-01T06:43:31","date_gmt":"2026-05-01T10:43:31","guid":{"rendered":"https:\/\/aleeknews.com\/4l33k5\/2026\/05\/01\/afv-anuncia-118-38-millones-adicionales-en-creditos-y-fondos-federales-para-construir-vivienda-subsidiada-de-alquiler\/"},"modified":"2026-05-01T06:43:31","modified_gmt":"2026-05-01T10:43:31","slug":"afv-anuncia-118-38-millones-adicionales-en-creditos-y-fondos-federales-para-construir-vivienda-subsidiada-de-alquiler","status":"publish","type":"post","link":"https:\/\/aleeknews.com\/4l33k5\/2026\/05\/01\/afv-anuncia-118-38-millones-adicionales-en-creditos-y-fondos-federales-para-construir-vivienda-subsidiada-de-alquiler\/","title":{"rendered":"AFV anuncia $118.38 millones adicionales en cr\u00e9ditos y fondos federales para construir vivienda subsidiada de alquiler"},"content":{"rendered":"<div>\n<div data-fusion-lazy-id=\"f0f5G41E11Y61Ck\">\n<div data-testid=\"global-header-test\">\n<hr>\n<p><span>Bolsa de valores <b>10:43 AM<\/b><\/span><\/p>\n<\/div>\n<div data-testid=\"test-post-copy\">\n<div>\n<p>S&#038;P 500 &#8211; (CFD)<\/p>\n<p>7165.08<\/p>\n<p>0.8%<\/p>\n<\/div>\n<p><span> \u00b7 <\/span><\/p>\n<p><span> \u00b7 <\/span><\/p>\n<\/div>\n<\/div>\n<div>\n<div data-fusion-lazy-id=\"f0f9tfiOw0362nv\">\n<div class>\n<p><a href=\"https:\/\/thetrustproject.org\/\"><img decoding=\"async\" src=\"https:\/\/www.elnuevodia.com\/pf\/resources\/v2\/icons\/trust-icon.svg?d=229\"><\/a><\/p>\n<div>\n<p>Noticia<\/p>\n<div>\n<p>Basado en hechos que el periodista haya observado y verificado de primera mano, o en informaci\u00f3n verificada que proviene de fuentes bien informadas.<\/p>\n<\/div>\n<\/div>\n<\/div>\n<div>\n<h2>El total incluye cr\u00e9ditos y fondos federales que el sector privado apalanca para rehabilitar y desarrollar unidades a inquilinos de ingresos bajos<\/h2>\n<div>\n<p>30 de octubre de 2025 &#8211; 2:15 PM<\/p>\n<\/div>\n<div>\n<p><b>Archivo<\/b><\/p>\n<p>Esta historia fue publicada hace m\u00e1s de 6 meses.<\/p>\n<\/div>\n<\/div>\n<\/div>\n<div data-fusion-lazy-id=\"f0f8wxHIPTYNet\">\n<div><picture><source media=\"(max-width: 375px)\" ><source media=\"(max-width: 767px)\" ><source media=\"(max-width: 1023px)\" ><source ><\/picture><figcaption>Proyectos como la rehabilitaci\u00f3n de Mirador Las Casas, en San Juan, se realizan con combinaciones de cr\u00e9ditos y fondos federales, como los que anunci\u00f3 AFV. <span>(Xavier Ara\u00fajo)<\/span><\/figcaption><\/div>\n<div>\n<p><img decoding=\"async\" alt=\"Redacci\u00f3n El Nuevo D\u00eda\" src=\"https:\/\/www.elnuevodia.com\/resizer\/v2\/https%3A%2F%2Fs3.amazonaws.com%2Farc-authors%2Fgfrmedia%2F145c9c5d-db09-4b86-9ff1-e79fe50922de.png?auth=2373579377c73cdf235cc102f3fb85f18894a8e29945292302694e43fc083cf4&#038;quality=75&#038;smart=true&#038;width=170&#038;height=147\"><\/p>\n<p><span>Por <b><\/b><b>Redacci\u00f3n El Nuevo D\u00eda<\/b><\/span><\/p>\n<\/div>\n<div>\n<p>El director ejecutivo de la <b>Autoridad Para el Financiamiento de la Vivienda <\/b>(AFV), Ricardo \u00c1lvarez Barreto, anunci\u00f3 ayer mi\u00e9rcoles la publicaci\u00f3n de un Aviso de Disponibilidad de Fondos (NOFA, por sus siglas en ingl\u00e9s) que pone a disposici\u00f3n diversos programas de financiamiento para la construcci\u00f3n y rehabilitaci\u00f3n de vivienda de alquiler para familias de bajos ingresos. <\/p>\n<\/div>\n<\/div>\n<section>\n<header><span>Popular en la Comunidad<\/span><\/header>\n<\/section>\n<\/div>\n<\/div>\n\n    <div class=\"xs_social_share_widget xs_share_url after_content \t\tmain_content  wslu-style-1 wslu-share-box-shaped wslu-fill-colored wslu-none wslu-share-horizontal wslu-theme-font-no wslu-main_content\">\n\n\t\t\n        <ul>\n\t\t\t        <\/ul>\n    <\/div> \n","protected":false},"excerpt":{"rendered":"<p>Bolsa de valores 10:43 AM S&amp;P 500 &#8211; (CFD) 7165.08 0.8% \u00b7 \u00b7 Noticia Basado en hechos que el periodista haya observado y verificado de primera mano, o en informaci\u00f3n verificada que proviene de fuentes bien informadas. El total incluye cr\u00e9ditos y fondos federales que el sector privado apalanca para rehabilitar y desarrollar unidades a<\/p>\n","protected":false},"author":2,"featured_media":24386,"comment_status":"open","ping_status":"open","sticky":false,"template":"","format":"standard","meta":{"om_disable_all_campaigns":false,"_monsterinsights_skip_tracking":false,"_monsterinsights_sitenote_active":false,"_monsterinsights_sitenote_note":"","_monsterinsights_sitenote_category":0,"footnotes":""},"categories":[5],"tags":[],"class_list":["post-24385","post","type-post","status-publish","format-standard","has-post-thumbnail","hentry","category-negocios"],"aioseo_notices":[],"_links":{"self":[{"href":"https:\/\/aleeknews.com\/4l33k5\/wp-json\/wp\/v2\/posts\/24385","targetHints":{"allow":["GET"]}}],"collection":[{"href":"https:\/\/aleeknews.com\/4l33k5\/wp-json\/wp\/v2\/posts"}],"about":[{"href":"https:\/\/aleeknews.com\/4l33k5\/wp-json\/wp\/v2\/types\/post"}],"author":[{"embeddable":true,"href":"https:\/\/aleeknews.com\/4l33k5\/wp-json\/wp\/v2\/users\/2"}],"replies":[{"embeddable":true,"href":"https:\/\/aleeknews.com\/4l33k5\/wp-json\/wp\/v2\/comments?post=24385"}],"version-history":[{"count":0,"href":"https:\/\/aleeknews.com\/4l33k5\/wp-json\/wp\/v2\/posts\/24385\/revisions"}],"wp:featuredmedia":[{"embeddable":true,"href":"https:\/\/aleeknews.com\/4l33k5\/wp-json\/wp\/v2\/media\/24386"}],"wp:attachment":[{"href":"https:\/\/aleeknews.com\/4l33k5\/wp-json\/wp\/v2\/media?parent=24385"}],"wp:term":[{"taxonomy":"category","embeddable":true,"href":"https:\/\/aleeknews.com\/4l33k5\/wp-json\/wp\/v2\/categories?post=24385"},{"taxonomy":"post_tag","embeddable":true,"href":"https:\/\/aleeknews.com\/4l33k5\/wp-json\/wp\/v2\/tags?post=24385"}],"curies":[{"name":"wp","href":"https:\/\/api.w.org\/{rel}","templated":true}]}}