{"id":24382,"date":"2026-05-01T06:43:33","date_gmt":"2026-05-01T10:43:33","guid":{"rendered":"https:\/\/aleeknews.com\/4l33k5\/2026\/05\/01\/nuevo-intento-de-swain-para-poner-fin-a-la-quiebra-de-la-aee\/"},"modified":"2026-05-01T06:43:33","modified_gmt":"2026-05-01T10:43:33","slug":"nuevo-intento-de-swain-para-poner-fin-a-la-quiebra-de-la-aee","status":"publish","type":"post","link":"https:\/\/aleeknews.com\/4l33k5\/2026\/05\/01\/nuevo-intento-de-swain-para-poner-fin-a-la-quiebra-de-la-aee\/","title":{"rendered":"Nuevo intento de Swain para poner fin a la quiebra de la AEE"},"content":{"rendered":"<div>\n<div data-fusion-lazy-id=\"f0f5G41E11Y61Ck\">\n<div data-testid=\"global-header-test\">\n<hr>\n<p><span>Bolsa de valores <b>10:43 AM<\/b><\/span><\/p>\n<\/div>\n<div data-testid=\"test-post-copy\">\n<div>\n<p>S&#038;P 500 &#8211; (CFD)<\/p>\n<p>7165.08<\/p>\n<p>0.8%<\/p>\n<\/div>\n<p><span> \u00b7 <\/span><\/p>\n<p><span> \u00b7 <\/span><\/p>\n<\/div>\n<\/div>\n<div>\n<div data-fusion-lazy-id=\"f0f9tfiOw0362nv\">\n<div class>\n<p><a href=\"https:\/\/thetrustproject.org\/\"><img decoding=\"async\" src=\"https:\/\/www.elnuevodia.com\/pf\/resources\/v2\/icons\/trust-icon.svg?d=229\"><\/a><\/p>\n<div>\n<p>Noticia<\/p>\n<div>\n<p>Basado en hechos que el periodista haya observado y verificado de primera mano, o en informaci\u00f3n verificada que proviene de fuentes bien informadas.<\/p>\n<\/div>\n<\/div>\n<\/div>\n<div>\n<h2>La jueza da un mes para establecer el calendario del litigio de los gastos de la corporaci\u00f3n p\u00fablica, pero el gobierno advierte que no podr\u00e1 proveer evidencia en las pr\u00f3ximas semanas<\/h2>\n<div>\n<p>23 de octubre de 2025 &#8211; 11:10 PM<\/p>\n<\/div>\n<div>\n<p><b>Archivo<\/b><\/p>\n<p>Esta historia fue publicada hace m\u00e1s de 6 meses.<\/p>\n<\/div>\n<\/div>\n<\/div>\n<div data-fusion-lazy-id=\"f0f8wxHIPTYNet\">\n<div><picture><source media=\"(max-width: 375px)\" ><source media=\"(max-width: 767px)\" ><source media=\"(max-width: 1023px)\" ><source ><\/picture><figcaption>La jueza de distrito federal a cargo del proceso de bancarrota de Puerto Rico, Laura Taylor Swain, en una ilustraci\u00f3n de Miguel Bay\u00f3n. <span>(Miguel Bay\u00f3n)<\/span><\/figcaption><\/div>\n<div>\n<p><img decoding=\"async\" alt=\"Joanisabel Gonz\u00e1lez\" src=\"https:\/\/www.elnuevodia.com\/resizer\/v2\/https%3A%2F%2Fs3.amazonaws.com%2Farc-authors%2Fgfrmedia%2F519e605c-1da3-426e-978e-5e652738adf1.png?auth=8d263d6af8abe94089748accd0124578403acdfd27afb897f0302a06633c443d&#038;quality=75&#038;smart=true&#038;width=170&#038;height=147\"><\/p>\n<\/div>\n<div>\n<p>La jueza de distrito federal <a href=\"https:\/\/www.elnuevodia.com\/topicos\/laura-taylor-swain\" rel title=\"https:\/\/www.elnuevodia.com\/topicos\/laura-taylor-swain\">Laura Taylor Swain<\/a> dio un plazo de un mes a las distintas partes que intervienen en el proceso de quiebra de la <a href=\"https:\/\/www.elnuevodia.com\/topicos\/aee\" rel title=\"https:\/\/www.elnuevodia.com\/topicos\/aee\">Autoridad de Energ\u00eda El\u00e9ctrica<\/a> (AEE) para que estas se re\u00fanan y se decida, en definitiva, si contin\u00faan adelante con el litigio para analizar los gastos de la corporaci\u00f3n p\u00fablica o si en \u00faltima instancia, se desestima en el proceso de <a href=\"https:\/\/www.elnuevodia.com\/topicos\/titulo-iii\" rel title=\"https:\/\/www.elnuevodia.com\/topicos\/titulo-iii\">T\u00edtulo III<\/a> como reclaman los bonistas.<\/p>\n<\/div>\n<\/div>\n<section>\n<header><span>Popular en la Comunidad<\/span><\/header>\n<\/section>\n<\/div>\n<\/div>\n\n    <div class=\"xs_social_share_widget xs_share_url after_content \t\tmain_content  wslu-style-1 wslu-share-box-shaped wslu-fill-colored wslu-none wslu-share-horizontal wslu-theme-font-no wslu-main_content\">\n\n\t\t\n        <ul>\n\t\t\t        <\/ul>\n    <\/div> \n","protected":false},"excerpt":{"rendered":"<p>Bolsa de valores 10:43 AM S&amp;P 500 &#8211; (CFD) 7165.08 0.8% \u00b7 \u00b7 Noticia Basado en hechos que el periodista haya observado y verificado de primera mano, o en informaci\u00f3n verificada que proviene de fuentes bien informadas. La jueza da un mes para establecer el calendario del litigio de los gastos de la corporaci\u00f3n p\u00fablica<\/p>\n","protected":false},"author":2,"featured_media":24383,"comment_status":"open","ping_status":"open","sticky":false,"template":"","format":"standard","meta":{"om_disable_all_campaigns":false,"_monsterinsights_skip_tracking":false,"_monsterinsights_sitenote_active":false,"_monsterinsights_sitenote_note":"","_monsterinsights_sitenote_category":0,"footnotes":""},"categories":[5],"tags":[],"class_list":["post-24382","post","type-post","status-publish","format-standard","has-post-thumbnail","hentry","category-negocios"],"aioseo_notices":[],"_links":{"self":[{"href":"https:\/\/aleeknews.com\/4l33k5\/wp-json\/wp\/v2\/posts\/24382","targetHints":{"allow":["GET"]}}],"collection":[{"href":"https:\/\/aleeknews.com\/4l33k5\/wp-json\/wp\/v2\/posts"}],"about":[{"href":"https:\/\/aleeknews.com\/4l33k5\/wp-json\/wp\/v2\/types\/post"}],"author":[{"embeddable":true,"href":"https:\/\/aleeknews.com\/4l33k5\/wp-json\/wp\/v2\/users\/2"}],"replies":[{"embeddable":true,"href":"https:\/\/aleeknews.com\/4l33k5\/wp-json\/wp\/v2\/comments?post=24382"}],"version-history":[{"count":0,"href":"https:\/\/aleeknews.com\/4l33k5\/wp-json\/wp\/v2\/posts\/24382\/revisions"}],"wp:featuredmedia":[{"embeddable":true,"href":"https:\/\/aleeknews.com\/4l33k5\/wp-json\/wp\/v2\/media\/24383"}],"wp:attachment":[{"href":"https:\/\/aleeknews.com\/4l33k5\/wp-json\/wp\/v2\/media?parent=24382"}],"wp:term":[{"taxonomy":"category","embeddable":true,"href":"https:\/\/aleeknews.com\/4l33k5\/wp-json\/wp\/v2\/categories?post=24382"},{"taxonomy":"post_tag","embeddable":true,"href":"https:\/\/aleeknews.com\/4l33k5\/wp-json\/wp\/v2\/tags?post=24382"}],"curies":[{"name":"wp","href":"https:\/\/api.w.org\/{rel}","templated":true}]}}