{"id":24361,"date":"2026-05-01T06:42:46","date_gmt":"2026-05-01T10:42:46","guid":{"rendered":"https:\/\/aleeknews.com\/4l33k5\/2026\/05\/01\/en-menos-de-48-horas-otro-dron-paraliza-operaciones-en-aeropuerto-de-bogota\/"},"modified":"2026-05-01T06:42:46","modified_gmt":"2026-05-01T10:42:46","slug":"en-menos-de-48-horas-otro-dron-paraliza-operaciones-en-aeropuerto-de-bogota","status":"publish","type":"post","link":"https:\/\/aleeknews.com\/4l33k5\/2026\/05\/01\/en-menos-de-48-horas-otro-dron-paraliza-operaciones-en-aeropuerto-de-bogota\/","title":{"rendered":"En menos de 48 horas: otro dron paraliza operaciones en aeropuerto de Bogot\u00e1"},"content":{"rendered":"<div>\n<p>Un dron interrumpi\u00f3 este jueves, durante al menos 20 minutos, las operaciones en el <a href=\"https:\/\/www.elnuevodia.com\/topicos\/bogota\/\" target=\"_self\" rel title=\"https:\/\/www.elnuevodia.com\/topicos\/bogota\/\"><b>aeropuerto internacional El Dorado, de Bogot\u00e1<\/b><\/a><b>,<\/b> el segundo incidente de ese tipo en esa terminal luego de que el martes se suspendieran los despegues y aterrizajes por el avistamiento de otro veh\u00edculo a\u00e9reo no tripulado, inform\u00f3 la<b> <\/b><a href=\"https:\/\/www.elnuevodia.com\/topicos\/colombia\/\" target=\"_self\" rel title=\"https:\/\/www.elnuevodia.com\/topicos\/colombia\/\"><b>Aeron\u00e1utica Civil (Aerovicil)<\/b><\/a>.<\/p>\n<p>Seg\u00fan la autoridad aeron\u00e1utica, el dron fue detectado a las 5:20 hora local (10:20 GMT) en la localidad de Engativ\u00e1, que colinda con el aeropuerto, lo que activ\u00f3 los protocolos para garantizar la seguridad de tripulaciones y pasajeros.<\/p>\n<p><b>Como consecuencia, dos aviones comerciales tuvieron que realizar \u201cuna aproximaci\u00f3n frustrada\u201d hasta la pista del aeropuerto, una maniobra \u201cest\u00e1ndar que garantiza la seguridad operacional\u201d, asegur\u00f3 la Aerocivil.<\/b><\/p>\n<p><b>Las operaciones en El Dorado se mantuvieron paralizadas hasta las 5:44 hora local (10:44 GMT), agreg\u00f3 la informaci\u00f3n.<\/b><\/p>\n<p>Este es el segundo dron que interrumpe las operaciones de El Dorado en menos de 48 horas. El primero fue visto el martes, despu\u00e9s de las 18:30 hora local (23:30 GMT), sobre la plataforma internacional, lo que oblig\u00f3 a cancelar los despegues y aterrizajes por 45 minutos.<\/p>\n<p>En ambos casos, las operaciones a\u00e9reas fueron interrumpidas mientras se realizaban inspecciones y verificaciones del per\u00edmetro para descartar riesgos y, una vez superada la situaci\u00f3n, la terminal reanud\u00f3 sus actividades con normalidad.<\/p>\n<p><b>La entidad reiter\u00f3 que el uso de drones en zonas cercanas a aeropuertos est\u00e1 estrictamente prohibido por el riesgo que representa para la aviaci\u00f3n.<\/b><\/p>\n<p><b>Estos dos incidentes se suman a otros recientes que han puesto bajo escrutinio la seguridad operacional en El Dorado, principal aeropuerto de Colombia.<\/b><\/p>\n<p>Uno de los casos m\u00e1s relevantes ocurri\u00f3 el 13 de marzo pasado, cuando un helic\u00f3ptero militar ingres\u00f3 sin autorizaci\u00f3n a trayectorias activas en medio de operaciones comerciales.<\/p>\n<p>La Aerocivil concluy\u00f3 en su informe final que el hecho obedeci\u00f3 a una cadena de fallas en la comunicaci\u00f3n y en los procedimientos, lo que elev\u00f3 el riesgo de colisi\u00f3n y evidenci\u00f3 vac\u00edos en la gesti\u00f3n del tr\u00e1nsito a\u00e9reo.<\/p>\n<p>Un mes antes hab\u00eda ocurrido otro incidente en el mismo aeropuerto, cuando un Airbus A320 de Latam con 163 personas a bordo tuvo que abortar el despegue porque un helic\u00f3ptero de la Fuerza A\u00e9rea se cruz\u00f3 en su trayectoria.<\/p>\n<p><b>Adem\u00e1s, este mes un avi\u00f3n de Lufthansa y otro de Qatar Cargo que estaban en la maniobra de aterrizaje estuvieron a corta distancia al aproximarse a la pista. <\/b><\/p>\n<\/div>\n\n    <div class=\"xs_social_share_widget xs_share_url after_content \t\tmain_content  wslu-style-1 wslu-share-box-shaped wslu-fill-colored wslu-none wslu-share-horizontal wslu-theme-font-no wslu-main_content\">\n\n\t\t\n        <ul>\n\t\t\t        <\/ul>\n    <\/div> \n","protected":false},"excerpt":{"rendered":"<p>Un dron interrumpi\u00f3 este jueves, durante al menos 20 minutos, las operaciones en el aeropuerto internacional El Dorado, de Bogot\u00e1 , el segundo incidente de ese tipo en esa terminal luego de que el martes se suspendieran los despegues y aterrizajes por el avistamiento de otro veh\u00edculo a\u00e9reo no tripulado, inform\u00f3 la Aeron\u00e1utica Civil (Aerovicil)<\/p>\n","protected":false},"author":2,"featured_media":24362,"comment_status":"open","ping_status":"open","sticky":false,"template":"","format":"standard","meta":{"om_disable_all_campaigns":false,"_monsterinsights_skip_tracking":false,"_monsterinsights_sitenote_active":false,"_monsterinsights_sitenote_note":"","_monsterinsights_sitenote_category":0,"footnotes":""},"categories":[10],"tags":[],"class_list":["post-24361","post","type-post","status-publish","format-standard","has-post-thumbnail","hentry","category-mundo"],"aioseo_notices":[],"_links":{"self":[{"href":"https:\/\/aleeknews.com\/4l33k5\/wp-json\/wp\/v2\/posts\/24361","targetHints":{"allow":["GET"]}}],"collection":[{"href":"https:\/\/aleeknews.com\/4l33k5\/wp-json\/wp\/v2\/posts"}],"about":[{"href":"https:\/\/aleeknews.com\/4l33k5\/wp-json\/wp\/v2\/types\/post"}],"author":[{"embeddable":true,"href":"https:\/\/aleeknews.com\/4l33k5\/wp-json\/wp\/v2\/users\/2"}],"replies":[{"embeddable":true,"href":"https:\/\/aleeknews.com\/4l33k5\/wp-json\/wp\/v2\/comments?post=24361"}],"version-history":[{"count":0,"href":"https:\/\/aleeknews.com\/4l33k5\/wp-json\/wp\/v2\/posts\/24361\/revisions"}],"wp:featuredmedia":[{"embeddable":true,"href":"https:\/\/aleeknews.com\/4l33k5\/wp-json\/wp\/v2\/media\/24362"}],"wp:attachment":[{"href":"https:\/\/aleeknews.com\/4l33k5\/wp-json\/wp\/v2\/media?parent=24361"}],"wp:term":[{"taxonomy":"category","embeddable":true,"href":"https:\/\/aleeknews.com\/4l33k5\/wp-json\/wp\/v2\/categories?post=24361"},{"taxonomy":"post_tag","embeddable":true,"href":"https:\/\/aleeknews.com\/4l33k5\/wp-json\/wp\/v2\/tags?post=24361"}],"curies":[{"name":"wp","href":"https:\/\/api.w.org\/{rel}","templated":true}]}}