{"id":24359,"date":"2026-05-01T06:42:47","date_gmt":"2026-05-01T10:42:47","guid":{"rendered":"https:\/\/aleeknews.com\/4l33k5\/2026\/05\/01\/congreso-de-brasil-reduce-condena-de-27-anos-de-prision-de-jair-bolsonaro\/"},"modified":"2026-05-01T06:42:47","modified_gmt":"2026-05-01T10:42:47","slug":"congreso-de-brasil-reduce-condena-de-27-anos-de-prision-de-jair-bolsonaro","status":"publish","type":"post","link":"https:\/\/aleeknews.com\/4l33k5\/2026\/05\/01\/congreso-de-brasil-reduce-condena-de-27-anos-de-prision-de-jair-bolsonaro\/","title":{"rendered":"Congreso de Brasil reduce condena de 27 a\u00f1os de prisi\u00f3n de Jair Bolsonaro"},"content":{"rendered":"<div>\n<p>El Congreso de <a href=\"https:\/\/www.elnuevodia.com\/topicos\/brasil\/\" target=\"_blank\" rel=\"noreferrer\" title=\"https:\/\/www.elnuevodia.com\/topicos\/brasil\/\"><b>Brasil<\/b><\/a> redujo el jueves la condena de 27 a\u00f1os de prisi\u00f3n del expresidente <a href=\"https:\/\/www.elnuevodia.com\/topicos\/jair-bolsonaro\/\" target=\"_blank\" rel=\"noreferrer\" title=\"https:\/\/www.elnuevodia.com\/topicos\/jair-bolsonaro\/\"><b>Jair Bolsonaro<\/b><\/a>, una medida que probablemente ser\u00e1 apelada ante el Supremo Tribunal Federal del pa\u00eds.<\/p>\n<p>No est\u00e1 claro cu\u00e1nto tiempo cumplir\u00e1 Bolsonaro por su condena por encabezar un intento de golpe de Estado, pero analistas se\u00f1alan que la medida podr\u00eda recortar 20 a\u00f1os de su sentencia. El expresidente, que comenz\u00f3 a cumplirla en noviembre, se encuentra actualmente bajo arresto domiciliario.<\/p>\n<p>El presidente <a href=\"https:\/\/www.elnuevodia.com\/topicos\/luiz-inacio-lula-da-silva\/\" target=\"_blank\" rel=\"noreferrer\" title=\"https:\/\/www.elnuevodia.com\/topicos\/luiz-inacio-lula-da-silva\/\"><b>Luiz In\u00e1cio Lula da Silva<\/b><\/a> vet\u00f3 la iniciativa en diciembre. El Congreso anul\u00f3 el veto en una votaci\u00f3n en que varios legisladores de la oposici\u00f3n hicieron referencia a las elecciones de octubre.<\/p>\n<p><b>Lula busca la reelecci\u00f3n y su rival m\u00e1s ac\u00e9rrimo es el senador Fl\u00e1vio Bolsonaro, uno de los hijos del expresidente.<\/b><\/p>\n<p>El proyecto de ley aprobado por el Congreso reduce las penas de prisi\u00f3n para varios delitos, incluidos los cometidos contra el Estado democr\u00e1tico de derecho y el de encabezar un golpe de Estado.<\/p>\n<p>La medida tambi\u00e9n podr\u00eda beneficiar a simpatizantes de Bolsonaro que fueron condenados por cargos similares.<\/p>\n<div>\n<p><b>1 \/ 13 | <\/b><span> Masivo reclamo: as\u00ed protestaron miles de brasile\u00f1os contra proyecto que reducir\u00eda condena de Bolsonaro. Miles de brasile\u00f1os se manifestaron este domingo en varias ciudades del pa\u00eds contra el proyecto que avanza en el Congreso que busca reducir las penas del expresidente ultraderechista Jair Bolsonaro y de otros participantes en los actos golpistas ocurridos tras las elecciones de 2022.<\/span><i> &#8211; Isaac Fontana<\/i><\/p>\n<\/div>\n<\/div>\n\n    <div class=\"xs_social_share_widget xs_share_url after_content \t\tmain_content  wslu-style-1 wslu-share-box-shaped wslu-fill-colored wslu-none wslu-share-horizontal wslu-theme-font-no wslu-main_content\">\n\n\t\t\n        <ul>\n\t\t\t        <\/ul>\n    <\/div> \n","protected":false},"excerpt":{"rendered":"<p>El Congreso de Brasil redujo el jueves la condena de 27 a\u00f1os de prisi\u00f3n del expresidente Jair Bolsonaro , una medida que probablemente ser\u00e1 apelada ante el Supremo Tribunal Federal del pa\u00eds. No est\u00e1 claro cu\u00e1nto tiempo cumplir\u00e1 Bolsonaro por su condena por encabezar un intento de golpe de Estado, pero analistas se\u00f1alan que la<\/p>\n","protected":false},"author":2,"featured_media":24360,"comment_status":"open","ping_status":"open","sticky":false,"template":"","format":"standard","meta":{"om_disable_all_campaigns":false,"_monsterinsights_skip_tracking":false,"_monsterinsights_sitenote_active":false,"_monsterinsights_sitenote_note":"","_monsterinsights_sitenote_category":0,"footnotes":""},"categories":[10],"tags":[],"class_list":["post-24359","post","type-post","status-publish","format-standard","has-post-thumbnail","hentry","category-mundo"],"aioseo_notices":[],"_links":{"self":[{"href":"https:\/\/aleeknews.com\/4l33k5\/wp-json\/wp\/v2\/posts\/24359","targetHints":{"allow":["GET"]}}],"collection":[{"href":"https:\/\/aleeknews.com\/4l33k5\/wp-json\/wp\/v2\/posts"}],"about":[{"href":"https:\/\/aleeknews.com\/4l33k5\/wp-json\/wp\/v2\/types\/post"}],"author":[{"embeddable":true,"href":"https:\/\/aleeknews.com\/4l33k5\/wp-json\/wp\/v2\/users\/2"}],"replies":[{"embeddable":true,"href":"https:\/\/aleeknews.com\/4l33k5\/wp-json\/wp\/v2\/comments?post=24359"}],"version-history":[{"count":0,"href":"https:\/\/aleeknews.com\/4l33k5\/wp-json\/wp\/v2\/posts\/24359\/revisions"}],"wp:featuredmedia":[{"embeddable":true,"href":"https:\/\/aleeknews.com\/4l33k5\/wp-json\/wp\/v2\/media\/24360"}],"wp:attachment":[{"href":"https:\/\/aleeknews.com\/4l33k5\/wp-json\/wp\/v2\/media?parent=24359"}],"wp:term":[{"taxonomy":"category","embeddable":true,"href":"https:\/\/aleeknews.com\/4l33k5\/wp-json\/wp\/v2\/categories?post=24359"},{"taxonomy":"post_tag","embeddable":true,"href":"https:\/\/aleeknews.com\/4l33k5\/wp-json\/wp\/v2\/tags?post=24359"}],"curies":[{"name":"wp","href":"https:\/\/api.w.org\/{rel}","templated":true}]}}