{"id":24351,"date":"2026-05-01T04:43:09","date_gmt":"2026-05-01T08:43:09","guid":{"rendered":"https:\/\/aleeknews.com\/4l33k5\/2026\/05\/01\/opinion-eliminaran-la-marana-de-los-permisos\/"},"modified":"2026-05-01T04:43:09","modified_gmt":"2026-05-01T08:43:09","slug":"opinion-eliminaran-la-marana-de-los-permisos","status":"publish","type":"post","link":"https:\/\/aleeknews.com\/4l33k5\/2026\/05\/01\/opinion-eliminaran-la-marana-de-los-permisos\/","title":{"rendered":"Opini\u00f3n | \u00bfEliminar\u00e1n la mara\u00f1a de los permisos?"},"content":{"rendered":"<div>\n<div data-fusion-lazy-id=\"f0fW0AnQWGof2kd\">\n<div class>\n<p>Opini\u00f3n<\/p>\n<div>\n<p>Explica ideas y extrae conclusiones basadas en la interpretaci\u00f3n de hechos y datos.<\/p>\n<\/div>\n<\/div>\n<div>\n<h2>En Puerto Rico se ha confundido demasiadas veces la regulaci\u00f3n con la acumulaci\u00f3n de documentos, opina Nicol\u00e1s Ramos Gand\u00eda<\/h2>\n<div>\n<p>1 de mayo de 2026 &#8211; 10:50 PM<\/p>\n<\/div>\n<\/div>\n<div>\n<p>Las opiniones expresadas en este art\u00edculo son \u00fanicamente del autor y no reflejan las opiniones y creencias de El Nuevo D\u00eda o sus afiliados.<\/p>\n<\/div>\n<\/div>\n<div data-fusion-lazy-id=\"f0f0LDhCGuW61Yy\">\n<div><picture><source media=\"(max-width: 375px)\" ><source media=\"(max-width: 767px)\" ><source media=\"(max-width: 1023px)\" ><source ><\/picture><figcaption>En Puerto Rico se ha confundido demasiadas veces la regulaci\u00f3n con la acumulaci\u00f3n de documentos, opina Nicol\u00e1s Ramos Gand\u00eda <span>(Shutterstock)<\/span><\/figcaption><\/div>\n<div>\n<p>Puerto Rico lleva demasiados a\u00f1os atrapado en una mara\u00f1a improductiva. Todos coinciden en que el sistema de permisos es lento, fragmentado, intrincado e impredecible, pero cada intento de reforma termina reproduciendo, de una forma u otra, la misma tensi\u00f3n entre agilidad y control. Los dos proyectos que hoy dominan esta discusi\u00f3n parten de un diagn\u00f3stico parecido, pero ofrecen respuestas distintas. La discusi\u00f3n de fondo no deber\u00eda ser si el Gobierno interviene mucho o poco, sino si interviene, cuando corresponde, con sentido pr\u00e1ctico, inteligencia y certeza.<\/p>\n<\/div>\n<\/div>\n<div>\n<p><b>Gu\u00edas de Opini\u00f3n<\/b><\/p>\n<p>Las columnas deben enviarse a Gerardo Cordero: gerardo.cordero@gfrmedia.com. Las columnas tienen que ser de 300, 400 o 500 palabras. Al enviarnos su columna, el escritor concede a GFR Media una licencia exclusiva, perpetua, irrevocable, sublicenciable, mundial y libre de regal\u00edas para reproducir, copiar, distribuir, publicar, exhibir, preparar obras derivadas, traducir, sindicar, incluir en compilaciones u obras colectivas, y de cualquier otro modo de forma general utilizar su columna (en todo o en parte), sin reserva ni limitaci\u00f3n alguna, en cualquier medio (incluyendo pero sin limitarse, a las versiones impresas o digitales o en los sitios web o aplicaciones m\u00f3vil del peri\u00f3dico El Nuevo D\u00eda), forma, tecnolog\u00eda o m\u00e9todo conocido en el presente o que sea conocido, desarrollado o descubierto en el futuro. El autor acepta que GFR Media, LLC, podr\u00eda cobrar a los suscriptores las versiones digitales, sitios web o aplicaciones m\u00f3viles de GFR Media por el acceso a la columna. <\/p>\n<\/div>\n<section>\n<header><span>Popular en la Comunidad<\/span><\/header>\n<\/section>\n<\/div>\n\n    <div class=\"xs_social_share_widget xs_share_url after_content \t\tmain_content  wslu-style-1 wslu-share-box-shaped wslu-fill-colored wslu-none wslu-share-horizontal wslu-theme-font-no wslu-main_content\">\n\n\t\t\n        <ul>\n\t\t\t        <\/ul>\n    <\/div> \n","protected":false},"excerpt":{"rendered":"<p>Opini\u00f3n Explica ideas y extrae conclusiones basadas en la interpretaci\u00f3n de hechos y datos. En Puerto Rico se ha confundido demasiadas veces la regulaci\u00f3n con la acumulaci\u00f3n de documentos, opina Nicol\u00e1s Ramos Gand\u00eda 1 de mayo de 2026 &#8211; 10:50 PM Las opiniones expresadas en este art\u00edculo son \u00fanicamente del autor y no reflejan las<\/p>\n","protected":false},"author":2,"featured_media":24352,"comment_status":"open","ping_status":"open","sticky":false,"template":"","format":"standard","meta":{"om_disable_all_campaigns":false,"_monsterinsights_skip_tracking":false,"_monsterinsights_sitenote_active":false,"_monsterinsights_sitenote_note":"","_monsterinsights_sitenote_category":0,"footnotes":""},"categories":[30],"tags":[],"class_list":["post-24351","post","type-post","status-publish","format-standard","has-post-thumbnail","hentry","category-opinion"],"aioseo_notices":[],"_links":{"self":[{"href":"https:\/\/aleeknews.com\/4l33k5\/wp-json\/wp\/v2\/posts\/24351","targetHints":{"allow":["GET"]}}],"collection":[{"href":"https:\/\/aleeknews.com\/4l33k5\/wp-json\/wp\/v2\/posts"}],"about":[{"href":"https:\/\/aleeknews.com\/4l33k5\/wp-json\/wp\/v2\/types\/post"}],"author":[{"embeddable":true,"href":"https:\/\/aleeknews.com\/4l33k5\/wp-json\/wp\/v2\/users\/2"}],"replies":[{"embeddable":true,"href":"https:\/\/aleeknews.com\/4l33k5\/wp-json\/wp\/v2\/comments?post=24351"}],"version-history":[{"count":0,"href":"https:\/\/aleeknews.com\/4l33k5\/wp-json\/wp\/v2\/posts\/24351\/revisions"}],"wp:featuredmedia":[{"embeddable":true,"href":"https:\/\/aleeknews.com\/4l33k5\/wp-json\/wp\/v2\/media\/24352"}],"wp:attachment":[{"href":"https:\/\/aleeknews.com\/4l33k5\/wp-json\/wp\/v2\/media?parent=24351"}],"wp:term":[{"taxonomy":"category","embeddable":true,"href":"https:\/\/aleeknews.com\/4l33k5\/wp-json\/wp\/v2\/categories?post=24351"},{"taxonomy":"post_tag","embeddable":true,"href":"https:\/\/aleeknews.com\/4l33k5\/wp-json\/wp\/v2\/tags?post=24351"}],"curies":[{"name":"wp","href":"https:\/\/api.w.org\/{rel}","templated":true}]}}