{"id":24346,"date":"2026-04-30T12:42:55","date_gmt":"2026-04-30T16:42:55","guid":{"rendered":"https:\/\/aleeknews.com\/4l33k5\/2026\/04\/30\/entre-neblina-y-silencio-julianny-moyet-ortiz-presenta-el-camino-a-casa\/"},"modified":"2026-04-30T12:42:55","modified_gmt":"2026-04-30T16:42:55","slug":"entre-neblina-y-silencio-julianny-moyet-ortiz-presenta-el-camino-a-casa","status":"publish","type":"post","link":"https:\/\/aleeknews.com\/4l33k5\/2026\/04\/30\/entre-neblina-y-silencio-julianny-moyet-ortiz-presenta-el-camino-a-casa\/","title":{"rendered":"Entre neblina y silencio Julianny Moyet Ortiz presenta \u201cEl camino a casa\u201d"},"content":{"rendered":"<div>\n<p>Calma, quietud y serenidad apalabran la propuesta pict\u00f3rica de <b>Julianny Moyet Ortiz<\/b>, joven pintora utuade\u00f1a que ha cautivado la atenci\u00f3n de conocedores y coleccionistas de arte local con su mirada inusitada hacia el paisaje isle\u00f1o; mirada que invita a la reflexi\u00f3n \u00edntima y al sosiego. <\/p>\n<p>Ser\u00e1 con una veintena de sus trabajos m\u00e1s recientes que Moyet Ortiz debutar\u00e1 con la exhibici\u00f3n en solitario <b>\u201cEl camino a casa\u201d<\/b>, <b>en Galer\u00eda Petrus, el martes 5 de mayo de 2026 a las 6:30 p.m. <\/b><\/p>\n<p>Es a partir del paisaje que le regala su pueblo natal que la artista enfrenta el lienzo donde mediante trazos fluidos sugiere monta\u00f1as, \u00e1rboles, vegetaci\u00f3n y caminos rurales cubiertos por el velo h\u00famedo y apacible de la neblina.<\/p>\n<div>\n<figure><picture><source media=\"(max-width: 375px)\" ><source media=\"(max-width: 767px)\" ><source media=\"(max-width: 1023px)\" ><source ><img src=\"https:\/\/www.elnuevodia.com\/resizer\/v2\/FANAIBV7CVHY5C5SMW44EYI5TE.png?auth=8a0f824a061971b763a44dcf38ed8faff40a267d3771e5bd82bcd027286fc86a&#038;quality=75&#038;width=829&#038;smart=true\" alt=\"\"Lo desapercibido\", 30x30, de la artista puertorrique\u00f1a Julianny Moyet Ortiz.\" loading=\"eager\" fetchpriority=\"high\" decoding=\"sync\"><\/picture><figcaption>&#8220;Lo desapercibido&#8221;, 30&#215;30, de la artista puertorrique\u00f1a Julianny Moyet Ortiz. (Suministrada)<\/figcaption><\/figure>\n<\/div>\n<p>\u201c<b>Todas mis piezas est\u00e1n centradas en paisajes de Puerto Rico. Resido en Utuado y en todo mi entorno hay un r\u00edo o un cuerpo de agua presente.<\/b> Eso me facilita abstraer mis piezas de esos ambientes, por la neblina que se produce en estos cuerpos de agua, que incorporo en mis piezas mediante el acr\u00edlico aguado y con el que creo esos efectos acuosos\u201d, indic\u00f3 la pintora a trav\u00e9s de un comunicado.<b> \u201cLa neblina se apodera de la naturaleza y cambia su aspecto; esa es la sensaci\u00f3n que busco capturar. Intento obtener un paisaje dentro del mismo paisaje, como una suerte de espejismo\u201d. <\/b><\/p>\n<p>Precisamente, Moyet Ortiz plantea una mirada alterna al Caribe con la que se distancia de los colores brillantes y los altos contrastes de luz y sombra. Seg\u00fan la misiva de prensa, la artista retrata un Caribe a partir de una paleta casi monocrom\u00e1tica de rayos solares que intentan abrirse paso entre el agua suspendida en la atm\u00f3sfera para acariciar la superficie vegetal. <\/p>\n<p><b>\u201cEn efecto, hay personas que me sugieren que le a\u00f1ada m\u00e1s colores, m\u00e1s azul, pero esa no es mi visi\u00f3n. Estos paisajes provienen de las ma\u00f1anas de d\u00edas lluviosos en el campo\u201d<\/b>, asever\u00f3. <\/p>\n<p>Su modelo es elusivo. Moyet Ortiz lo persigue, tiene que salir a su encuentro. Se levanta muy temprano en busca de ese instante cuando el alba comienza a develar su objetivo. Puede que a esa hora otros duerman o se encuentren absortos en la rutina ma\u00f1anera como para detenerse a observar lo que para Julianny implica su musa. Tal vez por eso algunas personas no alcancen a distinguir de primera instancia lo que a la pintora le resulta cotidiano. <\/p>\n<p><b>\u201cSalgo muy temprano a fotografiar. Busco obtener la mayor cantidad posible de im\u00e1genes para capturar el movimiento de la neblina, c\u00f3mo interviene en la apariencia del paisaje\u201d<\/b>, explica. Debido a que trabaja en formato grande no se le hace factible practicar el plenairismo, algo que anhela y para lo cual reconoce tendr\u00eda que modificar la escala de sus piezas. Si hay un aspecto que provoca mayor asombro al detenerse ante una de sus pinturas es el logro del detalle fotogr\u00e1fico a partir de un trazo fluido con el medio diluido.<\/p>\n<div>\n<figure><picture><source media=\"(max-width: 375px)\" ><source media=\"(max-width: 767px)\" ><source media=\"(max-width: 1023px)\" ><source ><img src=\"https:\/\/www.elnuevodia.com\/resizer\/v2\/LNZB75HZMZHK5JQKX3JSKX4XHA.png?auth=0272704ea550a0105a322ddfb7c9abc73ae5293ca7a4054c537ffc4790b4e141&#038;quality=75&#038;width=829&#038;smart=true\" alt=\"\"Empa\u00f1ado\", 36x48, de la artista Julianny Moyet Ortiz.\" loading=\"eager\" fetchpriority=\"high\" decoding=\"sync\"><\/picture><figcaption>&#8220;Empa\u00f1ado&#8221;, 36&#215;48, de la artista Julianny Moyet Ortiz. (Suministrada)<\/figcaption><\/figure>\n<\/div>\n<p>El verde, ese color secundario situado entre el azul y el amarillo en el espectro luminoso, que evoca naturaleza, frescura, esperanza y equilibrio emocional y que transmite paz, provoca en Julianny Moyet Ortiz una especie de obsesi\u00f3n serena, que le impulsa a querer compartir con el espectador esa sensaci\u00f3n de plenitud ante un instante en el presente, el que se puede vivir ante una de sus pinturas. <\/p>\n<p><b>\u201cMe gusta comunicar esa sensaci\u00f3n de calma. Es inexplicable, me quedo en ese lugar y no me quiero ir; es lo que quiero comunicar, esa quietud, esa tranquilidad\u201d<\/b>, manifest\u00f3 la pintora. <\/p>\n<p>Fue la experiencia de abandonar su Utuado natal para insertarse en el paisaje urbano riopedrense, mientras completaba estudios en Artes Pl\u00e1sticas en la Universidad de Puerto Rico, lo que le permiti\u00f3 identificar su propuesta pict\u00f3rica, nacida del anhelo de capturar en el lienzo aquel paisaje que dejaba atr\u00e1s. <\/p>\n<p><b>\u201cLa distancia me acerc\u00f3 a mi identidad. En la universidad me conoc\u00edan como \u2018la de la monta\u00f1a que quiere regresar a la monta\u00f1a\u2019. Me enfoqu\u00e9 en la naturaleza. Me met\u00ed de lleno en ella. Llevaba mi paisaje conmigo\u201d,<\/b> enfatiz\u00f3. <\/p>\n<p>Moyet Ortiz es consciente de que, mediante su trabajo, captura un paisaje tan ef\u00edmero como la niebla misma, pues la naturaleza suele encontrarse en constante acecho del desarrollo y all\u00ed, donde hoy la artista observa verdor acariciado por un velo de humedad, ma\u00f1ana puede haber solo varilla, cemento y brea. <\/p>\n<p><b>\u201cEs algo que percibo cuando salgo de Utuado camino a San Juan; veo como el paisaje se va transformando en la carretera y me digo: \u2018se me est\u00e1 yendo la naturaleza, la estoy dejando all\u00e1 atr\u00e1s\u2019\u201d<\/b>, destac\u00f3 la pintora. \u201cOtro elemento que me atrae capturar en mi trabajo son las monta\u00f1as. Siento que quiz\u00e1s las personas no se detienen a apreciarlas. Las incluyo en mis piezas para que sirvan de recordatorio\u201d. <\/p>\n<p>Por otro lado, Moyet Ortiz valora la oportunidad que representa realizar una exposici\u00f3n en solitario en Galer\u00eda Petrus. <b>\u201cRealmente fue algo bien inesperado; todav\u00eda no me lo creo. Es una gran oportunidad pues, reconozco a los maestros que exhiben en Galer\u00eda Petrus y que Sylvia Villafa\u00f1e se haya fijado en mi trabajo no me lo esperaba y estoy muy agradecida\u201d<\/b>, destac\u00f3. <\/p>\n<p>Para esta exposici\u00f3n, la joven artista ha trabajado una veintena de piezas en formatos que van del 48\u201d x 48\u201d hasta alcanzar las 80\u201dx80\u201d. <\/p>\n<p><b>\u201cEl camino a casa\u201d abrir\u00e1 al p\u00fablico en la Galer\u00eda Petrus, el 5 de mayo de 2026, a las 6:30 p.m. <\/b><\/p>\n<p>La Galer\u00eda Petrus est\u00e1 localizada en el 726 de la calle Hoare, esquina Las Palmas, en Miramar. Para informaci\u00f3n, llame al 787-318-8993, escriba a <a href=\"mailto:info@petrusgallery.com\" rel><u>info@petrusgallery.com<\/u><\/a> o a trav\u00e9s de las redes sociales en Instagram y Facebook, bajo @galeriapetrus.<\/p>\n<\/div>\n\n    <div class=\"xs_social_share_widget xs_share_url after_content \t\tmain_content  wslu-style-1 wslu-share-box-shaped wslu-fill-colored wslu-none wslu-share-horizontal wslu-theme-font-no wslu-main_content\">\n\n\t\t\n        <ul>\n\t\t\t        <\/ul>\n    <\/div> \n","protected":false},"excerpt":{"rendered":"<p>Calma, quietud y serenidad apalabran la propuesta pict\u00f3rica de Julianny Moyet Ortiz, joven pintora utuade\u00f1a que ha cautivado la atenci\u00f3n de conocedores y coleccionistas de arte local con su mirada inusitada hacia el paisaje isle\u00f1o; mirada que invita a la reflexi\u00f3n \u00edntima y al sosiego. Ser\u00e1 con una veintena de sus trabajos m\u00e1s recientes que<\/p>\n","protected":false},"author":2,"featured_media":0,"comment_status":"open","ping_status":"open","sticky":false,"template":"","format":"standard","meta":{"om_disable_all_campaigns":false,"_monsterinsights_skip_tracking":false,"_monsterinsights_sitenote_active":false,"_monsterinsights_sitenote_note":"","_monsterinsights_sitenote_category":0,"footnotes":""},"categories":[48],"tags":[],"class_list":["post-24346","post","type-post","status-publish","format-standard","hentry","category-cultura"],"aioseo_notices":[],"_links":{"self":[{"href":"https:\/\/aleeknews.com\/4l33k5\/wp-json\/wp\/v2\/posts\/24346","targetHints":{"allow":["GET"]}}],"collection":[{"href":"https:\/\/aleeknews.com\/4l33k5\/wp-json\/wp\/v2\/posts"}],"about":[{"href":"https:\/\/aleeknews.com\/4l33k5\/wp-json\/wp\/v2\/types\/post"}],"author":[{"embeddable":true,"href":"https:\/\/aleeknews.com\/4l33k5\/wp-json\/wp\/v2\/users\/2"}],"replies":[{"embeddable":true,"href":"https:\/\/aleeknews.com\/4l33k5\/wp-json\/wp\/v2\/comments?post=24346"}],"version-history":[{"count":0,"href":"https:\/\/aleeknews.com\/4l33k5\/wp-json\/wp\/v2\/posts\/24346\/revisions"}],"wp:attachment":[{"href":"https:\/\/aleeknews.com\/4l33k5\/wp-json\/wp\/v2\/media?parent=24346"}],"wp:term":[{"taxonomy":"category","embeddable":true,"href":"https:\/\/aleeknews.com\/4l33k5\/wp-json\/wp\/v2\/categories?post=24346"},{"taxonomy":"post_tag","embeddable":true,"href":"https:\/\/aleeknews.com\/4l33k5\/wp-json\/wp\/v2\/tags?post=24346"}],"curies":[{"name":"wp","href":"https:\/\/api.w.org\/{rel}","templated":true}]}}