{"id":24341,"date":"2026-04-30T08:42:18","date_gmt":"2026-04-30T12:42:18","guid":{"rendered":"https:\/\/aleeknews.com\/4l33k5\/2026\/04\/30\/liz-lopez-y-su-hija-summer-daran-doble-vuelta-al-10k-del-teodoro-con-un-poderoso-mensaje\/"},"modified":"2026-04-30T08:42:18","modified_gmt":"2026-04-30T12:42:18","slug":"liz-lopez-y-su-hija-summer-daran-doble-vuelta-al-10k-del-teodoro-con-un-poderoso-mensaje","status":"publish","type":"post","link":"https:\/\/aleeknews.com\/4l33k5\/2026\/04\/30\/liz-lopez-y-su-hija-summer-daran-doble-vuelta-al-10k-del-teodoro-con-un-poderoso-mensaje\/","title":{"rendered":"Liz L\u00f3pez y su hija Summer dar\u00e1n doble vuelta al 10K del Teodoro con un poderoso mensaje"},"content":{"rendered":"<div>\n<div data-fusion-lazy-id=\"f0fQYcNoHQKSGL\">\n<div class>\n<p><a href=\"https:\/\/thetrustproject.org\/\"><img decoding=\"async\" src=\"https:\/\/www.elnuevodia.com\/pf\/resources\/v2\/icons\/trust-icon.svg?d=229\"><\/a><\/p>\n<div>\n<p>Noticia<\/p>\n<div>\n<p>Basado en hechos que el periodista haya observado y verificado de primera mano, o en informaci\u00f3n verificada que proviene de fuentes bien informadas.<\/p>\n<\/div>\n<\/div>\n<\/div>\n<div>\n<h2>Bajo el nombre \u201c2nda Vuelta &#8211; Todas las Almas Cuentan\u201d, se disponen a concienciar para \u201cno dejar a nadie atr\u00e1s\u201d <\/h2>\n<div>\n<p>30 de abril de 2026 &#8211; 11:10 PM<\/p>\n<\/div>\n<\/div>\n<\/div>\n<div data-fusion-lazy-id=\"f0fIYaQF9GLV14D\">\n<div><picture><source media=\"(max-width: 375px)\" ><source media=\"(max-width: 767px)\" ><source media=\"(max-width: 1023px)\" ><source ><\/picture><figcaption>Liz L\u00f3pez y Summer si disponen a realizar su propia haza\u00f1a dentro del Teodoro 10k, a celebrarse el pr\u00f3ximo s\u00e1bado 2 de mayo. <span>(alexis.cedeno)<\/span><\/figcaption><\/div>\n<div>\n<p><img decoding=\"async\" alt=\"Shakira Vargas Rodr\u00edguez\" src=\"https:\/\/www.elnuevodia.com\/resizer\/v2\/https%3A%2F%2Fs3.amazonaws.com%2Farc-authors%2Fgfrmedia%2Fee0dad8a-5507-41fa-980f-90ebba42359c.png?auth=aea4c68e30aa21d75182b660078ecb411cca95c066f2f67eba719f36f77612a1&#038;quality=75&#038;smart=true&#038;width=170&#038;height=147\"><\/p>\n<\/div>\n<div>\n<p>Para la triatleta <a href=\"https:\/\/www.elnuevodia.com\/estilos-de-vida\/bienestar\/notas\/liz-lopez-cumple-promesa-de-amor-a-su-hija-summer-y-narra-su-proceso-uno-de-mis-temores-mas-grandes-es-yo-faltarle\/?templateId=OTB2HAZL1TSY&#038;templateVariantId=OTVG58JHKTYQZ&#038;experienceID=EX6EM0NN2JJ3\" target=\"_blank\" rel=\"noreferrer\" title=\"https:\/\/www.elnuevodia.com\/estilos-de-vida\/bienestar\/notas\/liz-lopez-cumple-promesa-de-amor-a-su-hija-summer-y-narra-su-proceso-uno-de-mis-temores-mas-grandes-es-yo-faltarle\/?templateId=OTB2HAZL1TSY&#038;templateVariantId=OTVG58JHKTYQZ&#038;experienceID=EX6EM0NN2JJ3\"><b>Liz L\u00f3pez<\/b><\/a>, todas las almas cuentan. Sabe perfectamente lo que significa que cada quien siga con su vida y te dejen atr\u00e1s. As\u00ed le ocurri\u00f3 a su hija <b>Summer<\/b>, quien sufri\u00f3 un aparatoso accidente en la madrugada del 1 de enero de 2016, cuando conduc\u00eda hacia su casa. <\/p>\n<\/div>\n<\/div>\n<section>\n<header><span>Popular en la Comunidad<\/span><\/header>\n<\/section>\n<\/div>\n\n    <div class=\"xs_social_share_widget xs_share_url after_content \t\tmain_content  wslu-style-1 wslu-share-box-shaped wslu-fill-colored wslu-none wslu-share-horizontal wslu-theme-font-no wslu-main_content\">\n\n\t\t\n        <ul>\n\t\t\t        <\/ul>\n    <\/div> \n","protected":false},"excerpt":{"rendered":"<p>Noticia Basado en hechos que el periodista haya observado y verificado de primera mano, o en informaci\u00f3n verificada que proviene de fuentes bien informadas. Bajo el nombre \u201c2nda Vuelta &#8211; Todas las Almas Cuentan\u201d, se disponen a concienciar para \u201cno dejar a nadie atr\u00e1s\u201d 30 de abril de 2026 &#8211; 11:10 PM Liz L\u00f3pez y<\/p>\n","protected":false},"author":2,"featured_media":0,"comment_status":"open","ping_status":"open","sticky":false,"template":"","format":"standard","meta":{"om_disable_all_campaigns":false,"_monsterinsights_skip_tracking":false,"_monsterinsights_sitenote_active":false,"_monsterinsights_sitenote_note":"","_monsterinsights_sitenote_category":0,"footnotes":""},"categories":[38],"tags":[],"class_list":["post-24341","post","type-post","status-publish","format-standard","hentry","category-estilo-de-vida"],"aioseo_notices":[],"_links":{"self":[{"href":"https:\/\/aleeknews.com\/4l33k5\/wp-json\/wp\/v2\/posts\/24341","targetHints":{"allow":["GET"]}}],"collection":[{"href":"https:\/\/aleeknews.com\/4l33k5\/wp-json\/wp\/v2\/posts"}],"about":[{"href":"https:\/\/aleeknews.com\/4l33k5\/wp-json\/wp\/v2\/types\/post"}],"author":[{"embeddable":true,"href":"https:\/\/aleeknews.com\/4l33k5\/wp-json\/wp\/v2\/users\/2"}],"replies":[{"embeddable":true,"href":"https:\/\/aleeknews.com\/4l33k5\/wp-json\/wp\/v2\/comments?post=24341"}],"version-history":[{"count":0,"href":"https:\/\/aleeknews.com\/4l33k5\/wp-json\/wp\/v2\/posts\/24341\/revisions"}],"wp:attachment":[{"href":"https:\/\/aleeknews.com\/4l33k5\/wp-json\/wp\/v2\/media?parent=24341"}],"wp:term":[{"taxonomy":"category","embeddable":true,"href":"https:\/\/aleeknews.com\/4l33k5\/wp-json\/wp\/v2\/categories?post=24341"},{"taxonomy":"post_tag","embeddable":true,"href":"https:\/\/aleeknews.com\/4l33k5\/wp-json\/wp\/v2\/tags?post=24341"}],"curies":[{"name":"wp","href":"https:\/\/api.w.org\/{rel}","templated":true}]}}