{"id":24333,"date":"2026-04-30T06:42:59","date_gmt":"2026-04-30T10:42:59","guid":{"rendered":"https:\/\/aleeknews.com\/4l33k5\/2026\/04\/30\/jefe-de-la-ogpe-afirma-que-el-centro-de-amazon-en-dorado-ya-tiene-permiso-unico-aprobado-2\/"},"modified":"2026-04-30T06:42:59","modified_gmt":"2026-04-30T10:42:59","slug":"jefe-de-la-ogpe-afirma-que-el-centro-de-amazon-en-dorado-ya-tiene-permiso-unico-aprobado-2","status":"publish","type":"post","link":"https:\/\/aleeknews.com\/4l33k5\/2026\/04\/30\/jefe-de-la-ogpe-afirma-que-el-centro-de-amazon-en-dorado-ya-tiene-permiso-unico-aprobado-2\/","title":{"rendered":"Jefe de la OGPe afirma que el centro de Amazon en Dorado ya tiene permiso \u00fanico aprobado"},"content":{"rendered":"<div>\n<p><b>Tras inspecciones que requirieron \u201cacciones correctivas\u201d, el permiso \u00fanico para el Centro de Distribuci\u00f3n y Log\u00edstica de Amazon, en Dorado, \u201cfue aprobado el pasado 13 de abril de 2026\u2033, inform\u00f3 el secretario auxiliar de la Oficina de Gerencia de Permisos (OGPe), Norberto Almod\u00f3var V\u00e9lez.<\/b><\/p>\n<p>En declaraciones enviadas el mi\u00e9rcoles en la noche a <a href=\"https:\/\/www.elnuevodia.com\/negocios\/\" target=\"_blank\" rel title=\"https:\/\/www.elnuevodia.com\/negocios\/\"><b>El Nuevo D\u00eda<\/b><\/a>, el funcionario explic\u00f3 que el proceso incluy\u00f3 \u201cvarias visitas de inspecci\u00f3n\u201d, en las que se identificaron algunas fallas. <\/p>\n<p>\u201c<b>En el mejor \u00e1nimo de cooperar con la empresa se les orient\u00f3 de las acciones correctivas relacionadas con el cumplimiento de requerimientos del <\/b><a href=\"https:\/\/www.elnuevodia.com\/negocios\/construccion\/notas\/bomberos-aseguran-que-no-podrian-inspeccionar-proyectos-si-se-aprueba-el-proyecto-de-permisos\/\" target=\"_blank\" rel title=\"https:\/\/www.elnuevodia.com\/negocios\/construccion\/notas\/bomberos-aseguran-que-no-podrian-inspeccionar-proyectos-si-se-aprueba-el-proyecto-de-permisos\/\"><b>Negociado del Cuerpo de Bomberos <\/b><\/a><b>de Puerto Rico y el uso adecuado de extintores<\/b>\u201d, detall\u00f3 Almod\u00f3var V\u00e9lez. \u201cNo obstante, nuestro equipo de inspectores y oficiales, comprometido con la agilidad en los procesos de permisos, respondi\u00f3 dentro de los t\u00e9rminos establecidos\u201d. <\/p>\n<p>Seg\u00fan<a href=\"https:\/\/www.elnuevodia.com\/negocios\/empresas-comercios\/notas\/amazon-espera-por-su-permiso-de-uso-para-abrir-operaciones-en-dorado\/\" target=\"_blank\" rel title=\"https:\/\/www.elnuevodia.com\/negocios\/empresas-comercios\/notas\/amazon-espera-por-su-permiso-de-uso-para-abrir-operaciones-en-dorado\/\"> inform\u00f3 previamente<\/a> este medio,<b> la solicitud de permiso \u00fanico para el centro de Amazon se radic\u00f3 el 9 de abril. En el expediente digital de OGPe, el martes, 28 de abril esa solicitud aparec\u00eda a\u00fan en etapa de inspecci\u00f3n.<\/b><\/p>\n<p>El permiso \u00fanico -que combina permiso de uso con las autorizaciones del Cuerpo de Bomberos y la licencia sanitaria, si aplica-<b> es el \u00faltimo paso para que el due\u00f1o de un proyecto pueda comenzar operaciones. <\/b><\/p>\n<div>\n<p>Sin embargo, todav\u00eda est\u00e1 pendiente de cerrarse el permiso de solicitud de infraestructura a la <a href=\"https:\/\/www.elnuevodia.com\/topicos\/autoridad-de-carreteras-y-transportacion\/\" target=\"_blank\" rel=\"noreferrer\" title=\"https:\/\/www.elnuevodia.com\/topicos\/autoridad-de-carreteras-y-transportacion\/\">Autoridad de Carreteras y Transportaci\u00f3n<\/a> (ACT). <\/p>\n<\/div>\n<p>Seg\u00fan <a href=\"https:\/\/www.primerahora.com\/noticias\/consumo\/notas\/cuando-amazon-iniciara-operaciones-en-dorado\/\" target=\"_blank\" rel title=\"https:\/\/www.primerahora.com\/noticias\/consumo\/notas\/cuando-amazon-iniciara-operaciones-en-dorado\/\">inform\u00f3 Primera Hora<\/a> en marzo pasado, este paso incluye que la empresa costee un ensanche en la v\u00eda de acceso, para facilitar el tr\u00e1nsito de camiones a la nueva instalaci\u00f3n. <\/p>\n<p>\u201c<b>Queremos recalcar que estamos en la mejor disposici\u00f3n de asistir a la empresa, reconociendo la importancia de este paso significativo para lograr una apertura exitosa<\/b>, la cual es clave para el desarrollo econ\u00f3mico de la isla, la generaci\u00f3n de empleos y para seguir posicionando a Puerto Rico como un centro de distribuci\u00f3n\u201d, expres\u00f3 el secretario auxiliar de la OGPe, entidad adscrita al Departamento de Desarrollo Econ\u00f3mico y Comercio.<\/p>\n<p><b>Hasta la fecha, en el portal de OGPe se indica que la inversi\u00f3n en el desarrollo clasificado como \u201cproyecto estrat\u00e9gico\u201d se ha elevado a $37.27 millones, cifra que supera los $21.5 millones divulgados en los permisos obtenidos en 2024. <\/b><\/p>\n<div>\n<p><b>1 \/ 12 | <\/b><span> En la recta final la apertura de Amazon en Dorado. Fachada de la sede del primer centro de distribuci\u00f3n y log\u00edstica establecido por la compa\u00f1\u00eda Amazon en Puerto Rico, en Maguayo, Dorado. <\/span><i> &#8211; Carlos Rivera Giusti<\/i><\/p>\n<\/div>\n<p>El centro de log\u00edstica, cuya construcci\u00f3n ha liderado localmente la firma Aireko Construction, abarca cerca de 100,000 pies cuadrados (p2). <\/p>\n<p>El proyecto se realiz\u00f3 desde cero, pues se erigi\u00f3 en un lote vacante de 37.9 cuerdas, con f\u00e1cil acceso a la autopista PR-22.<\/p>\n<p>Cuando el exgobernador <a href=\"https:\/\/www.elnuevodia.com\/topicos\/pedro-pierluisi\" target=\"_self\" rel title=\"https:\/\/www.elnuevodia.com\/topicos\/pedro-pierluisi\">Pedro Pierluisi<\/a> particip\u00f3 de la ceremonia de primera piedra, trascendi\u00f3 que <a href=\"https:\/\/www.elnuevodia.com\/negocios\/bienes-raices\/notas\/amazon-comienza-a-construir-su-primer-centro-de-entregas-en-dorado\/?templateId=OTB2HAZL1TSY&#038;templateVariantId=OTVG58JHKTYQZ&#038;experienceID=EXRSL2YIUINN\" target=\"_blank\" rel=\"noreferrer\" title=\"https:\/\/www.elnuevodia.com\/negocios\/bienes-raices\/notas\/amazon-comienza-a-construir-su-primer-centro-de-entregas-en-dorado\/?templateId=OTB2HAZL1TSY&#038;templateVariantId=OTVG58JHKTYQZ&#038;experienceID=EXRSL2YIUINN\">el centro log\u00edstico<\/a> comenzar\u00eda operaciones entre finales de 2025 y principios de 2026.<\/p>\n<p>Aparte de la inversi\u00f3n en obras, la llegada f\u00edsica de Amazon a la isla requiri\u00f3 una inversi\u00f3n de $18.58 millones. En mayo del 2024, <b>la<\/b> <b>corporaci\u00f3n AMZL Puerto Rico compr\u00f3 el predio, seg\u00fan se refleja en los documentos p\u00fablicos del Registro de la Propiedad. <\/b>La corporaci\u00f3n vendedora fue Parque Dorado S.E. <\/p>\n<p>Cuando<b> El Nuevo D\u00eda<\/b> dio a conocer el desarrollo del Centro de Distribuci\u00f3n de Amazon, el ahora fenecido alcalde de Dorado, Carlos L\u00f3pez, asever\u00f3 que el proyecto no fue producto del azar. <\/p>\n<p>Sostuvo que dentro de la planificaci\u00f3n denominada Dorado 2035 &#8220;<b>estimulamos que due\u00f1os de terrenos pudieran desarrollar proyectos que incentiven el empleo y el desarrollo econ\u00f3mico de nuestro pueblo&#8221;.<\/b><\/p>\n<\/div>\n\n    <div class=\"xs_social_share_widget xs_share_url after_content \t\tmain_content  wslu-style-1 wslu-share-box-shaped wslu-fill-colored wslu-none wslu-share-horizontal wslu-theme-font-no wslu-main_content\">\n\n\t\t\n        <ul>\n\t\t\t        <\/ul>\n    <\/div> \n","protected":false},"excerpt":{"rendered":"<p>Tras inspecciones que requirieron \u201cacciones correctivas\u201d, el permiso \u00fanico para el Centro de Distribuci\u00f3n y Log\u00edstica de Amazon, en Dorado, \u201cfue aprobado el pasado 13 de abril de 2026\u2033, inform\u00f3 el secretario auxiliar de la Oficina de Gerencia de Permisos (OGPe), Norberto Almod\u00f3var V\u00e9lez. En declaraciones enviadas el mi\u00e9rcoles en la noche a El Nuevo<\/p>\n","protected":false},"author":2,"featured_media":24330,"comment_status":"open","ping_status":"open","sticky":false,"template":"","format":"standard","meta":{"om_disable_all_campaigns":false,"_monsterinsights_skip_tracking":false,"_monsterinsights_sitenote_active":false,"_monsterinsights_sitenote_note":"","_monsterinsights_sitenote_category":0,"footnotes":""},"categories":[5],"tags":[],"class_list":["post-24333","post","type-post","status-publish","format-standard","has-post-thumbnail","hentry","category-negocios"],"aioseo_notices":[],"_links":{"self":[{"href":"https:\/\/aleeknews.com\/4l33k5\/wp-json\/wp\/v2\/posts\/24333","targetHints":{"allow":["GET"]}}],"collection":[{"href":"https:\/\/aleeknews.com\/4l33k5\/wp-json\/wp\/v2\/posts"}],"about":[{"href":"https:\/\/aleeknews.com\/4l33k5\/wp-json\/wp\/v2\/types\/post"}],"author":[{"embeddable":true,"href":"https:\/\/aleeknews.com\/4l33k5\/wp-json\/wp\/v2\/users\/2"}],"replies":[{"embeddable":true,"href":"https:\/\/aleeknews.com\/4l33k5\/wp-json\/wp\/v2\/comments?post=24333"}],"version-history":[{"count":0,"href":"https:\/\/aleeknews.com\/4l33k5\/wp-json\/wp\/v2\/posts\/24333\/revisions"}],"wp:featuredmedia":[{"embeddable":true,"href":"https:\/\/aleeknews.com\/4l33k5\/wp-json\/wp\/v2\/media\/24330"}],"wp:attachment":[{"href":"https:\/\/aleeknews.com\/4l33k5\/wp-json\/wp\/v2\/media?parent=24333"}],"wp:term":[{"taxonomy":"category","embeddable":true,"href":"https:\/\/aleeknews.com\/4l33k5\/wp-json\/wp\/v2\/categories?post=24333"},{"taxonomy":"post_tag","embeddable":true,"href":"https:\/\/aleeknews.com\/4l33k5\/wp-json\/wp\/v2\/tags?post=24333"}],"curies":[{"name":"wp","href":"https:\/\/api.w.org\/{rel}","templated":true}]}}