{"id":24327,"date":"2026-04-30T06:43:03","date_gmt":"2026-04-30T10:43:03","guid":{"rendered":"https:\/\/aleeknews.com\/4l33k5\/2026\/04\/30\/comienza-la-construccion-de-la-torre-de-lujo-opus-miramar\/"},"modified":"2026-04-30T06:43:03","modified_gmt":"2026-04-30T10:43:03","slug":"comienza-la-construccion-de-la-torre-de-lujo-opus-miramar","status":"publish","type":"post","link":"https:\/\/aleeknews.com\/4l33k5\/2026\/04\/30\/comienza-la-construccion-de-la-torre-de-lujo-opus-miramar\/","title":{"rendered":"Comienza la construcci\u00f3n de la torre de lujo Opus Miramar"},"content":{"rendered":"<div>\n<div data-fusion-lazy-id=\"f0f5G41E11Y61Ck\">\n<div data-testid=\"global-header-test\">\n<hr>\n<p><span>Bolsa de valores <b>10:36 AM<\/b><\/span><\/p>\n<\/div>\n<div data-testid=\"test-post-copy\">\n<div>\n<p>S&#038;P 500 &#8211; (CFD)<\/p>\n<p>7165.08<\/p>\n<p>0.8%<\/p>\n<\/div>\n<p><span> \u00b7 <\/span><\/p>\n<p><span> \u00b7 <\/span><\/p>\n<\/div>\n<\/div>\n<div>\n<div data-fusion-lazy-id=\"f0f9tfiOw0362nv\">\n<div class>\n<p><a href=\"https:\/\/thetrustproject.org\/\"><img decoding=\"async\" src=\"https:\/\/www.elnuevodia.com\/pf\/resources\/v2\/icons\/trust-icon.svg?d=229\"><\/a><\/p>\n<div>\n<p>Entrevista<\/p>\n<div>\n<p>Intercambio para ofrecer una perspectiva relevante, que ha sido revisada para mayor claridad, pero no del todo verificada.<\/p>\n<\/div>\n<\/div>\n<\/div>\n<div>\n<h2>Casi el 40% de las unidades en el complejo residencial en el Distrito de Convenciones ya tiene comprador<\/h2>\n<div>\n<p>30 de abril de 2026 &#8211; 11:10 PM<\/p>\n<\/div>\n<\/div>\n<\/div>\n<div data-fusion-lazy-id=\"f0f8wxHIPTYNet\">\n<div><picture><source media=\"(max-width: 375px)\" ><source media=\"(max-width: 767px)\" ><source media=\"(max-width: 1023px)\" ><source ><\/picture><figcaption>El\u00a0arquitecto\u00a0Segundo Cardona, dise\u00f1ador del proyecto Opus Miramar en el Distrito de Convenciones, asever\u00f3 que, hasta el momento, la mayor\u00eda de los compradores del proyecto de lujo son locales.  <span>(Xavier Ara\u00fajo)<\/span><\/figcaption><\/div>\n<div>\n<p><img decoding=\"async\" alt=\"Jos\u00e9 Orlando Delgado Rivera\" src=\"https:\/\/www.elnuevodia.com\/resizer\/v2\/https%3A%2F%2Fauthor-service-images-prod-us-east-1.publishing.aws.arc.pub%2Fgfrmedia%2F2b8b5e66-e7c1-4688-835e-191edae0ddfc.png?auth=5b4a7e8f482dddd87f58128de8eceac558550d1b57d5661fab3e195e38c75053&#038;quality=75&#038;smart=true&#038;width=170&#038;height=147\"><\/p>\n<\/div>\n<div>\n<p><a href=\"https:\/\/www.elnuevodia.com\/negocios\/turismo\/notas\/consumada-la-venta-de-dos-parcelas-en-el-distrito-de-convenciones-para-vivienda-de-lujo\/\" target=\"_blank\" rel=\"noreferrer\" title=\"https:\/\/www.elnuevodia.com\/negocios\/turismo\/notas\/consumada-la-venta-de-dos-parcelas-en-el-distrito-de-convenciones-para-vivienda-de-lujo\/\">Opus Miramar <\/a>-el primer proyecto exclusivamente residencial en el Distrito de Convenciones- iniciar\u00e1 construcci\u00f3n este jueves, con una inversi\u00f3n ascendente a $80 millones.<\/p>\n<\/div>\n<\/div>\n<section>\n<header><span>Popular en la Comunidad<\/span><\/header>\n<\/section>\n<\/div>\n<\/div>\n\n    <div class=\"xs_social_share_widget xs_share_url after_content \t\tmain_content  wslu-style-1 wslu-share-box-shaped wslu-fill-colored wslu-none wslu-share-horizontal wslu-theme-font-no wslu-main_content\">\n\n\t\t\n        <ul>\n\t\t\t        <\/ul>\n    <\/div> \n","protected":false},"excerpt":{"rendered":"<p>Bolsa de valores 10:36 AM S&amp;P 500 &#8211; (CFD) 7165.08 0.8% \u00b7 \u00b7 Entrevista Intercambio para ofrecer una perspectiva relevante, que ha sido revisada para mayor claridad, pero no del todo verificada. Casi el 40% de las unidades en el complejo residencial en el Distrito de Convenciones ya tiene comprador 30 de abril de 2026<\/p>\n","protected":false},"author":2,"featured_media":24328,"comment_status":"open","ping_status":"open","sticky":false,"template":"","format":"standard","meta":{"om_disable_all_campaigns":false,"_monsterinsights_skip_tracking":false,"_monsterinsights_sitenote_active":false,"_monsterinsights_sitenote_note":"","_monsterinsights_sitenote_category":0,"footnotes":""},"categories":[5],"tags":[],"class_list":["post-24327","post","type-post","status-publish","format-standard","has-post-thumbnail","hentry","category-negocios"],"aioseo_notices":[],"_links":{"self":[{"href":"https:\/\/aleeknews.com\/4l33k5\/wp-json\/wp\/v2\/posts\/24327","targetHints":{"allow":["GET"]}}],"collection":[{"href":"https:\/\/aleeknews.com\/4l33k5\/wp-json\/wp\/v2\/posts"}],"about":[{"href":"https:\/\/aleeknews.com\/4l33k5\/wp-json\/wp\/v2\/types\/post"}],"author":[{"embeddable":true,"href":"https:\/\/aleeknews.com\/4l33k5\/wp-json\/wp\/v2\/users\/2"}],"replies":[{"embeddable":true,"href":"https:\/\/aleeknews.com\/4l33k5\/wp-json\/wp\/v2\/comments?post=24327"}],"version-history":[{"count":0,"href":"https:\/\/aleeknews.com\/4l33k5\/wp-json\/wp\/v2\/posts\/24327\/revisions"}],"wp:featuredmedia":[{"embeddable":true,"href":"https:\/\/aleeknews.com\/4l33k5\/wp-json\/wp\/v2\/media\/24328"}],"wp:attachment":[{"href":"https:\/\/aleeknews.com\/4l33k5\/wp-json\/wp\/v2\/media?parent=24327"}],"wp:term":[{"taxonomy":"category","embeddable":true,"href":"https:\/\/aleeknews.com\/4l33k5\/wp-json\/wp\/v2\/categories?post=24327"},{"taxonomy":"post_tag","embeddable":true,"href":"https:\/\/aleeknews.com\/4l33k5\/wp-json\/wp\/v2\/tags?post=24327"}],"curies":[{"name":"wp","href":"https:\/\/api.w.org\/{rel}","templated":true}]}}