{"id":24316,"date":"2026-04-30T06:42:08","date_gmt":"2026-04-30T10:42:08","guid":{"rendered":"https:\/\/aleeknews.com\/4l33k5\/2026\/04\/30\/portaaviones-y-destructor-de-estados-unidos-llegan-a-aguas-de-panama-para-ejercicio-maritimo-multinacional\/"},"modified":"2026-04-30T06:42:08","modified_gmt":"2026-04-30T10:42:08","slug":"portaaviones-y-destructor-de-estados-unidos-llegan-a-aguas-de-panama-para-ejercicio-maritimo-multinacional","status":"publish","type":"post","link":"https:\/\/aleeknews.com\/4l33k5\/2026\/04\/30\/portaaviones-y-destructor-de-estados-unidos-llegan-a-aguas-de-panama-para-ejercicio-maritimo-multinacional\/","title":{"rendered":"Portaaviones y destructor de Estados Unidos llegan a aguas de Panam\u00e1 para ejercicio mar\u00edtimo multinacional"},"content":{"rendered":"<div>\n<div data-fusion-lazy-id=\"f0fQYcNoHQKSGL\">\n<div class>\n<p><a href=\"https:\/\/thetrustproject.org\/\"><img decoding=\"async\" src=\"https:\/\/www.elnuevodia.com\/pf\/resources\/v2\/icons\/trust-icon.svg?d=229\"><\/a><\/p>\n<div>\n<p>Servicio de noticias<\/p>\n<div>\n<p>Producido externamente por una organizaci\u00f3n que confiamos cumple con las normas period\u00edsticas.<\/p>\n<\/div>\n<\/div>\n<\/div>\n<div>\n<h2>Es la primera vez en m\u00e1s de 50 a\u00f1os que un portaaviones estadounidense visita aguas paname\u00f1as en la entrada del canal interoce\u00e1nico<\/h2>\n<div>\n<p>31 de marzo de 2026 &#8211; 10:08 PM<\/p>\n<\/div>\n<div>\n<p><b>Archivo<\/b><\/p>\n<p>Esta historia fue publicada hace m\u00e1s de 1 mes.<\/p>\n<\/div>\n<\/div>\n<\/div>\n<div data-fusion-lazy-id=\"f0fIYaQF9GLV14D\">\n<div><picture><source media=\"(max-width: 375px)\" ><source media=\"(max-width: 767px)\" ><source media=\"(max-width: 1023px)\" ><source ><\/picture><figcaption>Un trabajador se\u00f1ala el portaaviones de la Armada estadounidense USS Nimitz atracando en el Golfo de Panam\u00e1, el lunes 30 de marzo de 2026. <span>(The Associated Press)<\/span><\/figcaption><\/div>\n<div>\n<p><span>Por <b><\/b><b>The Associated Press<\/b><\/span><\/p>\n<p><span>Agencia de noticias<\/span><\/p>\n<\/div>\n<div>\n<p><b>El portaaviones estadounidense USS Nimitz y el destructor USS Gridley llegaron a aguas paname\u00f1as<\/b> como parte de unos ejercicios de cooperaci\u00f3n mar\u00edtima multinacional en la regi\u00f3n.<\/p>\n<\/div>\n<\/div>\n<section>\n<header><span>Popular en la Comunidad<\/span><\/header>\n<\/section>\n<\/div>\n\n    <div class=\"xs_social_share_widget xs_share_url after_content \t\tmain_content  wslu-style-1 wslu-share-box-shaped wslu-fill-colored wslu-none wslu-share-horizontal wslu-theme-font-no wslu-main_content\">\n\n\t\t\n        <ul>\n\t\t\t        <\/ul>\n    <\/div> \n","protected":false},"excerpt":{"rendered":"<p>Servicio de noticias Producido externamente por una organizaci\u00f3n que confiamos cumple con las normas period\u00edsticas. Es la primera vez en m\u00e1s de 50 a\u00f1os que un portaaviones estadounidense visita aguas paname\u00f1as en la entrada del canal interoce\u00e1nico 31 de marzo de 2026 &#8211; 10:08 PM Archivo Esta historia fue publicada hace m\u00e1s de 1 mes.<\/p>\n","protected":false},"author":2,"featured_media":24317,"comment_status":"open","ping_status":"open","sticky":false,"template":"","format":"standard","meta":{"om_disable_all_campaigns":false,"_monsterinsights_skip_tracking":false,"_monsterinsights_sitenote_active":false,"_monsterinsights_sitenote_note":"","_monsterinsights_sitenote_category":0,"footnotes":""},"categories":[10],"tags":[],"class_list":["post-24316","post","type-post","status-publish","format-standard","has-post-thumbnail","hentry","category-mundo"],"aioseo_notices":[],"_links":{"self":[{"href":"https:\/\/aleeknews.com\/4l33k5\/wp-json\/wp\/v2\/posts\/24316","targetHints":{"allow":["GET"]}}],"collection":[{"href":"https:\/\/aleeknews.com\/4l33k5\/wp-json\/wp\/v2\/posts"}],"about":[{"href":"https:\/\/aleeknews.com\/4l33k5\/wp-json\/wp\/v2\/types\/post"}],"author":[{"embeddable":true,"href":"https:\/\/aleeknews.com\/4l33k5\/wp-json\/wp\/v2\/users\/2"}],"replies":[{"embeddable":true,"href":"https:\/\/aleeknews.com\/4l33k5\/wp-json\/wp\/v2\/comments?post=24316"}],"version-history":[{"count":0,"href":"https:\/\/aleeknews.com\/4l33k5\/wp-json\/wp\/v2\/posts\/24316\/revisions"}],"wp:featuredmedia":[{"embeddable":true,"href":"https:\/\/aleeknews.com\/4l33k5\/wp-json\/wp\/v2\/media\/24317"}],"wp:attachment":[{"href":"https:\/\/aleeknews.com\/4l33k5\/wp-json\/wp\/v2\/media?parent=24316"}],"wp:term":[{"taxonomy":"category","embeddable":true,"href":"https:\/\/aleeknews.com\/4l33k5\/wp-json\/wp\/v2\/categories?post=24316"},{"taxonomy":"post_tag","embeddable":true,"href":"https:\/\/aleeknews.com\/4l33k5\/wp-json\/wp\/v2\/tags?post=24316"}],"curies":[{"name":"wp","href":"https:\/\/api.w.org\/{rel}","templated":true}]}}