{"id":24310,"date":"2026-04-30T05:42:24","date_gmt":"2026-04-30T09:42:24","guid":{"rendered":"https:\/\/aleeknews.com\/4l33k5\/2026\/04\/30\/borron-y-cuenta-nueva-edgar-berlanga-se-juega-su-futuro-junto-a-zuffa-boxing\/"},"modified":"2026-04-30T05:42:24","modified_gmt":"2026-04-30T09:42:24","slug":"borron-y-cuenta-nueva-edgar-berlanga-se-juega-su-futuro-junto-a-zuffa-boxing","status":"publish","type":"post","link":"https:\/\/aleeknews.com\/4l33k5\/2026\/04\/30\/borron-y-cuenta-nueva-edgar-berlanga-se-juega-su-futuro-junto-a-zuffa-boxing\/","title":{"rendered":"Borr\u00f3n y cuenta nueva: Edgar Berlanga se juega su futuro junto a Zuffa Boxing"},"content":{"rendered":"<div>\n<div data-fusion-lazy-id=\"f0fQYcNoHQKSGL\">\n<div class>\n<p><a href=\"https:\/\/thetrustproject.org\/\"><img decoding=\"async\" src=\"https:\/\/www.elnuevodia.com\/pf\/resources\/v2\/icons\/trust-icon.svg?d=229\"><\/a><\/p>\n<div>\n<p>Entrevista<\/p>\n<div>\n<p>Intercambio para ofrecer una perspectiva relevante, que ha sido revisada para mayor claridad, pero no del todo verificada.<\/p>\n<\/div>\n<\/div>\n<\/div>\n<div>\n<h2>El p\u00fagil puertorrique\u00f1o asegur\u00f3 que su alianza con la promotora de Dana White responde a un plan claro para enfrentar a la \u00e9lite de las 168 libras<\/h2>\n<div>\n<p>30 de abril de 2026 &#8211; 11:10 PM<\/p>\n<\/div>\n<\/div>\n<\/div>\n<div data-fusion-lazy-id=\"f0fIYaQF9GLV14D\">\n<div><picture><source media=\"(max-width: 375px)\" ><source media=\"(max-width: 767px)\" ><source media=\"(max-width: 1023px)\" ><source ><\/picture><figcaption>Edgar Berlanga indic\u00f3 que el contrato con Zuffa Boxing tendr\u00e1 una duraci\u00f3n de tres a\u00f1os. Su primer compromiso del acuerdo debe ser en julio pr\u00f3ximo. <span>(Xavier Ara\u00fajo)<\/span><\/figcaption><\/div>\n<div>\n<p><img decoding=\"async\" alt=\"Sara Del Valle Hern\u00e1ndez\" src=\"https:\/\/www.elnuevodia.com\/resizer\/v2\/https%3A%2F%2Fs3.amazonaws.com%2Farc-authors%2Fgfrmedia%2F8bb566c5-e37a-428e-8537-da99f2281360.png?auth=6614bedc64c52f42e3d2106fe6294e3bc13be67dadbf396b97c647edd0dc2966&#038;quality=75&#038;smart=true&#038;width=170&#038;height=147\"><\/p>\n<\/div>\n<div>\n<p><a href=\"https:\/\/www.elnuevodia.com\/topicos\/edgar-berlanga\/\" target=\"_self\" rel title=\"https:\/\/www.elnuevodia.com\/topicos\/edgar-berlanga\/\"><b>Edgar Berlanga<\/b><\/a> encara una nueva etapa profesional con entusiasmo renovado y la mira puesta en consolidarse entre la \u00e9lite del boxeo, convencido de que las decisiones que ha tomado en esta fase de su carrera lo acercar\u00e1n a su meta de convertirse en campe\u00f3n mundial.<\/p>\n<\/div>\n<\/div>\n<section>\n<header><span>Popular en la Comunidad<\/span><\/header>\n<\/section>\n<\/div>\n\n    <div class=\"xs_social_share_widget xs_share_url after_content \t\tmain_content  wslu-style-1 wslu-share-box-shaped wslu-fill-colored wslu-none wslu-share-horizontal wslu-theme-font-no wslu-main_content\">\n\n\t\t\n        <ul>\n\t\t\t        <\/ul>\n    <\/div> \n","protected":false},"excerpt":{"rendered":"<p>Entrevista Intercambio para ofrecer una perspectiva relevante, que ha sido revisada para mayor claridad, pero no del todo verificada. El p\u00fagil puertorrique\u00f1o asegur\u00f3 que su alianza con la promotora de Dana White responde a un plan claro para enfrentar a la \u00e9lite de las 168 libras 30 de abril de 2026 &#8211; 11:10 PM Edgar<\/p>\n","protected":false},"author":2,"featured_media":24311,"comment_status":"open","ping_status":"open","sticky":false,"template":"","format":"standard","meta":{"om_disable_all_campaigns":false,"_monsterinsights_skip_tracking":false,"_monsterinsights_sitenote_active":false,"_monsterinsights_sitenote_note":"","_monsterinsights_sitenote_category":0,"footnotes":""},"categories":[7],"tags":[],"class_list":["post-24310","post","type-post","status-publish","format-standard","has-post-thumbnail","hentry","category-deportes"],"aioseo_notices":[],"_links":{"self":[{"href":"https:\/\/aleeknews.com\/4l33k5\/wp-json\/wp\/v2\/posts\/24310","targetHints":{"allow":["GET"]}}],"collection":[{"href":"https:\/\/aleeknews.com\/4l33k5\/wp-json\/wp\/v2\/posts"}],"about":[{"href":"https:\/\/aleeknews.com\/4l33k5\/wp-json\/wp\/v2\/types\/post"}],"author":[{"embeddable":true,"href":"https:\/\/aleeknews.com\/4l33k5\/wp-json\/wp\/v2\/users\/2"}],"replies":[{"embeddable":true,"href":"https:\/\/aleeknews.com\/4l33k5\/wp-json\/wp\/v2\/comments?post=24310"}],"version-history":[{"count":0,"href":"https:\/\/aleeknews.com\/4l33k5\/wp-json\/wp\/v2\/posts\/24310\/revisions"}],"wp:featuredmedia":[{"embeddable":true,"href":"https:\/\/aleeknews.com\/4l33k5\/wp-json\/wp\/v2\/media\/24311"}],"wp:attachment":[{"href":"https:\/\/aleeknews.com\/4l33k5\/wp-json\/wp\/v2\/media?parent=24310"}],"wp:term":[{"taxonomy":"category","embeddable":true,"href":"https:\/\/aleeknews.com\/4l33k5\/wp-json\/wp\/v2\/categories?post=24310"},{"taxonomy":"post_tag","embeddable":true,"href":"https:\/\/aleeknews.com\/4l33k5\/wp-json\/wp\/v2\/tags?post=24310"}],"curies":[{"name":"wp","href":"https:\/\/api.w.org\/{rel}","templated":true}]}}