{"id":24305,"date":"2026-04-30T04:42:14","date_gmt":"2026-04-30T08:42:14","guid":{"rendered":"https:\/\/aleeknews.com\/4l33k5\/2026\/04\/30\/opinion-la-prioridad-nacional-y-puerto-rico\/"},"modified":"2026-04-30T04:42:14","modified_gmt":"2026-04-30T08:42:14","slug":"opinion-la-prioridad-nacional-y-puerto-rico","status":"publish","type":"post","link":"https:\/\/aleeknews.com\/4l33k5\/2026\/04\/30\/opinion-la-prioridad-nacional-y-puerto-rico\/","title":{"rendered":"Opini\u00f3n | La \u201cprioridad nacional\u201d y Puerto Rico"},"content":{"rendered":"<div>\n<div data-fusion-lazy-id=\"f0fW0AnQWGof2kd\">\n<div class>\n<p>Opini\u00f3n<\/p>\n<div>\n<p>Explica ideas y extrae conclusiones basadas en la interpretaci\u00f3n de hechos y datos.<\/p>\n<\/div>\n<\/div>\n<div>\n<h2>Somos un sujeto fuera de la historia en un limbo colonial, opina Jaime Lluch<\/h2>\n<div>\n<p>30 de abril de 2026 &#8211; 10:45 PM<\/p>\n<\/div>\n<\/div>\n<div>\n<p>Las opiniones expresadas en este art\u00edculo son \u00fanicamente del autor y no reflejan las opiniones y creencias de El Nuevo D\u00eda o sus afiliados.<\/p>\n<\/div>\n<\/div>\n<div data-fusion-lazy-id=\"f0f0LDhCGuW61Yy\">\n<div><picture><source media=\"(max-width: 375px)\" ><source media=\"(max-width: 767px)\" ><source media=\"(max-width: 1023px)\" ><source ><\/picture><figcaption>Con Marine Le Pen, el partido se rebautiz\u00f3 como Reagrupamiento Nacional y el nuevo t\u00e9rmino ahora es \u201cPrioridad Nacional\u201d que ha sido adoptado por otros partidos europeos, escribe Jaime Lluch. <span>(The Associated Press)<\/span><\/figcaption><\/div>\n<div>\n<p>Se debate intensamente en algunos pa\u00edses europeos un principio conocido como \u201cprioridad nacional\u201d. La idea se ha convertido en portaestandarte de varios partidos pol\u00edticos de extrema derecha europeos. Todo tiene su origen hace m\u00e1s de 50 a\u00f1os con el liderazgo de Jean-Marie Le Pen del Frente Nacional franc\u00e9s y padre de Marine Le Pen, la actual l\u00edder de Reagrupamiento Nacional. Tom\u00f3 forma en las elecciones legislativas de 1978, cuando el Frente Nacional adopt\u00f3 el lema \u201cFrancia y los franceses primero\u201d, culpando de esta manera a los inmigrantes del aumento en el desempleo. <\/p>\n<\/div>\n<\/div>\n<div>\n<p><b>Gu\u00edas de Opini\u00f3n<\/b><\/p>\n<p>Las columnas deben enviarse a Gerardo Cordero: gerardo.cordero@gfrmedia.com. Las columnas tienen que ser de 300, 400 o 500 palabras. Al enviarnos su columna, el escritor concede a GFR Media una licencia exclusiva, perpetua, irrevocable, sublicenciable, mundial y libre de regal\u00edas para reproducir, copiar, distribuir, publicar, exhibir, preparar obras derivadas, traducir, sindicar, incluir en compilaciones u obras colectivas, y de cualquier otro modo de forma general utilizar su columna (en todo o en parte), sin reserva ni limitaci\u00f3n alguna, en cualquier medio (incluyendo pero sin limitarse, a las versiones impresas o digitales o en los sitios web o aplicaciones m\u00f3vil del peri\u00f3dico El Nuevo D\u00eda), forma, tecnolog\u00eda o m\u00e9todo conocido en el presente o que sea conocido, desarrollado o descubierto en el futuro. El autor acepta que GFR Media, LLC, podr\u00eda cobrar a los suscriptores las versiones digitales, sitios web o aplicaciones m\u00f3viles de GFR Media por el acceso a la columna. <\/p>\n<\/div>\n<section>\n<header><span>Popular en la Comunidad<\/span><\/header>\n<\/section>\n<\/div>\n\n    <div class=\"xs_social_share_widget xs_share_url after_content \t\tmain_content  wslu-style-1 wslu-share-box-shaped wslu-fill-colored wslu-none wslu-share-horizontal wslu-theme-font-no wslu-main_content\">\n\n\t\t\n        <ul>\n\t\t\t        <\/ul>\n    <\/div> \n","protected":false},"excerpt":{"rendered":"<p>Opini\u00f3n Explica ideas y extrae conclusiones basadas en la interpretaci\u00f3n de hechos y datos. Somos un sujeto fuera de la historia en un limbo colonial, opina Jaime Lluch 30 de abril de 2026 &#8211; 10:45 PM Las opiniones expresadas en este art\u00edculo son \u00fanicamente del autor y no reflejan las opiniones y creencias de El<\/p>\n","protected":false},"author":2,"featured_media":24306,"comment_status":"open","ping_status":"open","sticky":false,"template":"","format":"standard","meta":{"om_disable_all_campaigns":false,"_monsterinsights_skip_tracking":false,"_monsterinsights_sitenote_active":false,"_monsterinsights_sitenote_note":"","_monsterinsights_sitenote_category":0,"footnotes":""},"categories":[30],"tags":[],"class_list":["post-24305","post","type-post","status-publish","format-standard","has-post-thumbnail","hentry","category-opinion"],"aioseo_notices":[],"_links":{"self":[{"href":"https:\/\/aleeknews.com\/4l33k5\/wp-json\/wp\/v2\/posts\/24305","targetHints":{"allow":["GET"]}}],"collection":[{"href":"https:\/\/aleeknews.com\/4l33k5\/wp-json\/wp\/v2\/posts"}],"about":[{"href":"https:\/\/aleeknews.com\/4l33k5\/wp-json\/wp\/v2\/types\/post"}],"author":[{"embeddable":true,"href":"https:\/\/aleeknews.com\/4l33k5\/wp-json\/wp\/v2\/users\/2"}],"replies":[{"embeddable":true,"href":"https:\/\/aleeknews.com\/4l33k5\/wp-json\/wp\/v2\/comments?post=24305"}],"version-history":[{"count":0,"href":"https:\/\/aleeknews.com\/4l33k5\/wp-json\/wp\/v2\/posts\/24305\/revisions"}],"wp:featuredmedia":[{"embeddable":true,"href":"https:\/\/aleeknews.com\/4l33k5\/wp-json\/wp\/v2\/media\/24306"}],"wp:attachment":[{"href":"https:\/\/aleeknews.com\/4l33k5\/wp-json\/wp\/v2\/media?parent=24305"}],"wp:term":[{"taxonomy":"category","embeddable":true,"href":"https:\/\/aleeknews.com\/4l33k5\/wp-json\/wp\/v2\/categories?post=24305"},{"taxonomy":"post_tag","embeddable":true,"href":"https:\/\/aleeknews.com\/4l33k5\/wp-json\/wp\/v2\/tags?post=24305"}],"curies":[{"name":"wp","href":"https:\/\/api.w.org\/{rel}","templated":true}]}}