{"id":24301,"date":"2026-04-29T10:42:28","date_gmt":"2026-04-29T14:42:28","guid":{"rendered":"https:\/\/aleeknews.com\/4l33k5\/2026\/04\/29\/una-noche-de-estilo-y-reflexion-en-la-premier-de-the-devil-wears-prada-2%e2%80%b3\/"},"modified":"2026-04-29T10:42:28","modified_gmt":"2026-04-29T14:42:28","slug":"una-noche-de-estilo-y-reflexion-en-la-premier-de-the-devil-wears-prada-2%e2%80%b3","status":"publish","type":"post","link":"https:\/\/aleeknews.com\/4l33k5\/2026\/04\/29\/una-noche-de-estilo-y-reflexion-en-la-premier-de-the-devil-wears-prada-2%e2%80%b3\/","title":{"rendered":"Una noche de estilo y reflexi\u00f3n en la premier de \u201cThe Devil Wears Prada 2\u2033"},"content":{"rendered":"<div>\n<p>La espera termin\u00f3 para los fan\u00e1ticos de la moda y el cine.<\/p>\n<p>La premier en Puerto Rico de<a href=\"https:\/\/www.elnuevodia.com\/magacin\/moda\/notas\/ya-hay-trailer-oficial-de-the-devil-wears-prada-2-todo-lo-que-sabemos-de-la-secuela\/\" target=\"_self\" rel title=\"https:\/\/www.elnuevodia.com\/magacin\/moda\/notas\/ya-hay-trailer-oficial-de-the-devil-wears-prada-2-todo-lo-que-sabemos-de-la-secuela\/\"> <b>\u201cThe Devil Wears Prada 2\u201d<\/b><\/a> se celebr\u00f3 la noche del martes en <b>Caribbean Cinema<\/b>s de <b>Montehiedra<\/b>, un evento que sirvi\u00f3 como antesala al estreno mundial de una de las pel\u00edculas m\u00e1s ic\u00f3nicas de la industria de la moda y la cultura pop en el cine.<\/p>\n<p>La velada reuni\u00f3 a varias generaciones \u2014unas que crecieron viendo la pel\u00edcula original de 2006, protagonizada por<b> <\/b><a href=\"https:\/\/www.elnuevodia.com\/topicos\/meryl-streep\/\" target=\"_self\" rel title=\"https:\/\/www.elnuevodia.com\/topicos\/meryl-streep\/\"><b>Meryl Streep<\/b><\/a><b> <\/b>y<b> <\/b><a href=\"https:\/\/www.elnuevodia.com\/topicos\/anne-hathaway\/\" target=\"_self\" rel title=\"https:\/\/www.elnuevodia.com\/topicos\/anne-hathaway\/\"><b>Anne Hathaway<\/b><\/a>\u2014, as\u00ed como a otras que reci\u00e9n se adentran y que tambi\u00e9n encontraron en su historia una ventana al universo de la moda y la belleza, y c\u00f3mo esta est\u00e1 en constante evoluci\u00f3n.<\/p>\n<p>Los colores rojo y negro, as\u00ed como las corbatas y los <i>blazers,<\/i> fueron parte fundamental en los <i>outfits<\/i> de los invitados, quienes dieron rienda suelta a su imaginaci\u00f3n inspirados en los ic\u00f3nicos personajes de<b> Andy Sachs <\/b>y<b> <\/b><a href=\"https:\/\/www.elnuevodia.com\/magacin\/moda\/notas\/junte-iconico-meryl-streep-y-anna-wintour-en-la-portada-de-vogue\/\" target=\"_self\" rel title=\"https:\/\/www.elnuevodia.com\/magacin\/moda\/notas\/junte-iconico-meryl-streep-y-anna-wintour-en-la-portada-de-vogue\/\"><b>Miranda Priestly<\/b><\/a><b>. <\/b>Asimismo, fueron recibidos con deliciosos c\u00f3cteles, labiales de <i><b>L\u2019Or\u00e9al Paris<\/b><\/i> y estaciones para retocarse el maquillaje, muy acordes con la ocasi\u00f3n.<\/p>\n<p><b>\u201cSoy fan\u00e1tica de la moda, tanto de la vintage, como de la actual. Me gusta hacer combinaciones a veces un poquito raras\u2026 que a la gente a veces no entiende\u2026\u201d, <\/b>expres\u00f3 a <b>Magac\u00edn<\/b> la <i>\u201cinfluencer\u201d <\/i><b>Linda G\u00f3mez.<\/b><\/p>\n<p>A casi dos d\u00e9cadas del estreno original, la industria de la moda de los a\u00f1os 90 y 2000 ya no es la misma. Y es que, lo que antes giraba en torno a revistas y grandes casas de moda, hoy enfrenta el inminente impacto de lo digital, <a href=\"https:\/\/www.elnuevodia.com\/noticias\/locales\/notas\/reciclar-ropa-con-estilo-la-tendencia-de-moda-sostenible-que-se-apodero-de-la-semana\/\" target=\"_self\" rel title=\"https:\/\/www.elnuevodia.com\/noticias\/locales\/notas\/reciclar-ropa-con-estilo-la-tendencia-de-moda-sostenible-que-se-apodero-de-la-semana\/\">el auge del<i> \u201c<\/i>fast fashion&#8221; y una conciencia sobre sostenibilidad y consumo responsable.<\/a> En ese contexto, la secuela no solo apela a la nostalgia, sino que tambi\u00e9n se inserta en un debate vigente sobre el rumbo de la <b>moda contempor\u00e1nea.<\/b><\/p>\n<div>\n<p><b>1 \/ 34 | <\/b><span> Una noche con estilo: la premier de &#8220;The Devil Wears Prada 2&#8221; en Puerto Rico. Los fan\u00e1ticos de la moda y el cine se dieron cita la noche del martes para la premier de la esperada pel\u00edcula \u201cThe Devil Wears Prada 2\u201d.<br \/>\nFoto: Nichole Sadarriaga<\/span><i> &#8211; Suministrada<\/i><\/p>\n<\/div>\n<p>\u201cLa moda ha ido evolucionando grandemente, he visto que se nos ha ense\u00f1ado a trav\u00e9s de los a\u00f1os a utilizar lo que tenemos en nuestras casas\u2026 el \u2018fast fashion\u2019 ha ocupado un espacio grande en la moda. Sin embargo, <b>tenemos que dejar de pensar en comprar y comprar y comenzar a reutilizar lo que ya tenemos, haciendo combinaciones nuevas para poder darle vida a lo que hay en el cl\u00f3set de nuestras casas\u201d<\/b>, reafirm\u00f3 G\u00f3mez, quien destac\u00f3 que todo su atuendo fue resultado de b\u00fasquedas en su <i>cl\u00f3set.<\/i><\/p>\n<p>Otro fiel fan\u00e1tico es <b>Charles Figueroa<\/b>, quien lleg\u00f3 con un abrigo inspirado en frases ic\u00f3nicas de la pel\u00edcula. \u201cSon 20 a\u00f1os esperando ver esta secuela. Yo creo que la primera fue ic\u00f3nica. No quiero tener expectativas, pero espero muchas sorpresas\u201d, asegur\u00f3.<\/p>\n<p><b>\u201cCreo que la moda ha evolucionado, ahora es m\u00e1s atrevida; no obstante, es m\u00e1s c\u00f3moda. Hay una combinaci\u00f3n entre looks extravagantes, pero m\u00e1s casuales\u201d,<\/b> reafirm\u00f3 Figueroa.<\/p>\n<p>Recordemos que la historia de la primera pel\u00edcula, m\u00e1s all\u00e1 de los lujos y las reconocidas casas de moda, aborda temas sobre las din\u00e1micas de poder, condiciones laborales y jerarqu\u00edas dentro de la industria editorial, convirti\u00e9ndose en una referencia que sigue vigente para nuevas audiencias.<\/p>\n<p>\u201cYo defino la moda como algo cambiante. Mi estilo es bastante cl\u00e1sico, elegante y moderno.<b> La industria de la moda ha evolucionado para bien&#8230; Es m\u00e1s vers\u00e1til, porque ahora se usan piezas que antes se usaban\u201d,<\/b> a\u00f1adi\u00f3 por su parte la joven maquillista y primera finalista de Miss Universe Puerto Rico 2024, <b>Orlanis Rivera.<\/b><\/p>\n<p>La secuela \u2014que <b>estrena en Puerto Rico el 30 de abril y en Estados Unidos el 1ro de mayo<\/b>\u2014 fue dirigida por <a href=\"https:\/\/www.elnuevodia.com\/magacin\/moda\/notas\/todo-lo-que-debes-saber-sobre-the-devil-wears-prada-2-antes-de-su-estreno\/\" target=\"_self\" rel title=\"https:\/\/www.elnuevodia.com\/magacin\/moda\/notas\/todo-lo-que-debes-saber-sobre-the-devil-wears-prada-2-antes-de-su-estreno\/\">David Frankel <\/a>y sit\u00faa la trama en un contexto donde las revistas impresas enfrentan su declive ante la era digital, mientras Priestly intenta mantenerse relevante dentro de la industria y sostener su rol dentro de <i>Runway.<\/i><\/p>\n<div>\n<p data-oembed-type=\"youtube\"><iframe width=\"560\" height=\"315\" src=\"https:\/\/www.youtube.com\/embed\/e9HXmMnUEdE?feature=oembed\" frameborder=\"0\" allow=\"accelerometer; autoplay; clipboard-write; encrypted-media; gyroscope; picture-in-picture; web-share\" referrerpolicy=\"strict-origin-when-cross-origin\" allowfullscreen title=\"The Devil Wears Prada 2 | Official Trailer\"><\/iframe><\/p>\n<\/div>\n<\/div>\n\n    <div class=\"xs_social_share_widget xs_share_url after_content \t\tmain_content  wslu-style-1 wslu-share-box-shaped wslu-fill-colored wslu-none wslu-share-horizontal wslu-theme-font-no wslu-main_content\">\n\n\t\t\n        <ul>\n\t\t\t        <\/ul>\n    <\/div> \n","protected":false},"excerpt":{"rendered":"<p>La espera termin\u00f3 para los fan\u00e1ticos de la moda y el cine. La premier en Puerto Rico de \u201cThe Devil Wears Prada 2\u201d se celebr\u00f3 la noche del martes en Caribbean Cinemas de Montehiedra, un evento que sirvi\u00f3 como antesala al estreno mundial de una de las pel\u00edculas m\u00e1s ic\u00f3nicas de la industria de la<\/p>\n","protected":false},"author":2,"featured_media":24302,"comment_status":"open","ping_status":"open","sticky":false,"template":"","format":"standard","meta":{"om_disable_all_campaigns":false,"_monsterinsights_skip_tracking":false,"_monsterinsights_sitenote_active":false,"_monsterinsights_sitenote_note":"","_monsterinsights_sitenote_category":0,"footnotes":""},"categories":[36],"tags":[],"class_list":["post-24301","post","type-post","status-publish","format-standard","has-post-thumbnail","hentry","category-magazine"],"aioseo_notices":[],"_links":{"self":[{"href":"https:\/\/aleeknews.com\/4l33k5\/wp-json\/wp\/v2\/posts\/24301","targetHints":{"allow":["GET"]}}],"collection":[{"href":"https:\/\/aleeknews.com\/4l33k5\/wp-json\/wp\/v2\/posts"}],"about":[{"href":"https:\/\/aleeknews.com\/4l33k5\/wp-json\/wp\/v2\/types\/post"}],"author":[{"embeddable":true,"href":"https:\/\/aleeknews.com\/4l33k5\/wp-json\/wp\/v2\/users\/2"}],"replies":[{"embeddable":true,"href":"https:\/\/aleeknews.com\/4l33k5\/wp-json\/wp\/v2\/comments?post=24301"}],"version-history":[{"count":0,"href":"https:\/\/aleeknews.com\/4l33k5\/wp-json\/wp\/v2\/posts\/24301\/revisions"}],"wp:featuredmedia":[{"embeddable":true,"href":"https:\/\/aleeknews.com\/4l33k5\/wp-json\/wp\/v2\/media\/24302"}],"wp:attachment":[{"href":"https:\/\/aleeknews.com\/4l33k5\/wp-json\/wp\/v2\/media?parent=24301"}],"wp:term":[{"taxonomy":"category","embeddable":true,"href":"https:\/\/aleeknews.com\/4l33k5\/wp-json\/wp\/v2\/categories?post=24301"},{"taxonomy":"post_tag","embeddable":true,"href":"https:\/\/aleeknews.com\/4l33k5\/wp-json\/wp\/v2\/tags?post=24301"}],"curies":[{"name":"wp","href":"https:\/\/api.w.org\/{rel}","templated":true}]}}