{"id":24282,"date":"2026-04-29T06:42:48","date_gmt":"2026-04-29T10:42:48","guid":{"rendered":"https:\/\/aleeknews.com\/4l33k5\/2026\/04\/29\/junta-fiscal-objeta-proyecto-que-propone-aumento-salarial-a-profesionales-de-enfermeria\/"},"modified":"2026-04-29T06:42:48","modified_gmt":"2026-04-29T10:42:48","slug":"junta-fiscal-objeta-proyecto-que-propone-aumento-salarial-a-profesionales-de-enfermeria","status":"publish","type":"post","link":"https:\/\/aleeknews.com\/4l33k5\/2026\/04\/29\/junta-fiscal-objeta-proyecto-que-propone-aumento-salarial-a-profesionales-de-enfermeria\/","title":{"rendered":"Junta Fiscal objeta proyecto que propone aumento salarial a profesionales de enfermer\u00eda"},"content":{"rendered":"<div>\n<p>El proyecto de ley que, entre otras cosas, propone aumentar el salario base de los profesionales de enfermer\u00eda del sistema p\u00fablico recibi\u00f3 m\u00faltiples se\u00f1alamientos por parte de la <a href=\"https:\/\/www.elnuevodia.com\/topicos\/junta-de-supervision-fiscal\/\" target=\"_blank\" rel=\"noreferrer\" title=\"https:\/\/www.elnuevodia.com\/topicos\/junta-de-supervision-fiscal\/\"><b>Junta de Supervisi\u00f3n Fiscal<\/b><\/a> (JSF) por entender que es un esfuerzo \u201cfragmentado\u201d e \u201cinconsistente\u201d con el plan fiscal vigente.<\/p>\n<p>\u201cLa (JSF) considera loables los prop\u00f3sitos declarados del proyecto de ley, reconoce las valiosas contribuciones de los profesionales de enfermer\u00eda del servicio p\u00fablico y reconoce la importancia de garantizar que reciban una retribuci\u00f3n justa y equitativa que sea competitiva en comparaci\u00f3n con el mercado laboral local. <b>Sin embargo, seg\u00fan redactado, el P. del S. 850 ser\u00eda inconsistente con el plan fiscal<\/b>\u201d, lee una carta firmada por Robert F. Mujica, director de la JSF.<\/p>\n<p>En la comunicaci\u00f3n, enviada el lunes a Luis Daniel Col\u00f3n LaSanta, presidente de la Comisi\u00f3n de Trabajo y Relaciones Laborales del <a href=\"https:\/\/www.elnuevodia.com\/topicos\/senado-de-puerto-rico\/\" target=\"_blank\" rel=\"noreferrer\" title=\"https:\/\/www.elnuevodia.com\/topicos\/senado-de-puerto-rico\/\"><b>Senado<\/b><\/a>, el organismo federal exhort\u00f3 a la Asamblea Legislativa a que promueva los prop\u00f3sitos del <b>Proyecto del Senado (PS) 850 <\/b>a trav\u00e9s de la Reforma del Servicio P\u00fablico (RSP), en lugar de implementar ajustes salariales mediante una legislaci\u00f3n separada.<\/p>\n<p><b>\u201cLa (JSF) est\u00e1 dispuesta a colaborar con la Legislatura para determinar la mejor forma de lograr los prop\u00f3sitos del proyecto de ley de una manera consistente con la RSP, el plan fiscal para Puerto Rico y (la <\/b><a href=\"https:\/\/www.elnuevodia.com\/topicos\/ley-promesa\/\" target=\"_blank\" rel=\"noreferrer\" title=\"https:\/\/www.elnuevodia.com\/topicos\/ley-promesa\/\"><b>Ley) Promesa<\/b><\/a><b>\u201d, reza el documento.<\/b><\/p>\n<p>La RSP, establecida por el gobierno y la JSF requiere que los ajustes a las escalas salariales de los empleados p\u00fablicos se sustenten en una metodolog\u00eda de fijaci\u00f3n de salarios basada en datos y en el mercado, que garantice una compensaci\u00f3n competitiva y fiscalmente responsable.<\/p>\n<p><b>\u201cSe espera que cualquier ajuste salarial que reciban los empleados p\u00fablicos se realice de forma integral a trav\u00e9s de la RSP, teniendo en cuenta el Plan de Clasificaci\u00f3n y Retribuci\u00f3n Uniforme correspondiente, la estructura salarial actual seg\u00fan la RSP y el presupuesto certificado\u201d, detalla la comunicaci\u00f3n.<\/b><\/p>\n<p>Seg\u00fan la exposici\u00f3n de motivos del PS 850, Puerto Rico refleja \u201ccondiciones precarias\u201d para los profesionales de enfermer\u00eda, como sobrecarga laboral, salarios no competitivos y limitadas oportunidades de desarrollo profesional.<\/p>\n<p>La medida propone enmendar la Ley 28-2005 para aumentar el salario base en 12 categor\u00edas de profesionales de enfermer\u00eda.<b> Los nuevos salarios base rondar\u00edan desde los $2,916 mensuales para una \u201cenfermera(o) pr\u00e1ctica(o) sin experiencia\u201d hasta $6,500 mensuales para una enfermera o un <\/b><a href=\"https:\/\/www.elnuevodia.com\/topicos\/enfermeros\/\" target=\"_blank\" rel=\"noreferrer\" title=\"https:\/\/www.elnuevodia.com\/topicos\/enfermeros\/\"><b>enfermero<\/b><\/a><b> con grado doctoral con experiencia.<\/b><\/p>\n<p>\u201cLa justificaci\u00f3n para aumentar el sueldo a los profesionales de enfermer\u00eda en Puerto Rico se fundamenta en la marcada disparidad salarial entre Puerto Rico, los Estados Unidos y otros pa\u00edses, as\u00ed como en el impacto negativo que esto tiene en la retenci\u00f3n de personal y la calidad de atenci\u00f3n a los pacientes de la tercera edad, ni\u00f1os con necesidades especiales, salas de emergencia, cuidados cr\u00edticos, salas de operaci\u00f3n y en definitiva, sobre la vida propia del profesional de enfermer\u00eda\u201d, lee el PS 850.<\/p>\n<p>En la isla, de acuerdo con la pieza legislativa, hay un <b>d\u00e9ficit de enfermeros estimado de 35%<\/b>, causado por la migraci\u00f3n y la disparidad en el financiamiento federal para <a href=\"https:\/\/www.elnuevodia.com\/topicos\/medicaid\/\" target=\"_blank\" rel=\"noreferrer\" title=\"https:\/\/www.elnuevodia.com\/topicos\/medicaid\/\"><b>Medicaid<\/b><\/a> y <a href=\"https:\/\/www.elnuevodia.com\/topicos\/medicare\/\" target=\"_blank\" rel=\"noreferrer\" title=\"https:\/\/www.elnuevodia.com\/topicos\/medicare\/\"><b>Medicare<\/b><\/a>. En los pasados tres a\u00f1os, <b>sobre 2,500 enfermeros han emigrado, en momentos en los que se proyecta un aumento de sobre 15% en la demanda de servicios ambulatorios y hospitalarios. <\/b><\/p>\n<p>Seg\u00fan el registro de licencias activas de enfermeros, en Puerto Rico hay unos 55,000 profesionales de enfermer\u00eda. <\/p>\n<p>El proyecto de ley fue radicado el 6 de noviembre de 2025 por la senadora por acumulaci\u00f3n bajo el <a href=\"https:\/\/www.elnuevodia.com\/topicos\/partido-popular-democratico\/\" rel><b>Partido Popular Democr\u00e1tico<\/b><\/a> <b>Ada \u00c1lvarez Conde<\/b>. Ese mismo d\u00eda fue referido a la comisi\u00f3n senatorial.<\/p>\n<p><h4><b>Senadora insiste en la legislaci\u00f3n<\/b><\/h4>\n<\/p>\n<p>Por su parte,<b> la senadora indic\u00f3 a El Nuevo D\u00eda que la v\u00eda correcta para poder ajustar los salarios de los profesionales de enfermer\u00eda tanto p\u00fablico como privado es a trav\u00e9s de legislaci\u00f3n, dado que est\u00e1n establecidos por ley.<\/b><\/p>\n<p>Asimismo, insisti\u00f3 en que el proyecto contempla los hallazgos de un estudio realizado por FTI Consulting, a solicitud de la Junta Fiscal, en los que se encontr\u00f3 que enfermeros en Puerto Rico <b>ganan en promedio apenas un 40%<\/b> de lo que recibir\u00edan en Estados Unidos por el mismo trabajo, lo que provoca, entre otras cosas, la migraci\u00f3n de estos profesionales.<\/p>\n<p>A modo de ejemplo, un enfermero asociado en Puerto Rico recibe una compensaci\u00f3n salarial de $32,000 anuales, mientras que en el estado Mississippi es de $58,500, una diferencia de 58.5%, y as\u00ed con las dem\u00e1s categor\u00edas de la profesi\u00f3n, seg\u00fan el PS 850.<\/p>\n<p><b>\u201cNo estoy de acuerdo que digan que se ponga bajo el Plan de Clasificaci\u00f3n y Retribuci\u00f3n, cuando es la ley la que dicta estos salarios, pues hay que enmendarla o derogarla\u201d, dijo \u00c1lvarez Conde. \u201cEsto es no entender la historia pol\u00edtica, donde los salarios (de los enfermeros) son producto de proyectos de ley, esos dos tipos de enfermeros privado y p\u00fablico, por eso es que tiene este tratamiento de proyecto de ley\u201d<\/b><\/p>\n<p>Adem\u00e1s, calific\u00f3 como un \u201cfracaso\u201d los planes de clasificaci\u00f3n, porque todav\u00eda hay agencias que no lo han implementado.<\/p>\n<p>La senadora popular indic\u00f3 que conversar\u00e1 con la JSF, como, seg\u00fan indic\u00f3, lo hizo previo a la radicaci\u00f3n del PS 850.<\/p>\n<p>De acuerdo con la JSF, \u201cpareciera\u201d que el proyecto a\u00fan no se ha presentado ante la evaluaci\u00f3n de la Oficina de Presupuesto de la Asamblea Legislativa (OPAL) para que se pueda determinar el costo que tendr\u00eda la medida al erario de ser aprobada.<\/p>\n<p>Al momento de esta publicaci\u00f3n, no se encontr\u00f3 informe alguno de parte de la OPAL relacionado con el PS 850.<\/p>\n<\/div>\n\n    <div class=\"xs_social_share_widget xs_share_url after_content \t\tmain_content  wslu-style-1 wslu-share-box-shaped wslu-fill-colored wslu-none wslu-share-horizontal wslu-theme-font-no wslu-main_content\">\n\n\t\t\n        <ul>\n\t\t\t        <\/ul>\n    <\/div> \n","protected":false},"excerpt":{"rendered":"<p>El proyecto de ley que, entre otras cosas, propone aumentar el salario base de los profesionales de enfermer\u00eda del sistema p\u00fablico recibi\u00f3 m\u00faltiples se\u00f1alamientos por parte de la Junta de Supervisi\u00f3n Fiscal (JSF) por entender que es un esfuerzo \u201cfragmentado\u201d e \u201cinconsistente\u201d con el plan fiscal vigente. \u201cLa (JSF) considera loables los prop\u00f3sitos declarados del<\/p>\n","protected":false},"author":2,"featured_media":24283,"comment_status":"open","ping_status":"open","sticky":false,"template":"","format":"standard","meta":{"om_disable_all_campaigns":false,"_monsterinsights_skip_tracking":false,"_monsterinsights_sitenote_active":false,"_monsterinsights_sitenote_note":"","_monsterinsights_sitenote_category":0,"footnotes":""},"categories":[5],"tags":[],"class_list":["post-24282","post","type-post","status-publish","format-standard","has-post-thumbnail","hentry","category-negocios"],"aioseo_notices":[],"_links":{"self":[{"href":"https:\/\/aleeknews.com\/4l33k5\/wp-json\/wp\/v2\/posts\/24282","targetHints":{"allow":["GET"]}}],"collection":[{"href":"https:\/\/aleeknews.com\/4l33k5\/wp-json\/wp\/v2\/posts"}],"about":[{"href":"https:\/\/aleeknews.com\/4l33k5\/wp-json\/wp\/v2\/types\/post"}],"author":[{"embeddable":true,"href":"https:\/\/aleeknews.com\/4l33k5\/wp-json\/wp\/v2\/users\/2"}],"replies":[{"embeddable":true,"href":"https:\/\/aleeknews.com\/4l33k5\/wp-json\/wp\/v2\/comments?post=24282"}],"version-history":[{"count":0,"href":"https:\/\/aleeknews.com\/4l33k5\/wp-json\/wp\/v2\/posts\/24282\/revisions"}],"wp:featuredmedia":[{"embeddable":true,"href":"https:\/\/aleeknews.com\/4l33k5\/wp-json\/wp\/v2\/media\/24283"}],"wp:attachment":[{"href":"https:\/\/aleeknews.com\/4l33k5\/wp-json\/wp\/v2\/media?parent=24282"}],"wp:term":[{"taxonomy":"category","embeddable":true,"href":"https:\/\/aleeknews.com\/4l33k5\/wp-json\/wp\/v2\/categories?post=24282"},{"taxonomy":"post_tag","embeddable":true,"href":"https:\/\/aleeknews.com\/4l33k5\/wp-json\/wp\/v2\/tags?post=24282"}],"curies":[{"name":"wp","href":"https:\/\/api.w.org\/{rel}","templated":true}]}}