{"id":24267,"date":"2026-04-29T05:45:29","date_gmt":"2026-04-29T09:45:29","guid":{"rendered":"https:\/\/aleeknews.com\/4l33k5\/2026\/04\/29\/el-mundo-vive-una-crisis-de-vivienda-advierte-representante-de-la-onu\/"},"modified":"2026-04-29T05:45:29","modified_gmt":"2026-04-29T09:45:29","slug":"el-mundo-vive-una-crisis-de-vivienda-advierte-representante-de-la-onu","status":"publish","type":"post","link":"https:\/\/aleeknews.com\/4l33k5\/2026\/04\/29\/el-mundo-vive-una-crisis-de-vivienda-advierte-representante-de-la-onu\/","title":{"rendered":"\u201cEl mundo vive una crisis de vivienda\u201d, advierte representante de la ONU"},"content":{"rendered":"<div>\n<p>El mundo enfrenta \u201cuna crisis global de vivienda\u201d que trasciende fronteras y exige elevar el acceso a un techo digno como una prioridad de Estado, afirm\u00f3 este martes en Honduras en una entrevista con EFE la representante de <a href=\"https:\/\/www.elnuevodia.com\/topicos\/onu\/\" target=\"_self\" rel title=\"https:\/\/www.elnuevodia.com\/topicos\/onu\/\">ONU<\/a>-Habitat para <a href=\"https:\/\/www.elnuevodia.com\/topicos\/mexico\/\" target=\"_self\" rel title=\"https:\/\/www.elnuevodia.com\/topicos\/mexico\/\">M\u00e9xico<\/a>, Cuba y Centroam\u00e9rica, Fernanda Lonardoni.<\/p>\n<p><b>\u201cEl mundo vive una crisis global de vivienda, no es un tema de Honduras, no es un tema de Am\u00e9rica Latina, es un tema global\u201d<\/b>, subray\u00f3 Lonardoni, quien alert\u00f3 que en los \u00faltimos 15 a\u00f1os el costo de las viviendas ha aumentado \u201csiete veces m\u00e1s que los ingresos\u201d, agravando la desigualdad.<\/p>\n<p>Para la representante de Naciones Unidas, que realiza esta semana una visita oficial al pa\u00eds centroamericano, el acceso a vivienda digna est\u00e1 directamente relacionado con la reducci\u00f3n de la pobreza multidimensional, la mejora de la calidad de vida y la capacidad de respuesta ante fen\u00f3menos asociados al cambio clim\u00e1tico.<\/p>\n<div>\n<p><b>1 \/ 23 | <\/b><span> Maravillas del mar: un vistazo \u00edntimo a ballenas y delfines en su h\u00e1bitat natural. El 23 de julio de cada a\u00f1o se celebra el D\u00eda Mundial de las Ballenas y los Delfines. <\/span><i> &#8211; Alberto Ortiz<\/i><\/p>\n<\/div>\n<p>\u201cInvertir en vivienda en asentamientos vulnerables tiene un impacto real en la mejora de vida, en la disminuci\u00f3n de las desigualdades\u201d, explic\u00f3 Lonardoni, tras se\u00f1alar que una casa de calidad permite a una familia \u201cvivir mejor y que el pa\u00eds se desarrolle\u201d.<\/p>\n<p>Pues una infraestructura adecuada no debe verse \u201csolo como un sector\u201d, sino como un eje que impacta en la pobreza multidimensional, la salud, la educaci\u00f3n y la resiliencia clim\u00e1tica.<\/p>\n<p><b>Mejorar las viviendas existentes en Mesoam\u00e9rica <\/b><\/p>\n<p>Seg\u00fan Lonardoni, <b>uno de los principales desaf\u00edos en Mesoam\u00e9rica es el d\u00e9ficit cualitativo de vivienda<\/b>, es decir, la existencia de casas que requieren mejoras urgentes en infraestructura y servicios b\u00e1sicos, m\u00e1s que la falta de nuevas unidades. <\/p>\n<p>Advirti\u00f3, adem\u00e1s, sobre el riesgo de construir proyectos habitacionales en zonas perif\u00e9ricas alejadas de oportunidades laborales, educativas y de servicios &#8211; una situaci\u00f3n com\u00fan en la regi\u00f3n-, lo que puede profundizar desigualdades y generar mayores costos de movilizaci\u00f3n para las familias. <\/p>\n<p><b>El precio de la falta de planificaci\u00f3n urbana es \u201calt\u00edsimo\u201d<\/b>, ya que las decisiones desarticuladas, como ubicar viviendas en la periferia y concentrar los empleos en zonas centrales, generan una demanda de movilidad \u201cinsustentable\u201d, recalc\u00f3 Lonardoni.<\/p>\n<p>Pese a la aplicaci\u00f3n de medidas importantes, como la transformaci\u00f3n energ\u00e9tica en el transporte p\u00fablico, \u00e9stas son insuficientes si no se corrigen los patrones de expansi\u00f3n urbana, resalt\u00f3 la experta quien destac\u00f3 el papel \u201cfundamental\u201d de los Gobiernos locales frente a la ejecuci\u00f3n de pol\u00edticas urbanas.<\/p>\n<p><b>Honduras, oportunidades vs retos de vivienda <\/b><\/p>\n<p>En el contexto local, la experta calific\u00f3 como \u201cun paso muy importante\u201d la creaci\u00f3n del <b>nuevo Ministerio de Vivienda en Honduras<\/b>, el m\u00e1s reciente en Am\u00e9rica Latina, al considerar que coloca la agenda habitacional \u201cen el centro del desarrollo\u201d.<\/p>\n<p>\u201cEsperemos que los impactos de la inversi\u00f3n en vivienda, de un mejor sector de vivienda, sean impactos reales en temas como pobreza, bienestar, educaci\u00f3n, como salud\u201d, a\u00f1adi\u00f3 Lonardoni, quien est\u00e1 en Honduras para conocer la prioridades del Gobierno de Nasry \u2018Tito\u2019 Asfura en materia urbana y fortalecer la cooperaci\u00f3n t\u00e9cnica.<\/p>\n<p>Honduras es un pa\u00eds donde hemos trabajado desde hace muchos a\u00f1os.\u201c Todav\u00eda tiene muchos retos urbanos de vivienda muy importantes, pero tambi\u00e9n tiene muchas oportunidades\u201d, dijo Lonardoni, quien resalt\u00f3 adem\u00e1s el compromiso de ONU-Habitat de acompa\u00f1ar al pa\u00eds en la formulaci\u00f3n de pol\u00edticas de vivienda con un enfoque centrado en las personas y alineado con agendas internacionales.<\/p>\n<\/div>\n\n    <div class=\"xs_social_share_widget xs_share_url after_content \t\tmain_content  wslu-style-1 wslu-share-box-shaped wslu-fill-colored wslu-none wslu-share-horizontal wslu-theme-font-no wslu-main_content\">\n\n\t\t\n        <ul>\n\t\t\t        <\/ul>\n    <\/div> \n","protected":false},"excerpt":{"rendered":"<p>El mundo enfrenta \u201cuna crisis global de vivienda\u201d que trasciende fronteras y exige elevar el acceso a un techo digno como una prioridad de Estado, afirm\u00f3 este martes en Honduras en una entrevista con EFE la representante de ONU-Habitat para M\u00e9xico, Cuba y Centroam\u00e9rica, Fernanda Lonardoni. \u201cEl mundo vive una crisis global de vivienda, no<\/p>\n","protected":false},"author":2,"featured_media":24268,"comment_status":"open","ping_status":"open","sticky":false,"template":"","format":"standard","meta":{"om_disable_all_campaigns":false,"_monsterinsights_skip_tracking":false,"_monsterinsights_sitenote_active":false,"_monsterinsights_sitenote_note":"","_monsterinsights_sitenote_category":0,"footnotes":""},"categories":[10],"tags":[],"class_list":["post-24267","post","type-post","status-publish","format-standard","has-post-thumbnail","hentry","category-mundo"],"aioseo_notices":[],"_links":{"self":[{"href":"https:\/\/aleeknews.com\/4l33k5\/wp-json\/wp\/v2\/posts\/24267","targetHints":{"allow":["GET"]}}],"collection":[{"href":"https:\/\/aleeknews.com\/4l33k5\/wp-json\/wp\/v2\/posts"}],"about":[{"href":"https:\/\/aleeknews.com\/4l33k5\/wp-json\/wp\/v2\/types\/post"}],"author":[{"embeddable":true,"href":"https:\/\/aleeknews.com\/4l33k5\/wp-json\/wp\/v2\/users\/2"}],"replies":[{"embeddable":true,"href":"https:\/\/aleeknews.com\/4l33k5\/wp-json\/wp\/v2\/comments?post=24267"}],"version-history":[{"count":0,"href":"https:\/\/aleeknews.com\/4l33k5\/wp-json\/wp\/v2\/posts\/24267\/revisions"}],"wp:featuredmedia":[{"embeddable":true,"href":"https:\/\/aleeknews.com\/4l33k5\/wp-json\/wp\/v2\/media\/24268"}],"wp:attachment":[{"href":"https:\/\/aleeknews.com\/4l33k5\/wp-json\/wp\/v2\/media?parent=24267"}],"wp:term":[{"taxonomy":"category","embeddable":true,"href":"https:\/\/aleeknews.com\/4l33k5\/wp-json\/wp\/v2\/categories?post=24267"},{"taxonomy":"post_tag","embeddable":true,"href":"https:\/\/aleeknews.com\/4l33k5\/wp-json\/wp\/v2\/tags?post=24267"}],"curies":[{"name":"wp","href":"https:\/\/api.w.org\/{rel}","templated":true}]}}