{"id":24261,"date":"2026-04-29T04:42:18","date_gmt":"2026-04-29T08:42:18","guid":{"rendered":"https:\/\/aleeknews.com\/4l33k5\/2026\/04\/29\/opinion-el-problema-aqui-no-es-el-salario-minimo\/"},"modified":"2026-04-29T04:42:18","modified_gmt":"2026-04-29T08:42:18","slug":"opinion-el-problema-aqui-no-es-el-salario-minimo","status":"publish","type":"post","link":"https:\/\/aleeknews.com\/4l33k5\/2026\/04\/29\/opinion-el-problema-aqui-no-es-el-salario-minimo\/","title":{"rendered":"Opini\u00f3n | El problema aqu\u00ed no es el salario m\u00ednimo"},"content":{"rendered":"<div>\n<div data-fusion-lazy-id=\"f0fW0AnQWGof2kd\">\n<div class>\n<p>Opini\u00f3n<\/p>\n<div>\n<p>Explica ideas y extrae conclusiones basadas en la interpretaci\u00f3n de hechos y datos.<\/p>\n<\/div>\n<\/div>\n<div>\n<h2>En pol\u00edtica p\u00fablica, la delegaci\u00f3n t\u00e9cnica es com\u00fan y no sustituye la decisi\u00f3n pol\u00edtica, escribe Indira Luciano<\/h2>\n<div>\n<p>29 de abril de 2026 &#8211; 11:00 PM<\/p>\n<\/div>\n<\/div>\n<div>\n<p>Las opiniones expresadas en este art\u00edculo son \u00fanicamente del autor y no reflejan las opiniones y creencias de El Nuevo D\u00eda o sus afiliados.<\/p>\n<\/div>\n<\/div>\n<div data-fusion-lazy-id=\"f0f0LDhCGuW61Yy\">\n<div><picture><source media=\"(max-width: 375px)\" ><source media=\"(max-width: 767px)\" ><source media=\"(max-width: 1023px)\" ><source ><\/picture><figcaption>El debate actual est\u00e1 confundiendo dos cosas: si la Ley 47 funcion\u00f3 y c\u00f3mo se dise\u00f1an e implementan pol\u00edticas p\u00fablicas complejas, afirma Indira Luciano. <span>(Mark Lennihan)<\/span><\/figcaption><\/div>\n<div>\n<p>El debate sobre el Proyecto de la C\u00e1mara 1115 no es realmente sobre el salario m\u00ednimo, sino sobre c\u00f3mo en Puerto Rico se toman las decisiones de pol\u00edtica p\u00fablica. La medida busca derogar la Ley 47 de 2021- conocida como la Ley de Salario M\u00ednimo de Puerto Rico-, eliminar la Comisi\u00f3n Evaluadora del Salario M\u00ednimo (CESM) y devolver a la Asamblea Legislativa de Puerto Rico la facultad exclusiva de fijar el salario m\u00ednimo, desmontando completamente el modelo institucional creado en 2021. <\/p>\n<\/div>\n<\/div>\n<div>\n<p><b>Gu\u00edas de Opini\u00f3n<\/b><\/p>\n<p>Las columnas deben enviarse a Gerardo Cordero: gerardo.cordero@gfrmedia.com. Las columnas tienen que ser de 300, 400 o 500 palabras. Al enviarnos su columna, el escritor concede a GFR Media una licencia exclusiva, perpetua, irrevocable, sublicenciable, mundial y libre de regal\u00edas para reproducir, copiar, distribuir, publicar, exhibir, preparar obras derivadas, traducir, sindicar, incluir en compilaciones u obras colectivas, y de cualquier otro modo de forma general utilizar su columna (en todo o en parte), sin reserva ni limitaci\u00f3n alguna, en cualquier medio (incluyendo pero sin limitarse, a las versiones impresas o digitales o en los sitios web o aplicaciones m\u00f3vil del peri\u00f3dico El Nuevo D\u00eda), forma, tecnolog\u00eda o m\u00e9todo conocido en el presente o que sea conocido, desarrollado o descubierto en el futuro. El autor acepta que GFR Media, LLC, podr\u00eda cobrar a los suscriptores las versiones digitales, sitios web o aplicaciones m\u00f3viles de GFR Media por el acceso a la columna. <\/p>\n<\/div>\n<section>\n<header><span>Popular en la Comunidad<\/span><\/header>\n<\/section>\n<\/div>\n\n    <div class=\"xs_social_share_widget xs_share_url after_content \t\tmain_content  wslu-style-1 wslu-share-box-shaped wslu-fill-colored wslu-none wslu-share-horizontal wslu-theme-font-no wslu-main_content\">\n\n\t\t\n        <ul>\n\t\t\t        <\/ul>\n    <\/div> \n","protected":false},"excerpt":{"rendered":"<p>Opini\u00f3n Explica ideas y extrae conclusiones basadas en la interpretaci\u00f3n de hechos y datos. En pol\u00edtica p\u00fablica, la delegaci\u00f3n t\u00e9cnica es com\u00fan y no sustituye la decisi\u00f3n pol\u00edtica, escribe Indira Luciano 29 de abril de 2026 &#8211; 11:00 PM Las opiniones expresadas en este art\u00edculo son \u00fanicamente del autor y no reflejan las opiniones y<\/p>\n","protected":false},"author":2,"featured_media":24262,"comment_status":"open","ping_status":"open","sticky":false,"template":"","format":"standard","meta":{"om_disable_all_campaigns":false,"_monsterinsights_skip_tracking":false,"_monsterinsights_sitenote_active":false,"_monsterinsights_sitenote_note":"","_monsterinsights_sitenote_category":0,"footnotes":""},"categories":[30],"tags":[],"class_list":["post-24261","post","type-post","status-publish","format-standard","has-post-thumbnail","hentry","category-opinion"],"aioseo_notices":[],"_links":{"self":[{"href":"https:\/\/aleeknews.com\/4l33k5\/wp-json\/wp\/v2\/posts\/24261","targetHints":{"allow":["GET"]}}],"collection":[{"href":"https:\/\/aleeknews.com\/4l33k5\/wp-json\/wp\/v2\/posts"}],"about":[{"href":"https:\/\/aleeknews.com\/4l33k5\/wp-json\/wp\/v2\/types\/post"}],"author":[{"embeddable":true,"href":"https:\/\/aleeknews.com\/4l33k5\/wp-json\/wp\/v2\/users\/2"}],"replies":[{"embeddable":true,"href":"https:\/\/aleeknews.com\/4l33k5\/wp-json\/wp\/v2\/comments?post=24261"}],"version-history":[{"count":0,"href":"https:\/\/aleeknews.com\/4l33k5\/wp-json\/wp\/v2\/posts\/24261\/revisions"}],"wp:featuredmedia":[{"embeddable":true,"href":"https:\/\/aleeknews.com\/4l33k5\/wp-json\/wp\/v2\/media\/24262"}],"wp:attachment":[{"href":"https:\/\/aleeknews.com\/4l33k5\/wp-json\/wp\/v2\/media?parent=24261"}],"wp:term":[{"taxonomy":"category","embeddable":true,"href":"https:\/\/aleeknews.com\/4l33k5\/wp-json\/wp\/v2\/categories?post=24261"},{"taxonomy":"post_tag","embeddable":true,"href":"https:\/\/aleeknews.com\/4l33k5\/wp-json\/wp\/v2\/tags?post=24261"}],"curies":[{"name":"wp","href":"https:\/\/api.w.org\/{rel}","templated":true}]}}