{"id":24259,"date":"2026-04-29T04:42:19","date_gmt":"2026-04-29T08:42:19","guid":{"rendered":"https:\/\/aleeknews.com\/4l33k5\/2026\/04\/29\/opinion-el-dilema-que-enfrenta-donald-trump-por-iran\/"},"modified":"2026-04-29T04:42:19","modified_gmt":"2026-04-29T08:42:19","slug":"opinion-el-dilema-que-enfrenta-donald-trump-por-iran","status":"publish","type":"post","link":"https:\/\/aleeknews.com\/4l33k5\/2026\/04\/29\/opinion-el-dilema-que-enfrenta-donald-trump-por-iran\/","title":{"rendered":"Opini\u00f3n | El dilema que enfrenta Donald Trump por Ir\u00e1n"},"content":{"rendered":"<div>\n<div data-fusion-lazy-id=\"f0fW0AnQWGof2kd\">\n<div class>\n<p>Opini\u00f3n<\/p>\n<div>\n<p>Explica ideas y extrae conclusiones basadas en la interpretaci\u00f3n de hechos y datos.<\/p>\n<\/div>\n<\/div>\n<div>\n<h2>Tendr\u00e1 que escoger entre intentar \u201cconquistar a la reina\u201d o proyectar que ha salido \u201cairoso\u201d del conflicto, lo que podr\u00eda salvar su \u201ctambaleante\u201d presidencia, escribe el economista Jaime Bofill Vald\u00e9s<\/h2>\n<div>\n<p>29 de abril de 2026 &#8211; 11:05 PM<\/p>\n<\/div>\n<\/div>\n<div>\n<p>Las opiniones expresadas en este art\u00edculo son \u00fanicamente del autor y no reflejan las opiniones y creencias de El Nuevo D\u00eda o sus afiliados.<\/p>\n<\/div>\n<\/div>\n<div data-fusion-lazy-id=\"f0f0LDhCGuW61Yy\">\n<div><picture><source media=\"(max-width: 375px)\" ><source media=\"(max-width: 767px)\" ><source media=\"(max-width: 1023px)\" ><source ><\/picture><figcaption>En la foto, tomada el s\u00e1bado, 7 de marzo de 2026, un grupo de soldados carga los restos de la soldado de la Reserva del Ej\u00e9rcito de Estados Unidos, Sargento de 1\u00aa Clase Nicole Amor, de White Bear Lake, Minnesota, quien muri\u00f3 durante un ataque con drones en un centro de mando en Kuwait despu\u00e9s de que Estados Unidos e Israel lanzaran su campa\u00f1a militar contra Ir\u00e1n. El presidente Donald Trump presenta sus respetos durante la devoluci\u00f3n de bajas en la Base A\u00e9rea de Dover, Delaware. (AP Photo\/Mark Schiefelbein) <span>(Mark Schiefelbein)<\/span><\/figcaption><\/div>\n<div>\n<p>La crisis en el Medio Oriente, junto con otros focos geopol\u00edticos contempor\u00e1neos, ha desencadenado guerras innecesarias y dolorosas, desplazamientos humanos, tensiones diplom\u00e1ticas y profundas fracturas en el orden mundial.<\/p>\n<\/div>\n<\/div>\n<div>\n<p><b>Gu\u00edas de Opini\u00f3n<\/b><\/p>\n<p>Las columnas deben enviarse a Gerardo Cordero: gerardo.cordero@gfrmedia.com. Las columnas tienen que ser de 300, 400 o 500 palabras. Al enviarnos su columna, el escritor concede a GFR Media una licencia exclusiva, perpetua, irrevocable, sublicenciable, mundial y libre de regal\u00edas para reproducir, copiar, distribuir, publicar, exhibir, preparar obras derivadas, traducir, sindicar, incluir en compilaciones u obras colectivas, y de cualquier otro modo de forma general utilizar su columna (en todo o en parte), sin reserva ni limitaci\u00f3n alguna, en cualquier medio (incluyendo pero sin limitarse, a las versiones impresas o digitales o en los sitios web o aplicaciones m\u00f3vil del peri\u00f3dico El Nuevo D\u00eda), forma, tecnolog\u00eda o m\u00e9todo conocido en el presente o que sea conocido, desarrollado o descubierto en el futuro. El autor acepta que GFR Media, LLC, podr\u00eda cobrar a los suscriptores las versiones digitales, sitios web o aplicaciones m\u00f3viles de GFR Media por el acceso a la columna. <\/p>\n<\/div>\n<section>\n<header><span>Popular en la Comunidad<\/span><\/header>\n<\/section>\n<\/div>\n\n    <div class=\"xs_social_share_widget xs_share_url after_content \t\tmain_content  wslu-style-1 wslu-share-box-shaped wslu-fill-colored wslu-none wslu-share-horizontal wslu-theme-font-no wslu-main_content\">\n\n\t\t\n        <ul>\n\t\t\t        <\/ul>\n    <\/div> \n","protected":false},"excerpt":{"rendered":"<p>Opini\u00f3n Explica ideas y extrae conclusiones basadas en la interpretaci\u00f3n de hechos y datos. Tendr\u00e1 que escoger entre intentar \u201cconquistar a la reina\u201d o proyectar que ha salido \u201cairoso\u201d del conflicto, lo que podr\u00eda salvar su \u201ctambaleante\u201d presidencia, escribe el economista Jaime Bofill Vald\u00e9s 29 de abril de 2026 &#8211; 11:05 PM Las opiniones expresadas<\/p>\n","protected":false},"author":2,"featured_media":24260,"comment_status":"open","ping_status":"open","sticky":false,"template":"","format":"standard","meta":{"om_disable_all_campaigns":false,"_monsterinsights_skip_tracking":false,"_monsterinsights_sitenote_active":false,"_monsterinsights_sitenote_note":"","_monsterinsights_sitenote_category":0,"footnotes":""},"categories":[30],"tags":[],"class_list":["post-24259","post","type-post","status-publish","format-standard","has-post-thumbnail","hentry","category-opinion"],"aioseo_notices":[],"_links":{"self":[{"href":"https:\/\/aleeknews.com\/4l33k5\/wp-json\/wp\/v2\/posts\/24259","targetHints":{"allow":["GET"]}}],"collection":[{"href":"https:\/\/aleeknews.com\/4l33k5\/wp-json\/wp\/v2\/posts"}],"about":[{"href":"https:\/\/aleeknews.com\/4l33k5\/wp-json\/wp\/v2\/types\/post"}],"author":[{"embeddable":true,"href":"https:\/\/aleeknews.com\/4l33k5\/wp-json\/wp\/v2\/users\/2"}],"replies":[{"embeddable":true,"href":"https:\/\/aleeknews.com\/4l33k5\/wp-json\/wp\/v2\/comments?post=24259"}],"version-history":[{"count":0,"href":"https:\/\/aleeknews.com\/4l33k5\/wp-json\/wp\/v2\/posts\/24259\/revisions"}],"wp:featuredmedia":[{"embeddable":true,"href":"https:\/\/aleeknews.com\/4l33k5\/wp-json\/wp\/v2\/media\/24260"}],"wp:attachment":[{"href":"https:\/\/aleeknews.com\/4l33k5\/wp-json\/wp\/v2\/media?parent=24259"}],"wp:term":[{"taxonomy":"category","embeddable":true,"href":"https:\/\/aleeknews.com\/4l33k5\/wp-json\/wp\/v2\/categories?post=24259"},{"taxonomy":"post_tag","embeddable":true,"href":"https:\/\/aleeknews.com\/4l33k5\/wp-json\/wp\/v2\/tags?post=24259"}],"curies":[{"name":"wp","href":"https:\/\/api.w.org\/{rel}","templated":true}]}}